
{"id":59557,"date":"2016-08-17T00:24:35","date_gmt":"2016-08-17T03:24:35","guid":{"rendered":"http:\/\/www.sudoestehoje.com.br\/novoportal\/?p=59557"},"modified":"2016-08-17T01:43:22","modified_gmt":"2016-08-17T04:43:22","slug":"eleicoes-camara-ficou-pequena-para-o-lancamento-da-campanha-de-rodrigo-e-renan","status":"publish","type":"post","link":"https:\/\/www.sudoestehoje.com.br\/novoportal\/2016\/08\/17\/eleicoes-camara-ficou-pequena-para-o-lancamento-da-campanha-de-rodrigo-e-renan\/","title":{"rendered":"ELEI\u00c7\u00d5ES: C\u00c2MARA FICOU PEQUENA PARA O LAN\u00c7AMENTO DA CAMPANHA DE RODRIGO E RENAN"},"content":{"rendered":"<p><a href=\"http:\/\/www.sudoestehoje.com.br\/novoportal\/wp-content\/uploads\/2016\/08\/RR-1.jpg\" rel=\"attachment wp-att-59567\"><img loading=\"lazy\" decoding=\"async\" class=\"aligncenter size-medium wp-image-59567\" src=\"http:\/\/www.sudoestehoje.com.br\/novoportal\/wp-content\/uploads\/2016\/08\/RR-1-500x300.jpg\" alt=\"RR 1\" width=\"500\" height=\"300\" srcset=\"https:\/\/www.sudoestehoje.com.br\/novoportal\/wp-content\/uploads\/2016\/08\/RR-1-500x300.jpg 500w, https:\/\/www.sudoestehoje.com.br\/novoportal\/wp-content\/uploads\/2016\/08\/RR-1-768x461.jpg 768w, https:\/\/www.sudoestehoje.com.br\/novoportal\/wp-content\/uploads\/2016\/08\/RR-1-700x420.jpg 700w, https:\/\/www.sudoestehoje.com.br\/novoportal\/wp-content\/uploads\/2016\/08\/RR-1.jpg 960w\" sizes=\"auto, (max-width: 500px) 100vw, 500px\" \/><\/a><\/p>\n<p>Uma reuni\u00e3o marcada para orientar os candidatos a vereador das coliga\u00e7\u00f5es que apoiam as candidaturas de Rodrigo Hagge e Renan Pereira, para prefeito e vice de Itapetinga, acabou se transformando em um grande ato pol\u00edtico e serviu como lan\u00e7amento da campanha da chapa PMDB\/DEM.<\/p>\n<p><a href=\"http:\/\/www.sudoestehoje.com.br\/novoportal\/wp-content\/uploads\/2016\/08\/r-1.jpg\" rel=\"attachment wp-att-59559\"><img loading=\"lazy\" decoding=\"async\" class=\"aligncenter size-medium wp-image-59559\" src=\"http:\/\/www.sudoestehoje.com.br\/novoportal\/wp-content\/uploads\/2016\/08\/r-1-500x300.jpg\" alt=\"r 1\" width=\"500\" height=\"300\" srcset=\"https:\/\/www.sudoestehoje.com.br\/novoportal\/wp-content\/uploads\/2016\/08\/r-1-500x300.jpg 500w, https:\/\/www.sudoestehoje.com.br\/novoportal\/wp-content\/uploads\/2016\/08\/r-1-768x461.jpg 768w, https:\/\/www.sudoestehoje.com.br\/novoportal\/wp-content\/uploads\/2016\/08\/r-1-700x420.jpg 700w, https:\/\/www.sudoestehoje.com.br\/novoportal\/wp-content\/uploads\/2016\/08\/r-1.jpg 960w\" sizes=\"auto, (max-width: 500px) 100vw, 500px\" \/><\/a><\/p>\n<p>O encontro foi no plen\u00e1rio Ulisses Guimar\u00e3es da C\u00e2mara Municipal, que ficou pequeno para a multid\u00e3o que se deslocou para o local, para apoiar e aplaudir os candidatos a prefeito, vice e vereador.<\/p>\n<p><a href=\"http:\/\/www.sudoestehoje.com.br\/novoportal\/wp-content\/uploads\/2016\/08\/r-3.jpg\" rel=\"attachment wp-att-59561\"><img loading=\"lazy\" decoding=\"async\" class=\"aligncenter size-medium wp-image-59561\" src=\"http:\/\/www.sudoestehoje.com.br\/novoportal\/wp-content\/uploads\/2016\/08\/r-3-500x300.jpg\" alt=\"r 3\" width=\"500\" height=\"300\" srcset=\"https:\/\/www.sudoestehoje.com.br\/novoportal\/wp-content\/uploads\/2016\/08\/r-3-500x300.jpg 500w, https:\/\/www.sudoestehoje.com.br\/novoportal\/wp-content\/uploads\/2016\/08\/r-3-768x461.jpg 768w, https:\/\/www.sudoestehoje.com.br\/novoportal\/wp-content\/uploads\/2016\/08\/r-3-700x420.jpg 700w, https:\/\/www.sudoestehoje.com.br\/novoportal\/wp-content\/uploads\/2016\/08\/r-3.jpg 960w\" sizes=\"auto, (max-width: 500px) 100vw, 500px\" \/><\/a><\/p>\n<p>Com a presen\u00e7a do l\u00edder pol\u00edtico Michel Hagge e de todos os presidentes das legendas que comp\u00f5em a coliga\u00e7\u00e3o, o ato pol\u00edtico mostrou a for\u00e7a do grupo e serviu como largada para a campanha que iniciou oficialmente nesta ter\u00e7a-feira (16).<\/p>\n<p><a href=\"http:\/\/www.sudoestehoje.com.br\/novoportal\/wp-content\/uploads\/2016\/08\/r-4.jpg\" rel=\"attachment wp-att-59560\"><img loading=\"lazy\" decoding=\"async\" class=\"aligncenter size-medium wp-image-59560\" src=\"http:\/\/www.sudoestehoje.com.br\/novoportal\/wp-content\/uploads\/2016\/08\/r-4-500x300.jpg\" alt=\"r 4\" width=\"500\" height=\"300\" srcset=\"https:\/\/www.sudoestehoje.com.br\/novoportal\/wp-content\/uploads\/2016\/08\/r-4-500x300.jpg 500w, https:\/\/www.sudoestehoje.com.br\/novoportal\/wp-content\/uploads\/2016\/08\/r-4-768x461.jpg 768w, https:\/\/www.sudoestehoje.com.br\/novoportal\/wp-content\/uploads\/2016\/08\/r-4-700x420.jpg 700w, https:\/\/www.sudoestehoje.com.br\/novoportal\/wp-content\/uploads\/2016\/08\/r-4.jpg 960w\" sizes=\"auto, (max-width: 500px) 100vw, 500px\" \/><\/a><\/p>\n<p>Discursaram todos os representantes dos partidos coligados, o ex-prefeito Michel Hagge, Renan Pereira e Rodrigo Hagge, que agradeceu o forte apoio que vem recebendo de todos os setores da popula\u00e7\u00e3o itapetinguense, principalmente de sua militantes, o que o coloca, neste in\u00edcio de campanha, como l\u00edder absoluto nas consultas de opini\u00e3o at\u00e9 aqui realizadas.<\/p>\n<p><a href=\"http:\/\/www.sudoestehoje.com.br\/novoportal\/wp-content\/uploads\/2016\/08\/r-5.jpg\" rel=\"attachment wp-att-59562\"><img loading=\"lazy\" decoding=\"async\" class=\"aligncenter size-medium wp-image-59562\" src=\"http:\/\/www.sudoestehoje.com.br\/novoportal\/wp-content\/uploads\/2016\/08\/r-5-500x300.jpg\" alt=\"r 5\" width=\"500\" height=\"300\" srcset=\"https:\/\/www.sudoestehoje.com.br\/novoportal\/wp-content\/uploads\/2016\/08\/r-5-500x300.jpg 500w, https:\/\/www.sudoestehoje.com.br\/novoportal\/wp-content\/uploads\/2016\/08\/r-5-768x461.jpg 768w, https:\/\/www.sudoestehoje.com.br\/novoportal\/wp-content\/uploads\/2016\/08\/r-5-700x420.jpg 700w, https:\/\/www.sudoestehoje.com.br\/novoportal\/wp-content\/uploads\/2016\/08\/r-5.jpg 960w\" sizes=\"auto, (max-width: 500px) 100vw, 500px\" \/><\/a><\/p>\n<p>Nesta quarta-feira (17), o grupo oposicionista come\u00e7a a sua caminhada rumo \u00e0s elei\u00e7\u00f5es de outubro, com um &#8216;corpo-a-corpo&#8217; no bairro Nova Itapetinga, a partir das 14h, saindo do Posto de Sa\u00fade Jos\u00e9 Luna, na Avenida Gerson Oliveira.<\/p>\n<p><strong><em><a href=\"http:\/\/www.sudoestehoje.com.br\/novoportal\/wp-content\/uploads\/2016\/08\/RR-2.jpg\" rel=\"attachment wp-att-59570\"><img loading=\"lazy\" decoding=\"async\" class=\"aligncenter size-medium wp-image-59570\" src=\"http:\/\/www.sudoestehoje.com.br\/novoportal\/wp-content\/uploads\/2016\/08\/RR-2-500x300.jpg\" alt=\"RR 2\" width=\"500\" height=\"300\" srcset=\"https:\/\/www.sudoestehoje.com.br\/novoportal\/wp-content\/uploads\/2016\/08\/RR-2-500x300.jpg 500w, https:\/\/www.sudoestehoje.com.br\/novoportal\/wp-content\/uploads\/2016\/08\/RR-2-768x461.jpg 768w, https:\/\/www.sudoestehoje.com.br\/novoportal\/wp-content\/uploads\/2016\/08\/RR-2-700x420.jpg 700w, https:\/\/www.sudoestehoje.com.br\/novoportal\/wp-content\/uploads\/2016\/08\/RR-2.jpg 960w\" sizes=\"auto, (max-width: 500px) 100vw, 500px\" \/><\/a>Ascom RR<\/em> <\/strong><\/p>\n<p><span style=\"text-decoration: underline;\"><span style=\"color: #0000ff; text-decoration: underline;\"><a style=\"color: #0000ff; text-decoration: underline;\" href=\"https:\/\/www.facebook.com\/photo.php?fbid=1093029580788442&amp;set=pcb.1093030787454988&amp;type=3&amp;theater\">FOTOS<\/a>\u00a01<\/span><\/span>\u00a0 \u00a0<span style=\"text-decoration: underline;\"><span style=\"color: #0000ff; text-decoration: underline;\"><a style=\"color: #0000ff; text-decoration: underline;\" href=\"https:\/\/www.facebook.com\/photo.php?fbid=1093034380787962&amp;set=pcb.1093036100787790&amp;type=3&amp;theater\">FOTOS<\/a>\u00a02\u00a0<\/span><\/span>\u00a0 \u00a0<span style=\"color: #0000ff;\"><a style=\"color: #0000ff; text-decoration: underline;\" href=\"https:\/\/www.facebook.com\/photo.php?fbid=1093024220788978&amp;set=pcb.1093025797455487&amp;type=3&amp;theater\">FOTOS 3<\/a>\u00a0 \u00a0<span style=\"text-decoration: underline;\"><a style=\"color: #0000ff; text-decoration: underline;\" href=\"https:\/\/www.facebook.com\/photo.php?fbid=1092980914126642&amp;set=pcb.1092982417459825&amp;type=3&amp;theater\">FOTOS 4<\/a><\/span><\/span><\/p>\n","protected":false},"excerpt":{"rendered":"<p>Uma reuni\u00e3o marcada para orientar os candidatos a vereador das coliga\u00e7\u00f5es que apoiam as candidaturas de Rodrigo Hagge e Renan Pereira, para prefeito e vice de Itapetinga, acabou se transformando em um grande ato pol\u00edtico e serviu como lan\u00e7amento da campanha da chapa PMDB\/DEM. O encontro foi no plen\u00e1rio Ulisses Guimar\u00e3es da C\u00e2mara Municipal, que [&hellip;]<\/p>\n","protected":false},"author":2,"featured_media":0,"comment_status":"open","ping_status":"open","sticky":false,"template":"","format":"standard","meta":{"footnotes":"","_links_to":"","_links_to_target":""},"categories":[1],"tags":[],"class_list":["post-59557","post","type-post","status-publish","format-standard","hentry","category-geral"],"views":1590,"_links":{"self":[{"href":"https:\/\/www.sudoestehoje.com.br\/novoportal\/wp-json\/wp\/v2\/posts\/59557","targetHints":{"allow":["GET"]}}],"collection":[{"href":"https:\/\/www.sudoestehoje.com.br\/novoportal\/wp-json\/wp\/v2\/posts"}],"about":[{"href":"https:\/\/www.sudoestehoje.com.br\/novoportal\/wp-json\/wp\/v2\/types\/post"}],"author":[{"embeddable":true,"href":"https:\/\/www.sudoestehoje.com.br\/novoportal\/wp-json\/wp\/v2\/users\/2"}],"replies":[{"embeddable":true,"href":"https:\/\/www.sudoestehoje.com.br\/novoportal\/wp-json\/wp\/v2\/comments?post=59557"}],"version-history":[{"count":8,"href":"https:\/\/www.sudoestehoje.com.br\/novoportal\/wp-json\/wp\/v2\/posts\/59557\/revisions"}],"predecessor-version":[{"id":59572,"href":"https:\/\/www.sudoestehoje.com.br\/novoportal\/wp-json\/wp\/v2\/posts\/59557\/revisions\/59572"}],"wp:attachment":[{"href":"https:\/\/www.sudoestehoje.com.br\/novoportal\/wp-json\/wp\/v2\/media?parent=59557"}],"wp:term":[{"taxonomy":"category","embeddable":true,"href":"https:\/\/www.sudoestehoje.com.br\/novoportal\/wp-json\/wp\/v2\/categories?post=59557"},{"taxonomy":"post_tag","embeddable":true,"href":"https:\/\/www.sudoestehoje.com.br\/novoportal\/wp-json\/wp\/v2\/tags?post=59557"}],"curies":[{"name":"wp","href":"https:\/\/api.w.org\/{rel}","templated":true}]}}