
{"id":59550,"date":"2016-08-16T22:46:38","date_gmt":"2016-08-17T01:46:38","guid":{"rendered":"http:\/\/www.sudoestehoje.com.br\/novoportal\/?p=59550"},"modified":"2016-08-16T22:54:31","modified_gmt":"2016-08-17T01:54:31","slug":"rio-2016-baiano-robson-conceicao-e-medalha-de-ouro-no-box","status":"publish","type":"post","link":"https:\/\/www.sudoestehoje.com.br\/novoportal\/2016\/08\/16\/rio-2016-baiano-robson-conceicao-e-medalha-de-ouro-no-box\/","title":{"rendered":"RIO 2016: BAIANO ROBSON CONCEI\u00c7\u00c3O \u00c9 MEDALHA DE OURO NO BOX"},"content":{"rendered":"<div id=\"attachment_59551\" style=\"width: 510px\" class=\"wp-caption aligncenter\"><a href=\"http:\/\/www.sudoestehoje.com.br\/novoportal\/wp-content\/uploads\/2016\/08\/robson-concei\u00e7\u00e3o.jpg\" rel=\"attachment wp-att-59551\"><img loading=\"lazy\" decoding=\"async\" aria-describedby=\"caption-attachment-59551\" class=\"size-medium wp-image-59551\" src=\"http:\/\/www.sudoestehoje.com.br\/novoportal\/wp-content\/uploads\/2016\/08\/robson-concei\u00e7\u00e3o-500x350.jpg\" alt=\"RJ - OLIMP\u00cdADA\/BOXE - ESPORTES - O lutador Robson Concei\u00e7\u00e3o (Vermelho), do Brasil durante o confronto com o franc\u00eas Sofiane Oumiha na final da categoria peso ligeiro (60 quilos) dos Jogos Ol\u00edmpicos Rio 2016, Riocentro no nesta ter\u00e7a-feira(16). Foto: Geraldo Bubniak\/AGB\" width=\"500\" height=\"350\" srcset=\"https:\/\/www.sudoestehoje.com.br\/novoportal\/wp-content\/uploads\/2016\/08\/robson-concei\u00e7\u00e3o-500x350.jpg 500w, https:\/\/www.sudoestehoje.com.br\/novoportal\/wp-content\/uploads\/2016\/08\/robson-concei\u00e7\u00e3o.jpg 600w\" sizes=\"auto, (max-width: 500px) 100vw, 500px\" \/><\/a><p id=\"caption-attachment-59551\" class=\"wp-caption-text\"><strong>O lutador Robson Concei\u00e7\u00e3o (Vermelho), do Brasil durante o confronto com o franc\u00eas Sofiane Oumiha na final da categoria peso ligeiro (60 quilos) dos Jogos Ol\u00edmpicos Rio 2016, Riocentro no nesta ter\u00e7a-feira(16).<\/strong><\/p><\/div>\n<p>&nbsp;<\/p>\n<p>Com show de esquiva, o baiano Robson Concei\u00e7\u00e3o conquistou a medalha de ouro para o Brasil,\u00a0na categoria peso-leve, at\u00e9 60kg, nos Jogos Ol\u00edmpicos Rio 2016, na noite desta ter\u00e7a-feira (16).<\/p>\n<p>O lutador venceu o franc\u00eas\u00a0Sofiane Oumiha por decis\u00e3o un\u00e2nime\u00a0e\u00a0conquistou a primeira medalha de ouro do Brasil na modalidade.<\/p>\n<p><span style=\"text-decoration: underline;\"><span style=\"color: #0000ff;\"><em><a style=\"color: #0000ff; text-decoration: underline;\" href=\"https:\/\/www.google.com.br\/webhp?sourceid=chrome-instant&amp;ion=1&amp;espv=2&amp;ie=UTF-8#q=quadro%20de%20medalhas%20rio%202016&amp;mie=oly%2C%5B%22%2Fm%2F03tnk7%22%2C1%2C%22m%22%2C1%2Cnull%2Cnull%2Cnull%2Cnull%2Cnull%2Cnull%2Cnull%2Cnull%2Cnull%2Cnull%2Cnull%2Cnull%2Cnull%2Cnull%2Cnull%2C0%5D\">CLIQUE AQUI E CONFIRA O QUADRO DE MEDALHAS<\/a><\/em><\/span><\/span><\/p>\n","protected":false},"excerpt":{"rendered":"<p>&nbsp; Com show de esquiva, o baiano Robson Concei\u00e7\u00e3o conquistou a medalha de ouro para o Brasil,\u00a0na categoria peso-leve, at\u00e9 60kg, nos Jogos Ol\u00edmpicos Rio 2016, na noite desta ter\u00e7a-feira (16). O lutador venceu o franc\u00eas\u00a0Sofiane Oumiha por decis\u00e3o un\u00e2nime\u00a0e\u00a0conquistou a primeira medalha de ouro do Brasil na modalidade. CLIQUE AQUI E CONFIRA O QUADRO [&hellip;]<\/p>\n","protected":false},"author":2,"featured_media":0,"comment_status":"open","ping_status":"open","sticky":false,"template":"","format":"standard","meta":{"footnotes":"","_links_to":"","_links_to_target":""},"categories":[1],"tags":[],"class_list":["post-59550","post","type-post","status-publish","format-standard","hentry","category-geral"],"views":2221,"_links":{"self":[{"href":"https:\/\/www.sudoestehoje.com.br\/novoportal\/wp-json\/wp\/v2\/posts\/59550","targetHints":{"allow":["GET"]}}],"collection":[{"href":"https:\/\/www.sudoestehoje.com.br\/novoportal\/wp-json\/wp\/v2\/posts"}],"about":[{"href":"https:\/\/www.sudoestehoje.com.br\/novoportal\/wp-json\/wp\/v2\/types\/post"}],"author":[{"embeddable":true,"href":"https:\/\/www.sudoestehoje.com.br\/novoportal\/wp-json\/wp\/v2\/users\/2"}],"replies":[{"embeddable":true,"href":"https:\/\/www.sudoestehoje.com.br\/novoportal\/wp-json\/wp\/v2\/comments?post=59550"}],"version-history":[{"count":4,"href":"https:\/\/www.sudoestehoje.com.br\/novoportal\/wp-json\/wp\/v2\/posts\/59550\/revisions"}],"predecessor-version":[{"id":59556,"href":"https:\/\/www.sudoestehoje.com.br\/novoportal\/wp-json\/wp\/v2\/posts\/59550\/revisions\/59556"}],"wp:attachment":[{"href":"https:\/\/www.sudoestehoje.com.br\/novoportal\/wp-json\/wp\/v2\/media?parent=59550"}],"wp:term":[{"taxonomy":"category","embeddable":true,"href":"https:\/\/www.sudoestehoje.com.br\/novoportal\/wp-json\/wp\/v2\/categories?post=59550"},{"taxonomy":"post_tag","embeddable":true,"href":"https:\/\/www.sudoestehoje.com.br\/novoportal\/wp-json\/wp\/v2\/tags?post=59550"}],"curies":[{"name":"wp","href":"https:\/\/api.w.org\/{rel}","templated":true}]}}