
{"id":59547,"date":"2016-08-16T10:02:52","date_gmt":"2016-08-16T13:02:52","guid":{"rendered":"http:\/\/www.sudoestehoje.com.br\/novoportal\/?p=59547"},"modified":"2016-08-16T10:02:52","modified_gmt":"2016-08-16T13:02:52","slug":"morre-aos-71-anos-a-artista-elke-maravilha","status":"publish","type":"post","link":"https:\/\/www.sudoestehoje.com.br\/novoportal\/2016\/08\/16\/morre-aos-71-anos-a-artista-elke-maravilha\/","title":{"rendered":"MORRE, AOS 71 ANOS, A ARTISTA ELKE MARAVILHA"},"content":{"rendered":"<p><a href=\"http:\/\/www.sudoestehoje.com.br\/novoportal\/wp-content\/uploads\/2016\/08\/ELKE.jpg\" rel=\"attachment wp-att-59548\"><img loading=\"lazy\" decoding=\"async\" class=\"aligncenter  wp-image-59548\" src=\"http:\/\/www.sudoestehoje.com.br\/novoportal\/wp-content\/uploads\/2016\/08\/ELKE.jpg\" alt=\"ELKE\" width=\"500\" height=\"335\" \/><\/a><\/p>\n<p>Morreu no Rio de Janeiro, no in\u00edcio da madrugada desta ter\u00e7a-feira (16), a atriz <span class=\"premium-tip\">Elke Maravilha<\/span>, aos 71 anos. Ela estava internada na Casa de Sa\u00fade Pinheiro Machado, em Laranjeiras, na Zona Sul do Rio, desde o dia 20 de junho.<\/p>\n<p>O irm\u00e3o de Elke, Frederico, disse que ela foi operada de uma \u00falcera e ficou em coma induzido. A atriz morreu por volta de 1h.<\/p>\n<p>&#8220;Depois da cirurgia para tratar uma \u00falcera, e como ela tinha diabetes, acabou n\u00e3o respondendo \u00e0 medica\u00e7\u00e3o&#8221;, contou Frederico em entrevista ao EGO.<\/p>\n<p>A fam\u00edlia ainda n\u00e3o definiu data e local do vel\u00f3rio e sepultamento, que n\u00e3o devem ocorrer nesta ter\u00e7a.<\/p>\n","protected":false},"excerpt":{"rendered":"<p>Morreu no Rio de Janeiro, no in\u00edcio da madrugada desta ter\u00e7a-feira (16), a atriz Elke Maravilha, aos 71 anos. Ela estava internada na Casa de Sa\u00fade Pinheiro Machado, em Laranjeiras, na Zona Sul do Rio, desde o dia 20 de junho. O irm\u00e3o de Elke, Frederico, disse que ela foi operada de uma \u00falcera e [&hellip;]<\/p>\n","protected":false},"author":2,"featured_media":0,"comment_status":"open","ping_status":"open","sticky":false,"template":"","format":"standard","meta":{"footnotes":"","_links_to":"","_links_to_target":""},"categories":[1],"tags":[],"class_list":["post-59547","post","type-post","status-publish","format-standard","hentry","category-geral"],"views":1312,"_links":{"self":[{"href":"https:\/\/www.sudoestehoje.com.br\/novoportal\/wp-json\/wp\/v2\/posts\/59547","targetHints":{"allow":["GET"]}}],"collection":[{"href":"https:\/\/www.sudoestehoje.com.br\/novoportal\/wp-json\/wp\/v2\/posts"}],"about":[{"href":"https:\/\/www.sudoestehoje.com.br\/novoportal\/wp-json\/wp\/v2\/types\/post"}],"author":[{"embeddable":true,"href":"https:\/\/www.sudoestehoje.com.br\/novoportal\/wp-json\/wp\/v2\/users\/2"}],"replies":[{"embeddable":true,"href":"https:\/\/www.sudoestehoje.com.br\/novoportal\/wp-json\/wp\/v2\/comments?post=59547"}],"version-history":[{"count":1,"href":"https:\/\/www.sudoestehoje.com.br\/novoportal\/wp-json\/wp\/v2\/posts\/59547\/revisions"}],"predecessor-version":[{"id":59549,"href":"https:\/\/www.sudoestehoje.com.br\/novoportal\/wp-json\/wp\/v2\/posts\/59547\/revisions\/59549"}],"wp:attachment":[{"href":"https:\/\/www.sudoestehoje.com.br\/novoportal\/wp-json\/wp\/v2\/media?parent=59547"}],"wp:term":[{"taxonomy":"category","embeddable":true,"href":"https:\/\/www.sudoestehoje.com.br\/novoportal\/wp-json\/wp\/v2\/categories?post=59547"},{"taxonomy":"post_tag","embeddable":true,"href":"https:\/\/www.sudoestehoje.com.br\/novoportal\/wp-json\/wp\/v2\/tags?post=59547"}],"curies":[{"name":"wp","href":"https:\/\/api.w.org\/{rel}","templated":true}]}}