
{"id":59516,"date":"2016-08-15T01:05:46","date_gmt":"2016-08-15T04:05:46","guid":{"rendered":"http:\/\/www.sudoestehoje.com.br\/novoportal\/?p=59516"},"modified":"2016-08-15T08:31:09","modified_gmt":"2016-08-15T11:31:09","slug":"eleicao-candidatura-de-adriana-lemos-a-vereadora-recebe-forte-apoio-da-populacao","status":"publish","type":"post","link":"https:\/\/www.sudoestehoje.com.br\/novoportal\/2016\/08\/15\/eleicao-candidatura-de-adriana-lemos-a-vereadora-recebe-forte-apoio-da-populacao\/","title":{"rendered":"ELEI\u00c7\u00c3O: CANDIDATURA DE ADRIANA LEMOS \u00c0 VEREADORA RECEBE FORTE APOIO DA POPULA\u00c7\u00c3O"},"content":{"rendered":"<p><a href=\"http:\/\/www.sudoestehoje.com.br\/novoportal\/wp-content\/uploads\/2016\/08\/adiana-1-1.jpg\" rel=\"attachment wp-att-59500\"><img loading=\"lazy\" decoding=\"async\" class=\"aligncenter size-medium wp-image-59500\" src=\"http:\/\/www.sudoestehoje.com.br\/novoportal\/wp-content\/uploads\/2016\/08\/adiana-1-1-500x490.jpg\" alt=\"adiana 1\" width=\"500\" height=\"490\" srcset=\"https:\/\/www.sudoestehoje.com.br\/novoportal\/wp-content\/uploads\/2016\/08\/adiana-1-1-500x490.jpg 500w, https:\/\/www.sudoestehoje.com.br\/novoportal\/wp-content\/uploads\/2016\/08\/adiana-1-1-768x753.jpg 768w, https:\/\/www.sudoestehoje.com.br\/novoportal\/wp-content\/uploads\/2016\/08\/adiana-1-1-700x686.jpg 700w, https:\/\/www.sudoestehoje.com.br\/novoportal\/wp-content\/uploads\/2016\/08\/adiana-1-1.jpg 960w\" sizes=\"auto, (max-width: 500px) 100vw, 500px\" \/><\/a><\/p>\n<p>Depois da \u00a0homologa\u00e7\u00e3o da sua candidatura a vereadora pelo PSD, a enfermeira Adriana Lemos vem recebendo total apoio da comunidade, e j\u00e1 desponta como uma grata surpresa nestas elei\u00e7\u00f5es.<\/p>\n<p><a href=\"http:\/\/www.sudoestehoje.com.br\/novoportal\/wp-content\/uploads\/2016\/08\/adriana-2-1.jpg\" rel=\"attachment wp-att-59518\"><img loading=\"lazy\" decoding=\"async\" class=\"aligncenter size-medium wp-image-59518\" src=\"http:\/\/www.sudoestehoje.com.br\/novoportal\/wp-content\/uploads\/2016\/08\/adriana-2-1-500x281.jpg\" alt=\"adriana 2\" width=\"500\" height=\"281\" srcset=\"https:\/\/www.sudoestehoje.com.br\/novoportal\/wp-content\/uploads\/2016\/08\/adriana-2-1-500x281.jpg 500w, https:\/\/www.sudoestehoje.com.br\/novoportal\/wp-content\/uploads\/2016\/08\/adriana-2-1-768x432.jpg 768w, https:\/\/www.sudoestehoje.com.br\/novoportal\/wp-content\/uploads\/2016\/08\/adriana-2-1-700x394.jpg 700w, https:\/\/www.sudoestehoje.com.br\/novoportal\/wp-content\/uploads\/2016\/08\/adriana-2-1.jpg 960w\" sizes=\"auto, (max-width: 500px) 100vw, 500px\" \/><\/a><\/p>\n<p>Adriana vem com propostas de reafirmar o papel da mulher no legislativo, usando a sua experi\u00eancia profissional para fiscalizar, avaliar e realizar as den\u00fancias pertinentes as incoer\u00eancias que por ventura venham ser percebidas na administra\u00e7\u00e3o.<\/p>\n<p><a href=\"http:\/\/www.sudoestehoje.com.br\/novoportal\/wp-content\/uploads\/2016\/08\/adriana-4.jpg\" rel=\"attachment wp-att-59503\"><img loading=\"lazy\" decoding=\"async\" class=\"aligncenter size-medium wp-image-59503\" src=\"http:\/\/www.sudoestehoje.com.br\/novoportal\/wp-content\/uploads\/2016\/08\/adriana-4-500x281.jpg\" alt=\"adriana 4\" width=\"500\" height=\"281\" srcset=\"https:\/\/www.sudoestehoje.com.br\/novoportal\/wp-content\/uploads\/2016\/08\/adriana-4-500x281.jpg 500w, https:\/\/www.sudoestehoje.com.br\/novoportal\/wp-content\/uploads\/2016\/08\/adriana-4-768x432.jpg 768w, https:\/\/www.sudoestehoje.com.br\/novoportal\/wp-content\/uploads\/2016\/08\/adriana-4-700x394.jpg 700w, https:\/\/www.sudoestehoje.com.br\/novoportal\/wp-content\/uploads\/2016\/08\/adriana-4.jpg 960w\" sizes=\"auto, (max-width: 500px) 100vw, 500px\" \/><\/a><\/p>\n<p>A sua campanha vem crescendo e o n\u00famero de apoiadores s\u00f3 aumenta, sendo recepcionada com carinho pela popula\u00e7\u00e3o. Adriana Lemos esteve \u00e0 frente da secretaria de sa\u00fade de Itapetinga no per\u00edodo que o vice-prefeito Al\u00e9cio Chaves esteve como prefeito, e na oportunidade demostrou dinamismo e compet\u00eancia.<\/p>\n<p><a href=\"http:\/\/www.sudoestehoje.com.br\/novoportal\/wp-content\/uploads\/2016\/08\/adriana-3.jpg\" rel=\"attachment wp-att-59502\"><img loading=\"lazy\" decoding=\"async\" class=\"aligncenter size-medium wp-image-59502\" src=\"http:\/\/www.sudoestehoje.com.br\/novoportal\/wp-content\/uploads\/2016\/08\/adriana-3-500x281.jpg\" alt=\"adriana 3\" width=\"500\" height=\"281\" srcset=\"https:\/\/www.sudoestehoje.com.br\/novoportal\/wp-content\/uploads\/2016\/08\/adriana-3-500x281.jpg 500w, https:\/\/www.sudoestehoje.com.br\/novoportal\/wp-content\/uploads\/2016\/08\/adriana-3-768x432.jpg 768w, https:\/\/www.sudoestehoje.com.br\/novoportal\/wp-content\/uploads\/2016\/08\/adriana-3-700x394.jpg 700w, https:\/\/www.sudoestehoje.com.br\/novoportal\/wp-content\/uploads\/2016\/08\/adriana-3.jpg 960w\" sizes=\"auto, (max-width: 500px) 100vw, 500px\" \/><\/a><\/p>\n<p>Filha do saudoso Ant\u00f4nio Lemos (Tonhe do Fumo), Adriana vem demonstrando a for\u00e7a da mulher Itapetinguense e no PSD refor\u00e7a o apoio ao professor Al\u00e9cio Chaves para prefeito e Miraldo Mota para vice. <strong><em>Ascom<\/em><\/strong><\/p>\n<p><img loading=\"lazy\" decoding=\"async\" class=\"aligncenter\" src=\"http:\/\/www.sudoestehoje.com.br\/novoportal\/wp-content\/uploads\/2014\/11\/Logomarca-HB-Sementes-500x134.jpg\" alt=\"Logomarca HB Sementes\" width=\"504\" height=\"135\" \/><\/p>\n","protected":false},"excerpt":{"rendered":"<p>Depois da \u00a0homologa\u00e7\u00e3o da sua candidatura a vereadora pelo PSD, a enfermeira Adriana Lemos vem recebendo total apoio da comunidade, e j\u00e1 desponta como uma grata surpresa nestas elei\u00e7\u00f5es. Adriana vem com propostas de reafirmar o papel da mulher no legislativo, usando a sua experi\u00eancia profissional para fiscalizar, avaliar e realizar as den\u00fancias pertinentes as [&hellip;]<\/p>\n","protected":false},"author":2,"featured_media":0,"comment_status":"open","ping_status":"open","sticky":false,"template":"","format":"standard","meta":{"footnotes":"","_links_to":"","_links_to_target":""},"categories":[1],"tags":[],"class_list":["post-59516","post","type-post","status-publish","format-standard","hentry","category-geral"],"views":2444,"_links":{"self":[{"href":"https:\/\/www.sudoestehoje.com.br\/novoportal\/wp-json\/wp\/v2\/posts\/59516","targetHints":{"allow":["GET"]}}],"collection":[{"href":"https:\/\/www.sudoestehoje.com.br\/novoportal\/wp-json\/wp\/v2\/posts"}],"about":[{"href":"https:\/\/www.sudoestehoje.com.br\/novoportal\/wp-json\/wp\/v2\/types\/post"}],"author":[{"embeddable":true,"href":"https:\/\/www.sudoestehoje.com.br\/novoportal\/wp-json\/wp\/v2\/users\/2"}],"replies":[{"embeddable":true,"href":"https:\/\/www.sudoestehoje.com.br\/novoportal\/wp-json\/wp\/v2\/comments?post=59516"}],"version-history":[{"count":5,"href":"https:\/\/www.sudoestehoje.com.br\/novoportal\/wp-json\/wp\/v2\/posts\/59516\/revisions"}],"predecessor-version":[{"id":59523,"href":"https:\/\/www.sudoestehoje.com.br\/novoportal\/wp-json\/wp\/v2\/posts\/59516\/revisions\/59523"}],"wp:attachment":[{"href":"https:\/\/www.sudoestehoje.com.br\/novoportal\/wp-json\/wp\/v2\/media?parent=59516"}],"wp:term":[{"taxonomy":"category","embeddable":true,"href":"https:\/\/www.sudoestehoje.com.br\/novoportal\/wp-json\/wp\/v2\/categories?post=59516"},{"taxonomy":"post_tag","embeddable":true,"href":"https:\/\/www.sudoestehoje.com.br\/novoportal\/wp-json\/wp\/v2\/tags?post=59516"}],"curies":[{"name":"wp","href":"https:\/\/api.w.org\/{rel}","templated":true}]}}