
{"id":59497,"date":"2016-08-14T23:27:27","date_gmt":"2016-08-15T02:27:27","guid":{"rendered":"http:\/\/www.sudoestehoje.com.br\/novoportal\/?p=59497"},"modified":"2016-08-15T00:30:09","modified_gmt":"2016-08-15T03:30:09","slug":"eleicoes-rodrigo-hagge-teve-agenda-concorrida-no-final-de-semana","status":"publish","type":"post","link":"https:\/\/www.sudoestehoje.com.br\/novoportal\/2016\/08\/14\/eleicoes-rodrigo-hagge-teve-agenda-concorrida-no-final-de-semana\/","title":{"rendered":"ELEI\u00c7\u00d5ES: RODRIGO HAGGE TEVE AGENDA CONCORRIDA NO FINAL DE SEMANA"},"content":{"rendered":"<p><a href=\"http:\/\/www.sudoestehoje.com.br\/novoportal\/wp-content\/uploads\/2016\/08\/gab-1.jpg\" rel=\"attachment wp-att-59508\"><img loading=\"lazy\" decoding=\"async\" class=\"aligncenter size-medium wp-image-59508\" src=\"http:\/\/www.sudoestehoje.com.br\/novoportal\/wp-content\/uploads\/2016\/08\/gab-1-500x281.jpg\" alt=\"gab 1\" width=\"500\" height=\"281\" srcset=\"https:\/\/www.sudoestehoje.com.br\/novoportal\/wp-content\/uploads\/2016\/08\/gab-1-500x281.jpg 500w, https:\/\/www.sudoestehoje.com.br\/novoportal\/wp-content\/uploads\/2016\/08\/gab-1-768x432.jpg 768w, https:\/\/www.sudoestehoje.com.br\/novoportal\/wp-content\/uploads\/2016\/08\/gab-1-700x394.jpg 700w, https:\/\/www.sudoestehoje.com.br\/novoportal\/wp-content\/uploads\/2016\/08\/gab-1.jpg 960w\" sizes=\"auto, (max-width: 500px) 100vw, 500px\" \/><\/a><\/p>\n<p>Os candidatos da oposi\u00e7\u00e3o, Rodrigo Hagge e Renan Pereira, tiveram mais um fim de semana cheio de compromissos pol\u00edticos. Na manh\u00e3 do s\u00e1bado, foram entrevistados no programa De Olho na Semana, do comunicador Jai Oliveira, na Vida Nova FM. Logo em seguida, participaram de um caf\u00e9 da manh\u00e3 organizado pelo candidato a vereador Jos\u00e9 Rodrigues, o Z\u00e9 Baixinho, no Espa\u00e7o Gospel, no bairro Clodoaldo Costa.<\/p>\n<p><a href=\"http:\/\/www.sudoestehoje.com.br\/novoportal\/wp-content\/uploads\/2016\/08\/gab-4.jpg\" rel=\"attachment wp-att-59509\"><img loading=\"lazy\" decoding=\"async\" class=\"aligncenter size-medium wp-image-59509\" src=\"http:\/\/www.sudoestehoje.com.br\/novoportal\/wp-content\/uploads\/2016\/08\/gab-4-500x281.jpg\" alt=\"gab 4\" width=\"500\" height=\"281\" srcset=\"https:\/\/www.sudoestehoje.com.br\/novoportal\/wp-content\/uploads\/2016\/08\/gab-4-500x281.jpg 500w, https:\/\/www.sudoestehoje.com.br\/novoportal\/wp-content\/uploads\/2016\/08\/gab-4-768x431.jpg 768w, https:\/\/www.sudoestehoje.com.br\/novoportal\/wp-content\/uploads\/2016\/08\/gab-4-700x393.jpg 700w, https:\/\/www.sudoestehoje.com.br\/novoportal\/wp-content\/uploads\/2016\/08\/gab-4.jpg 960w\" sizes=\"auto, (max-width: 500px) 100vw, 500px\" \/><\/a><\/p>\n<p>Logo depois, Rodrigo foi homenageado pela Juventude Gabiraba, que lhe preparou uma surpresa para comemorar seu anivers\u00e1rio.<\/p>\n<p><a href=\"http:\/\/www.sudoestehoje.com.br\/novoportal\/wp-content\/uploads\/2016\/08\/gab-5.jpg\" rel=\"attachment wp-att-59510\"><img loading=\"lazy\" decoding=\"async\" class=\"aligncenter size-medium wp-image-59510\" src=\"http:\/\/www.sudoestehoje.com.br\/novoportal\/wp-content\/uploads\/2016\/08\/gab-5-500x281.jpg\" alt=\"gab 5\" width=\"500\" height=\"281\" srcset=\"https:\/\/www.sudoestehoje.com.br\/novoportal\/wp-content\/uploads\/2016\/08\/gab-5-500x281.jpg 500w, https:\/\/www.sudoestehoje.com.br\/novoportal\/wp-content\/uploads\/2016\/08\/gab-5-768x431.jpg 768w, https:\/\/www.sudoestehoje.com.br\/novoportal\/wp-content\/uploads\/2016\/08\/gab-5-700x393.jpg 700w, https:\/\/www.sudoestehoje.com.br\/novoportal\/wp-content\/uploads\/2016\/08\/gab-5.jpg 960w\" sizes=\"auto, (max-width: 500px) 100vw, 500px\" \/><\/a><\/p>\n<p>E no domingo a dupla RR n\u00e3o parou: logo cedo participou de um encontro promovido pelo vereador Jo\u00e3o de Deus, com pacientes de fisioterapia, que recebem uma aten\u00e7\u00e3o especial do vereador peemedebista, atrav\u00e9s do Socorro do Jo\u00e3o.<\/p>\n<p><a href=\"http:\/\/www.sudoestehoje.com.br\/novoportal\/wp-content\/uploads\/2016\/08\/gab-2.jpg\" rel=\"attachment wp-att-59511\"><img loading=\"lazy\" decoding=\"async\" class=\"aligncenter size-medium wp-image-59511\" src=\"http:\/\/www.sudoestehoje.com.br\/novoportal\/wp-content\/uploads\/2016\/08\/gab-2-500x281.jpg\" alt=\"gab 2\" width=\"500\" height=\"281\" srcset=\"https:\/\/www.sudoestehoje.com.br\/novoportal\/wp-content\/uploads\/2016\/08\/gab-2-500x281.jpg 500w, https:\/\/www.sudoestehoje.com.br\/novoportal\/wp-content\/uploads\/2016\/08\/gab-2-768x432.jpg 768w, https:\/\/www.sudoestehoje.com.br\/novoportal\/wp-content\/uploads\/2016\/08\/gab-2-700x394.jpg 700w, https:\/\/www.sudoestehoje.com.br\/novoportal\/wp-content\/uploads\/2016\/08\/gab-2.jpg 960w\" sizes=\"auto, (max-width: 500px) 100vw, 500px\" \/><\/a><\/p>\n<p>&#8220;Foi interessante ouvir o depoimento dessas pessoas que recebem esta importante m\u00e3o amiga de Jo\u00e3o de Deus, um vereador que orgulha o PMDB e que faz um trabalho social invej\u00e1vel, desempenhando um servi\u00e7o que deveria ser de obriga\u00e7\u00e3o da Secretaria de Sa\u00fade do munic\u00edpio&#8221;, disse Rodrigo.<\/p>\n<p><a href=\"http:\/\/www.sudoestehoje.com.br\/novoportal\/wp-content\/uploads\/2016\/08\/gab-3.jpg\" rel=\"attachment wp-att-59512\"><img loading=\"lazy\" decoding=\"async\" class=\"aligncenter size-medium wp-image-59512\" src=\"http:\/\/www.sudoestehoje.com.br\/novoportal\/wp-content\/uploads\/2016\/08\/gab-3-500x281.jpg\" alt=\"gab 3\" width=\"500\" height=\"281\" srcset=\"https:\/\/www.sudoestehoje.com.br\/novoportal\/wp-content\/uploads\/2016\/08\/gab-3-500x281.jpg 500w, https:\/\/www.sudoestehoje.com.br\/novoportal\/wp-content\/uploads\/2016\/08\/gab-3-768x432.jpg 768w, https:\/\/www.sudoestehoje.com.br\/novoportal\/wp-content\/uploads\/2016\/08\/gab-3-700x394.jpg 700w, https:\/\/www.sudoestehoje.com.br\/novoportal\/wp-content\/uploads\/2016\/08\/gab-3.jpg 960w\" sizes=\"auto, (max-width: 500px) 100vw, 500px\" \/><\/a><\/p>\n<p>Em companhia de Naara Duarte e outros apoiadores, Rodrigo esteve ainda no campo de futebol do Hilda Gama, onde foi recebido com muita alegria pelos desportistas.<\/p>\n<p><a href=\"http:\/\/www.sudoestehoje.com.br\/novoportal\/wp-content\/uploads\/2016\/08\/gab-6.jpg\" rel=\"attachment wp-att-59513\"><img loading=\"lazy\" decoding=\"async\" class=\"aligncenter size-medium wp-image-59513\" src=\"http:\/\/www.sudoestehoje.com.br\/novoportal\/wp-content\/uploads\/2016\/08\/gab-6-500x281.jpg\" alt=\"gab 6\" width=\"500\" height=\"281\" srcset=\"https:\/\/www.sudoestehoje.com.br\/novoportal\/wp-content\/uploads\/2016\/08\/gab-6-500x281.jpg 500w, https:\/\/www.sudoestehoje.com.br\/novoportal\/wp-content\/uploads\/2016\/08\/gab-6-768x432.jpg 768w, https:\/\/www.sudoestehoje.com.br\/novoportal\/wp-content\/uploads\/2016\/08\/gab-6-700x394.jpg 700w, https:\/\/www.sudoestehoje.com.br\/novoportal\/wp-content\/uploads\/2016\/08\/gab-6.jpg 960w\" sizes=\"auto, (max-width: 500px) 100vw, 500px\" \/><\/a><\/p>\n<p>A parte da tarde, depois de visita a moradores da Ecosane, ele dedicou a um momento especial com o.pai Manoel Ribeiro Costa e o av\u00f4 Michel Hagge. &#8220;Aproveito para agradecer as homenagens e mensagens pela ocasi\u00e3o de meu anivers\u00e1rio, bem como para abra\u00e7ar a todos os pais desta nossa Itapetinga&#8221;, disse Hagge. <strong><em>Ascom RR<\/em><\/strong><\/p>\n<p><img decoding=\"async\" class=\"aligncenter\" src=\"http:\/\/www.sudoestehoje.com.br\/novoportal\/wp-content\/uploads\/2015\/07\/%C3%93TICA-ITAPUAN-BANNER1-500x179.jpg\" alt=\"\u00d3TICA-ITAPUAN-BANNER1\" \/><\/p>\n","protected":false},"excerpt":{"rendered":"<p>Os candidatos da oposi\u00e7\u00e3o, Rodrigo Hagge e Renan Pereira, tiveram mais um fim de semana cheio de compromissos pol\u00edticos. Na manh\u00e3 do s\u00e1bado, foram entrevistados no programa De Olho na Semana, do comunicador Jai Oliveira, na Vida Nova FM. Logo em seguida, participaram de um caf\u00e9 da manh\u00e3 organizado pelo candidato a vereador Jos\u00e9 Rodrigues, [&hellip;]<\/p>\n","protected":false},"author":2,"featured_media":0,"comment_status":"open","ping_status":"open","sticky":false,"template":"","format":"standard","meta":{"footnotes":"","_links_to":"","_links_to_target":""},"categories":[1],"tags":[],"class_list":["post-59497","post","type-post","status-publish","format-standard","hentry","category-geral"],"views":1735,"_links":{"self":[{"href":"https:\/\/www.sudoestehoje.com.br\/novoportal\/wp-json\/wp\/v2\/posts\/59497","targetHints":{"allow":["GET"]}}],"collection":[{"href":"https:\/\/www.sudoestehoje.com.br\/novoportal\/wp-json\/wp\/v2\/posts"}],"about":[{"href":"https:\/\/www.sudoestehoje.com.br\/novoportal\/wp-json\/wp\/v2\/types\/post"}],"author":[{"embeddable":true,"href":"https:\/\/www.sudoestehoje.com.br\/novoportal\/wp-json\/wp\/v2\/users\/2"}],"replies":[{"embeddable":true,"href":"https:\/\/www.sudoestehoje.com.br\/novoportal\/wp-json\/wp\/v2\/comments?post=59497"}],"version-history":[{"count":6,"href":"https:\/\/www.sudoestehoje.com.br\/novoportal\/wp-json\/wp\/v2\/posts\/59497\/revisions"}],"predecessor-version":[{"id":59515,"href":"https:\/\/www.sudoestehoje.com.br\/novoportal\/wp-json\/wp\/v2\/posts\/59497\/revisions\/59515"}],"wp:attachment":[{"href":"https:\/\/www.sudoestehoje.com.br\/novoportal\/wp-json\/wp\/v2\/media?parent=59497"}],"wp:term":[{"taxonomy":"category","embeddable":true,"href":"https:\/\/www.sudoestehoje.com.br\/novoportal\/wp-json\/wp\/v2\/categories?post=59497"},{"taxonomy":"post_tag","embeddable":true,"href":"https:\/\/www.sudoestehoje.com.br\/novoportal\/wp-json\/wp\/v2\/tags?post=59497"}],"curies":[{"name":"wp","href":"https:\/\/api.w.org\/{rel}","templated":true}]}}