
{"id":59488,"date":"2016-08-14T21:09:19","date_gmt":"2016-08-15T00:09:19","guid":{"rendered":"http:\/\/www.sudoestehoje.com.br\/novoportal\/?p=59488"},"modified":"2016-08-14T21:09:19","modified_gmt":"2016-08-15T00:09:19","slug":"eleicoes-resumo-da-semana-dos-candidatos-adriano-alcantara-e-henrique-brugni","status":"publish","type":"post","link":"https:\/\/www.sudoestehoje.com.br\/novoportal\/2016\/08\/14\/eleicoes-resumo-da-semana-dos-candidatos-adriano-alcantara-e-henrique-brugni\/","title":{"rendered":"ELEI\u00c7\u00d5ES: RESUMO DA SEMANA DOS CANDIDATOS ADRIANO ALC\u00c2NTARA E HENRIQUE BRUGNI"},"content":{"rendered":"<p><a href=\"http:\/\/www.sudoestehoje.com.br\/novoportal\/wp-content\/uploads\/2016\/08\/001.jpeg\" rel=\"attachment wp-att-59489\"><img loading=\"lazy\" decoding=\"async\" class=\"aligncenter size-medium wp-image-59489\" src=\"http:\/\/www.sudoestehoje.com.br\/novoportal\/wp-content\/uploads\/2016\/08\/001-500x375.jpeg\" alt=\"001\" width=\"500\" height=\"375\" srcset=\"https:\/\/www.sudoestehoje.com.br\/novoportal\/wp-content\/uploads\/2016\/08\/001-500x375.jpeg 500w, https:\/\/www.sudoestehoje.com.br\/novoportal\/wp-content\/uploads\/2016\/08\/001-768x576.jpeg 768w, https:\/\/www.sudoestehoje.com.br\/novoportal\/wp-content\/uploads\/2016\/08\/001-700x525.jpeg 700w, https:\/\/www.sudoestehoje.com.br\/novoportal\/wp-content\/uploads\/2016\/08\/001.jpeg 1280w\" sizes=\"auto, (max-width: 500px) 100vw, 500px\" \/><\/a><\/p>\n<p>Seguindo no firme prop\u00f3sito de levar esperan\u00e7a de dias melhores para o povo de Itapetinga, o pr\u00e9-candidato Adriano Alc\u00e2ntara (PSDB) e o pr\u00e9-candidato a vice prefeito Henrique Brugni tiveram uma semana com muitos encontros e grandes conquistas para a campanha da coliga\u00e7\u00e3o \u201cUnidos por Itapetinga\u201d.<\/p>\n<p><a href=\"http:\/\/www.sudoestehoje.com.br\/novoportal\/wp-content\/uploads\/2016\/08\/002.jpeg\" rel=\"attachment wp-att-59490\"><img loading=\"lazy\" decoding=\"async\" class=\"aligncenter size-medium wp-image-59490\" src=\"http:\/\/www.sudoestehoje.com.br\/novoportal\/wp-content\/uploads\/2016\/08\/002-500x375.jpeg\" alt=\"002\" width=\"500\" height=\"375\" srcset=\"https:\/\/www.sudoestehoje.com.br\/novoportal\/wp-content\/uploads\/2016\/08\/002-500x375.jpeg 500w, https:\/\/www.sudoestehoje.com.br\/novoportal\/wp-content\/uploads\/2016\/08\/002-768x576.jpeg 768w, https:\/\/www.sudoestehoje.com.br\/novoportal\/wp-content\/uploads\/2016\/08\/002-700x525.jpeg 700w, https:\/\/www.sudoestehoje.com.br\/novoportal\/wp-content\/uploads\/2016\/08\/002.jpeg 1280w\" sizes=\"auto, (max-width: 500px) 100vw, 500px\" \/><\/a><\/p>\n<p>Abrindo a segunda-feira com reuni\u00e3o com lideran\u00e7as dos bairros e reuni\u00e3o na Vila Riach\u00e3o, onde foram recebidos de bra\u00e7os abertos pelos moradores. Na ter\u00e7a-feira ap\u00f3s reuni\u00f5es e prepara\u00e7\u00e3o os pr\u00e9-candidatos participaram do debate organizado pelo Conselho Municipal Antidrogas, COMAD, onde Adriano p\u00f4de mostrar um pouco da sua capacidade e propostas para a gest\u00e3o da prefeitura de Itapetinga, surpreendendo aos que ainda n\u00e3o conheciam a sua linha de pensamento para a cidade.<\/p>\n<p><a href=\"http:\/\/www.sudoestehoje.com.br\/novoportal\/wp-content\/uploads\/2016\/08\/003.jpeg\" rel=\"attachment wp-att-59491\"><img loading=\"lazy\" decoding=\"async\" class=\"aligncenter size-medium wp-image-59491\" src=\"http:\/\/www.sudoestehoje.com.br\/novoportal\/wp-content\/uploads\/2016\/08\/003-500x375.jpeg\" alt=\"003\" width=\"500\" height=\"375\" srcset=\"https:\/\/www.sudoestehoje.com.br\/novoportal\/wp-content\/uploads\/2016\/08\/003-500x375.jpeg 500w, https:\/\/www.sudoestehoje.com.br\/novoportal\/wp-content\/uploads\/2016\/08\/003-768x576.jpeg 768w, https:\/\/www.sudoestehoje.com.br\/novoportal\/wp-content\/uploads\/2016\/08\/003-700x525.jpeg 700w, https:\/\/www.sudoestehoje.com.br\/novoportal\/wp-content\/uploads\/2016\/08\/003.jpeg 1280w\" sizes=\"auto, (max-width: 500px) 100vw, 500px\" \/><\/a>Quarta-feira os funcion\u00e1rios da Casa Pereira puderam conhecer mais o plano de atua\u00e7\u00e3o de Adriano. \u00c0 noite, participaram da comemora\u00e7\u00e3o da OAB pelo dia do Advogado.<\/p>\n<p><a href=\"http:\/\/www.sudoestehoje.com.br\/novoportal\/wp-content\/uploads\/2016\/08\/004.jpeg\" rel=\"attachment wp-att-59492\"><img loading=\"lazy\" decoding=\"async\" class=\"aligncenter size-medium wp-image-59492\" src=\"http:\/\/www.sudoestehoje.com.br\/novoportal\/wp-content\/uploads\/2016\/08\/004-500x375.jpeg\" alt=\"004\" width=\"500\" height=\"375\" srcset=\"https:\/\/www.sudoestehoje.com.br\/novoportal\/wp-content\/uploads\/2016\/08\/004-500x375.jpeg 500w, https:\/\/www.sudoestehoje.com.br\/novoportal\/wp-content\/uploads\/2016\/08\/004-768x576.jpeg 768w, https:\/\/www.sudoestehoje.com.br\/novoportal\/wp-content\/uploads\/2016\/08\/004-700x525.jpeg 700w, https:\/\/www.sudoestehoje.com.br\/novoportal\/wp-content\/uploads\/2016\/08\/004.jpeg 1280w\" sizes=\"auto, (max-width: 500px) 100vw, 500px\" \/><\/a><\/p>\n<p>Na quinta-feira pela manh\u00e3 foi a vez do Bandeira do Col\u00f4nia receber os pr\u00e9-candidatos que junto com a pr\u00e9 candidata a vereadora Sinha, reafirmaram o compromisso de lutar pelo povo.<\/p>\n<p><a href=\"http:\/\/www.sudoestehoje.com.br\/novoportal\/wp-content\/uploads\/2016\/08\/005.jpg\" rel=\"attachment wp-att-59493\"><img loading=\"lazy\" decoding=\"async\" class=\"aligncenter size-medium wp-image-59493\" src=\"http:\/\/www.sudoestehoje.com.br\/novoportal\/wp-content\/uploads\/2016\/08\/005-500x375.jpg\" alt=\"005\" width=\"500\" height=\"375\" srcset=\"https:\/\/www.sudoestehoje.com.br\/novoportal\/wp-content\/uploads\/2016\/08\/005-500x375.jpg 500w, https:\/\/www.sudoestehoje.com.br\/novoportal\/wp-content\/uploads\/2016\/08\/005-768x576.jpg 768w, https:\/\/www.sudoestehoje.com.br\/novoportal\/wp-content\/uploads\/2016\/08\/005-700x525.jpg 700w, https:\/\/www.sudoestehoje.com.br\/novoportal\/wp-content\/uploads\/2016\/08\/005.jpg 1280w\" sizes=\"auto, (max-width: 500px) 100vw, 500px\" \/><\/a><\/p>\n<p>Durante a noite, em clima de descontra\u00e7\u00e3o, Adriano participou de um encontro organizado por Jovita, na rua Paralela\/Primavera. Sexta-feira, ap\u00f3s encontro com lideran\u00e7as e funcion\u00e1rios de um restaurante, o bairro Clodoaldo Costa recebeu com muito entusiasmo Adriano e Henrique, que puderam expor sua vontade de transformar a realidade atual.<\/p>\n<p><a href=\"http:\/\/www.sudoestehoje.com.br\/novoportal\/wp-content\/uploads\/2016\/08\/006.jpeg\" rel=\"attachment wp-att-59494\"><img loading=\"lazy\" decoding=\"async\" class=\"aligncenter size-medium wp-image-59494\" src=\"http:\/\/www.sudoestehoje.com.br\/novoportal\/wp-content\/uploads\/2016\/08\/006-500x375.jpeg\" alt=\"006\" width=\"500\" height=\"375\" srcset=\"https:\/\/www.sudoestehoje.com.br\/novoportal\/wp-content\/uploads\/2016\/08\/006-500x375.jpeg 500w, https:\/\/www.sudoestehoje.com.br\/novoportal\/wp-content\/uploads\/2016\/08\/006-768x576.jpeg 768w, https:\/\/www.sudoestehoje.com.br\/novoportal\/wp-content\/uploads\/2016\/08\/006-700x525.jpeg 700w, https:\/\/www.sudoestehoje.com.br\/novoportal\/wp-content\/uploads\/2016\/08\/006.jpeg 1280w\" sizes=\"auto, (max-width: 500px) 100vw, 500px\" \/><\/a><\/p>\n<p>Encerrando a semana, o s\u00e1bado come\u00e7ou com em entrevista na FM Cidade, muitos ouvintes participaram com perguntas e sugest\u00f5es para os pr\u00e9-candidatos. Logo em seguida, em encontro com lideran\u00e7as, empres\u00e1rios, m\u00e9dicos, engenheiros, comerciantes entre outros, receberam grandes manifesta\u00e7\u00f5es de carinho e apoio a campanha.<\/p>\n<p><a href=\"http:\/\/www.sudoestehoje.com.br\/novoportal\/wp-content\/uploads\/2016\/08\/007.jpeg\" rel=\"attachment wp-att-59495\"><img loading=\"lazy\" decoding=\"async\" class=\"aligncenter size-medium wp-image-59495\" src=\"http:\/\/www.sudoestehoje.com.br\/novoportal\/wp-content\/uploads\/2016\/08\/007-500x375.jpeg\" alt=\"007\" width=\"500\" height=\"375\" srcset=\"https:\/\/www.sudoestehoje.com.br\/novoportal\/wp-content\/uploads\/2016\/08\/007-500x375.jpeg 500w, https:\/\/www.sudoestehoje.com.br\/novoportal\/wp-content\/uploads\/2016\/08\/007-768x576.jpeg 768w, https:\/\/www.sudoestehoje.com.br\/novoportal\/wp-content\/uploads\/2016\/08\/007-700x525.jpeg 700w, https:\/\/www.sudoestehoje.com.br\/novoportal\/wp-content\/uploads\/2016\/08\/007.jpeg 1280w\" sizes=\"auto, (max-width: 500px) 100vw, 500px\" \/><\/a>O dia seguiu intenso com almo\u00e7o promovido por moradores da Vila \u00c9rica e visita ao projeto social com crian\u00e7as nos bairros 12 de dezembro e Jos\u00e9 Ivo.<\/p>\n<p><strong><em>Ascom PSDB<\/em><\/strong><\/p>\n<p><img decoding=\"async\" class=\"aligncenter\" src=\"http:\/\/www.sudoestehoje.com.br\/novoportal\/wp-content\/uploads\/2014\/07\/Feira-do-Lar-1.png\" alt=\"Feira-do-Lar (1)\" \/><\/p>\n","protected":false},"excerpt":{"rendered":"<p>Seguindo no firme prop\u00f3sito de levar esperan\u00e7a de dias melhores para o povo de Itapetinga, o pr\u00e9-candidato Adriano Alc\u00e2ntara (PSDB) e o pr\u00e9-candidato a vice prefeito Henrique Brugni tiveram uma semana com muitos encontros e grandes conquistas para a campanha da coliga\u00e7\u00e3o \u201cUnidos por Itapetinga\u201d. Abrindo a segunda-feira com reuni\u00e3o com lideran\u00e7as dos bairros e [&hellip;]<\/p>\n","protected":false},"author":2,"featured_media":0,"comment_status":"open","ping_status":"open","sticky":false,"template":"","format":"standard","meta":{"footnotes":"","_links_to":"","_links_to_target":""},"categories":[1],"tags":[],"class_list":["post-59488","post","type-post","status-publish","format-standard","hentry","category-geral"],"views":1500,"_links":{"self":[{"href":"https:\/\/www.sudoestehoje.com.br\/novoportal\/wp-json\/wp\/v2\/posts\/59488","targetHints":{"allow":["GET"]}}],"collection":[{"href":"https:\/\/www.sudoestehoje.com.br\/novoportal\/wp-json\/wp\/v2\/posts"}],"about":[{"href":"https:\/\/www.sudoestehoje.com.br\/novoportal\/wp-json\/wp\/v2\/types\/post"}],"author":[{"embeddable":true,"href":"https:\/\/www.sudoestehoje.com.br\/novoportal\/wp-json\/wp\/v2\/users\/2"}],"replies":[{"embeddable":true,"href":"https:\/\/www.sudoestehoje.com.br\/novoportal\/wp-json\/wp\/v2\/comments?post=59488"}],"version-history":[{"count":1,"href":"https:\/\/www.sudoestehoje.com.br\/novoportal\/wp-json\/wp\/v2\/posts\/59488\/revisions"}],"predecessor-version":[{"id":59496,"href":"https:\/\/www.sudoestehoje.com.br\/novoportal\/wp-json\/wp\/v2\/posts\/59488\/revisions\/59496"}],"wp:attachment":[{"href":"https:\/\/www.sudoestehoje.com.br\/novoportal\/wp-json\/wp\/v2\/media?parent=59488"}],"wp:term":[{"taxonomy":"category","embeddable":true,"href":"https:\/\/www.sudoestehoje.com.br\/novoportal\/wp-json\/wp\/v2\/categories?post=59488"},{"taxonomy":"post_tag","embeddable":true,"href":"https:\/\/www.sudoestehoje.com.br\/novoportal\/wp-json\/wp\/v2\/tags?post=59488"}],"curies":[{"name":"wp","href":"https:\/\/api.w.org\/{rel}","templated":true}]}}