
{"id":59475,"date":"2016-08-14T10:40:42","date_gmt":"2016-08-14T13:40:42","guid":{"rendered":"http:\/\/www.sudoestehoje.com.br\/novoportal\/?p=59475"},"modified":"2016-08-14T11:55:13","modified_gmt":"2016-08-14T14:55:13","slug":"ze-elias-candidato-com-perspectiva-de-vitoria-se-beneficiara-com-voto-util","status":"publish","type":"post","link":"https:\/\/www.sudoestehoje.com.br\/novoportal\/2016\/08\/14\/ze-elias-candidato-com-perspectiva-de-vitoria-se-beneficiara-com-voto-util\/","title":{"rendered":"Z\u00c9 ELIAS: &#8220;CANDIDATO COM PERSPECTIVA DE VIT\u00d3RIA SE BENEFICIAR\u00c1 COM VOTO \u00daTIL&#8221;"},"content":{"rendered":"<div id=\"yui_3_16_0_ym19_1_1471181154666_2358\" class=\"body undoreset\" tabindex=\"0\">\n<div id=\"yui_3_16_0_ym19_1_1471181154666_2357\" class=\"email-wrapped\">\n<div id=\"yiv5657395394\">\n<div id=\"yui_3_16_0_ym19_1_1471181154666_2356\" dir=\"ltr\">\n<p><a href=\"http:\/\/www.sudoestehoje.com.br\/novoportal\/wp-content\/uploads\/2016\/08\/jose-elias-1.jpg\" rel=\"attachment wp-att-59476\"><img loading=\"lazy\" decoding=\"async\" class=\"size-full wp-image-59476 alignleft\" src=\"http:\/\/www.sudoestehoje.com.br\/novoportal\/wp-content\/uploads\/2016\/08\/jose-elias-1.jpg\" alt=\"jose elias\" width=\"190\" height=\"193\" \/><\/a><\/p>\n<p>O voto \u00fatil pode ser definido como um voto estrat\u00e9gico. Se um eleitor acredita que seu candidato preferido n\u00e3o tem chances de ganhar, ele pode optar votar num candidato que n\u00e3o gosta com o objetivo de impedir a vit\u00f3ria daquele que detesta. Caso fa\u00e7a esta op\u00e7\u00e3o, o eleitor deixaria de exercer o voto consciente para praticar o voto t\u00e1tico.<\/p>\n<p>Em cidades que acontecem o segundo turno, o eleitor \u00e9 levado a praticar o voto \u00fatil, quando aquele candidato agraciado com o voto no primeiro escrut\u00ednio, n\u00e3o consegue ir para o segundo turno. No segundo tuno, o eleitor comparece para votar no intuito de derrotar algu\u00e9m.<\/p>\n<p>Em nossa cidade s\u00f3 existe o primeiro escrut\u00ednio e o eleitor ter\u00e1 que escolher um nome para sufragar em quatro candidaturas lan\u00e7adas.<\/p>\n<p>No campo das candidaturas oposicionistas, o candidato que oferecer uma perspectiva real de vit\u00f3ria ser\u00e1 beneficiado com a inclus\u00e3o de muitos eleitores que inicialmente fizeram outra op\u00e7\u00e3o de voto, mas que, com o desgaste e reprova\u00e7\u00e3o da atual administra\u00e7\u00e3o, exercer\u00e3o o voto \u00fatil.<\/p>\n<p>O voto consciente \u00e9 o \u00e1pice da democracia e deve ser estimulado. Alguns estudiosos dizem que o voto \u00fatil \u00e9 um voto inconsciente, manifestado por motiva\u00e7\u00f5es diversas e considerado um voto de qualidade inferior.<\/p>\n<p>Dificilmente passaremos pela vida, sem, em determinado momento escolhermos votar no menos pior.<\/p>\n<p><strong><em>Por Jos\u00e9 Elias Ribeiro<\/em><\/strong><\/p>\n<p><img decoding=\"async\" class=\"aligncenter\" src=\"http:\/\/www.sudoestehoje.com.br\/novoportal\/wp-content\/uploads\/2014\/09\/supermoda.png\" alt=\"supermoda\" \/><\/p>\n<\/div>\n<\/div>\n<\/div>\n<\/div>\n","protected":false},"excerpt":{"rendered":"<p>O voto \u00fatil pode ser definido como um voto estrat\u00e9gico. Se um eleitor acredita que seu candidato preferido n\u00e3o tem chances de ganhar, ele pode optar votar num candidato que n\u00e3o gosta com o objetivo de impedir a vit\u00f3ria daquele que detesta. Caso fa\u00e7a esta op\u00e7\u00e3o, o eleitor deixaria de exercer o voto consciente para [&hellip;]<\/p>\n","protected":false},"author":2,"featured_media":0,"comment_status":"open","ping_status":"open","sticky":false,"template":"","format":"standard","meta":{"footnotes":"","_links_to":"","_links_to_target":""},"categories":[1],"tags":[],"class_list":["post-59475","post","type-post","status-publish","format-standard","hentry","category-geral"],"views":1379,"_links":{"self":[{"href":"https:\/\/www.sudoestehoje.com.br\/novoportal\/wp-json\/wp\/v2\/posts\/59475","targetHints":{"allow":["GET"]}}],"collection":[{"href":"https:\/\/www.sudoestehoje.com.br\/novoportal\/wp-json\/wp\/v2\/posts"}],"about":[{"href":"https:\/\/www.sudoestehoje.com.br\/novoportal\/wp-json\/wp\/v2\/types\/post"}],"author":[{"embeddable":true,"href":"https:\/\/www.sudoestehoje.com.br\/novoportal\/wp-json\/wp\/v2\/users\/2"}],"replies":[{"embeddable":true,"href":"https:\/\/www.sudoestehoje.com.br\/novoportal\/wp-json\/wp\/v2\/comments?post=59475"}],"version-history":[{"count":4,"href":"https:\/\/www.sudoestehoje.com.br\/novoportal\/wp-json\/wp\/v2\/posts\/59475\/revisions"}],"predecessor-version":[{"id":59480,"href":"https:\/\/www.sudoestehoje.com.br\/novoportal\/wp-json\/wp\/v2\/posts\/59475\/revisions\/59480"}],"wp:attachment":[{"href":"https:\/\/www.sudoestehoje.com.br\/novoportal\/wp-json\/wp\/v2\/media?parent=59475"}],"wp:term":[{"taxonomy":"category","embeddable":true,"href":"https:\/\/www.sudoestehoje.com.br\/novoportal\/wp-json\/wp\/v2\/categories?post=59475"},{"taxonomy":"post_tag","embeddable":true,"href":"https:\/\/www.sudoestehoje.com.br\/novoportal\/wp-json\/wp\/v2\/tags?post=59475"}],"curies":[{"name":"wp","href":"https:\/\/api.w.org\/{rel}","templated":true}]}}