
{"id":59470,"date":"2016-08-14T10:13:27","date_gmt":"2016-08-14T13:13:27","guid":{"rendered":"http:\/\/www.sudoestehoje.com.br\/novoportal\/?p=59470"},"modified":"2016-08-14T10:13:27","modified_gmt":"2016-08-14T13:13:27","slug":"eleicoes-prazo-para-registro-de-candidatos-encerra-nesta-segunda","status":"publish","type":"post","link":"https:\/\/www.sudoestehoje.com.br\/novoportal\/2016\/08\/14\/eleicoes-prazo-para-registro-de-candidatos-encerra-nesta-segunda\/","title":{"rendered":"ELEI\u00c7\u00d5ES: PRAZO PARA REGISTRO DE CANDIDATOS ENCERRA NESTA SEGUNDA"},"content":{"rendered":"<p><a href=\"http:\/\/www.sudoestehoje.com.br\/novoportal\/wp-content\/uploads\/2016\/08\/candidatura.jpg\" rel=\"attachment wp-att-59471\"><img loading=\"lazy\" decoding=\"async\" class=\"aligncenter size-medium wp-image-59471\" src=\"http:\/\/www.sudoestehoje.com.br\/novoportal\/wp-content\/uploads\/2016\/08\/candidatura-500x281.jpg\" alt=\"candidatura\" width=\"500\" height=\"281\" srcset=\"https:\/\/www.sudoestehoje.com.br\/novoportal\/wp-content\/uploads\/2016\/08\/candidatura-500x281.jpg 500w, https:\/\/www.sudoestehoje.com.br\/novoportal\/wp-content\/uploads\/2016\/08\/candidatura.jpg 624w\" sizes=\"auto, (max-width: 500px) 100vw, 500px\" \/><\/a><\/p>\n<p>&nbsp;<\/p>\n<p>Termina na segunda-feira, 15, o prazo para que todos os candidatos que v\u00e3o disputar a elei\u00e7\u00e3o municipal de 2 outubro, seja prefeito, vice-prefeito ou vereador, fa\u00e7am o registro de suas candidaturas nos respectivos cart\u00f3rios eleitorais.<\/p>\n<p>O pedido dever\u00e1 ser gerado obrigatoriamente em meio digital CANDex, desenvolvido pelo Tribunal Superior Eleitoral (TSE), e dispon\u00edvel nos sites dos Tribunais Regionais Eleitorais (TREs).<\/p>\n<p>IMPUGNA\u00c7\u00c3O<\/p>\n<div>\n<p>A lei eleitoral diz que qualquer candidato, partido pol\u00edtico, coliga\u00e7\u00e3o ou o Minist\u00e9rio P\u00fablico Eleitoral poder\u00e1 impugnar os pedidos de registro de candidaturas, no prazo de 5 dias, contados da publica\u00e7\u00e3o dos pedidos. Para isso \u00e9 necess\u00e1rio especificar, desde o in\u00edcio, os meios de prova com que pretende demonstrar a veracidade do alegado e listar as testemunhas, se for o caso, no m\u00e1ximo de seis.<\/p>\n<p>PROPAGANDA ELEITORAL<\/p>\n<\/div>\n<div>A partir da ter\u00e7a-feira, 16, exatos 47 dias antes da elei\u00e7\u00e3o come\u00e7a a propaganda pol\u00edtica eleitoral, quando os moradores das cidades dever\u00e3o receber amplo material eleitoral a fim de facilitar a escolha de seus candidatos.<\/div>\n<div><img decoding=\"async\" class=\"aligncenter\" src=\"http:\/\/www.sudoestehoje.com.br\/novoportal\/wp-content\/uploads\/2014\/07\/Feira-do-Lar-1.png\" alt=\"Feira-do-Lar (1)\" \/><\/div>\n<p>&nbsp;<\/p>\n","protected":false},"excerpt":{"rendered":"<p>&nbsp; Termina na segunda-feira, 15, o prazo para que todos os candidatos que v\u00e3o disputar a elei\u00e7\u00e3o municipal de 2 outubro, seja prefeito, vice-prefeito ou vereador, fa\u00e7am o registro de suas candidaturas nos respectivos cart\u00f3rios eleitorais. O pedido dever\u00e1 ser gerado obrigatoriamente em meio digital CANDex, desenvolvido pelo Tribunal Superior Eleitoral (TSE), e dispon\u00edvel nos [&hellip;]<\/p>\n","protected":false},"author":2,"featured_media":0,"comment_status":"open","ping_status":"open","sticky":false,"template":"","format":"standard","meta":{"footnotes":"","_links_to":"","_links_to_target":""},"categories":[1],"tags":[],"class_list":["post-59470","post","type-post","status-publish","format-standard","hentry","category-geral"],"views":1460,"_links":{"self":[{"href":"https:\/\/www.sudoestehoje.com.br\/novoportal\/wp-json\/wp\/v2\/posts\/59470","targetHints":{"allow":["GET"]}}],"collection":[{"href":"https:\/\/www.sudoestehoje.com.br\/novoportal\/wp-json\/wp\/v2\/posts"}],"about":[{"href":"https:\/\/www.sudoestehoje.com.br\/novoportal\/wp-json\/wp\/v2\/types\/post"}],"author":[{"embeddable":true,"href":"https:\/\/www.sudoestehoje.com.br\/novoportal\/wp-json\/wp\/v2\/users\/2"}],"replies":[{"embeddable":true,"href":"https:\/\/www.sudoestehoje.com.br\/novoportal\/wp-json\/wp\/v2\/comments?post=59470"}],"version-history":[{"count":1,"href":"https:\/\/www.sudoestehoje.com.br\/novoportal\/wp-json\/wp\/v2\/posts\/59470\/revisions"}],"predecessor-version":[{"id":59472,"href":"https:\/\/www.sudoestehoje.com.br\/novoportal\/wp-json\/wp\/v2\/posts\/59470\/revisions\/59472"}],"wp:attachment":[{"href":"https:\/\/www.sudoestehoje.com.br\/novoportal\/wp-json\/wp\/v2\/media?parent=59470"}],"wp:term":[{"taxonomy":"category","embeddable":true,"href":"https:\/\/www.sudoestehoje.com.br\/novoportal\/wp-json\/wp\/v2\/categories?post=59470"},{"taxonomy":"post_tag","embeddable":true,"href":"https:\/\/www.sudoestehoje.com.br\/novoportal\/wp-json\/wp\/v2\/tags?post=59470"}],"curies":[{"name":"wp","href":"https:\/\/api.w.org\/{rel}","templated":true}]}}