
{"id":59457,"date":"2016-08-13T19:07:16","date_gmt":"2016-08-13T22:07:16","guid":{"rendered":"http:\/\/www.sudoestehoje.com.br\/novoportal\/?p=59457"},"modified":"2016-08-14T10:14:44","modified_gmt":"2016-08-14T13:14:44","slug":"eleicoes-cada-vez-mais-os-jovens-apoiam-a-chapa-rodrigo-e-renan","status":"publish","type":"post","link":"https:\/\/www.sudoestehoje.com.br\/novoportal\/2016\/08\/13\/eleicoes-cada-vez-mais-os-jovens-apoiam-a-chapa-rodrigo-e-renan\/","title":{"rendered":"ELEI\u00c7\u00d5ES: CADA VEZ MAIS OS JOVENS APOIAM A CHAPA RODRIGO E RENAN"},"content":{"rendered":"<p><a href=\"http:\/\/www.sudoestehoje.com.br\/novoportal\/wp-content\/uploads\/2016\/08\/conven\u00e7\u00e3o-pmdbDSC_0453.jpg\" rel=\"attachment wp-att-59458\"><img loading=\"lazy\" decoding=\"async\" class=\"aligncenter size-medium wp-image-59458\" src=\"http:\/\/www.sudoestehoje.com.br\/novoportal\/wp-content\/uploads\/2016\/08\/conven\u00e7\u00e3o-pmdbDSC_0453-500x322.jpg\" alt=\"conven\u00e7\u00e3o pmdbDSC_0453\" width=\"500\" height=\"322\" srcset=\"https:\/\/www.sudoestehoje.com.br\/novoportal\/wp-content\/uploads\/2016\/08\/conven\u00e7\u00e3o-pmdbDSC_0453-500x322.jpg 500w, https:\/\/www.sudoestehoje.com.br\/novoportal\/wp-content\/uploads\/2016\/08\/conven\u00e7\u00e3o-pmdbDSC_0453-700x451.jpg 700w, https:\/\/www.sudoestehoje.com.br\/novoportal\/wp-content\/uploads\/2016\/08\/conven\u00e7\u00e3o-pmdbDSC_0453.jpg 728w\" sizes=\"auto, (max-width: 500px) 100vw, 500px\" \/><\/a><\/p>\n<p><strong><em>Por Adriano Matos e Jeniffer Duarte<\/em><\/strong><\/p>\n<p>Os jovens t\u00eam desempenhado um papel fundamental na sociedade, atrav\u00e9s dos avan\u00e7os tecnol\u00f3gicos e entendimento nos estudos, que demonstram para todos a possibilidade de se destacar por onde passam. A juventude, atrav\u00e9s da determina\u00e7\u00e3o, tem sobressa\u00eddo, pois esse adjetivo ressalta a capacidade e desejo de mudar qualquer situa\u00e7\u00e3o para melhor. Afinal, o que seria do mundo sem os jovens?<\/p>\n<p>A pol\u00edtica \u00e9 um ponto fundamental, no qual a juventude, como c\u00e9lula vital da sociedade, tem se destacado na luta com garra, for\u00e7a, determina\u00e7\u00e3o e entusiasmo, em busca de dias melhores e principalmente para aqueles que menos tem e necessitam. \u00c9 poss\u00edvel perceb\u00ea-los em manifesta\u00e7\u00f5es, onde sempre est\u00e3o presente, procurando um futuro digno e esperan\u00e7oso. Eles est\u00e3o sempre deixando sua marca de compromisso com a democracia do nosso pa\u00eds e consequentemente no mundo inteiro.<\/p>\n<p><a href=\"http:\/\/www.sudoestehoje.com.br\/novoportal\/wp-content\/uploads\/2016\/08\/conven\u00e7\u00e3o-pmdbDSC_0327.jpg\" rel=\"attachment wp-att-59460\"><img loading=\"lazy\" decoding=\"async\" class=\"aligncenter size-full wp-image-59460\" src=\"http:\/\/www.sudoestehoje.com.br\/novoportal\/wp-content\/uploads\/2016\/08\/conven\u00e7\u00e3o-pmdbDSC_0327.jpg\" alt=\"conven\u00e7\u00e3o pmdbDSC_0327\" width=\"442\" height=\"341\" \/><\/a><\/p>\n<p>N\u00f3s, Adriano Matos e Jeniffer Duarte, jovens Itapetinguenses, estamos deveras animados e determinados em lutar pelo uso correto do estado de direito democr\u00e1tico em nossa cidade, acreditando na mudan\u00e7a e melhora pol\u00edtica; e refor\u00e7amos que acreditamos cada vez mais na dupla RR, Rodrigo e Renan, pois eles do nosso ponto de vista, est\u00e3o aptos e unidos por uma cidade melhor.<\/p>\n<p><img decoding=\"async\" class=\"aligncenter\" src=\"http:\/\/www.sudoestehoje.com.br\/novoportal\/wp-content\/uploads\/2014\/12\/skala-novo.jpg\" alt=\"\" \/><!--more--><\/p>\n<p>Vemos muitos de nossos amigos indo embora em busca de emprego e de uma condi\u00e7\u00e3o de vida melhor, j\u00e1 que em nossa cidade a situa\u00e7\u00e3o est\u00e1 prec\u00e1ria, onde o \u00edndice de desemprego vem crescendo cada vez mais e nos entristece ver a falta de esperan\u00e7a no olhar do povo.<\/p>\n<p>A chama de esperan\u00e7a parecia j\u00e1 ter se apagado ao ver nossa cidade acabada, quando de repente reacendeu, ao aparecer \u00e0 nossa frente a uni\u00e3o pol\u00edtica de Rodrigo Hagge e Renan Pereira, tendo como apoio grandes l\u00edderes pol\u00edticos da nossa cidade, Michel Hagge e Jos\u00e9 Ot\u00e1vio. Atrav\u00e9s das obras e projetos realizados por esses grandes l\u00edderes entendemos que \u00e9 poss\u00edvel\u00a0 confiar na dupla RR, que se mostra cada vez mais do lado do povo, dispostos a conduzir os destinos de Itapetinga, que renascer\u00e1, com a ben\u00e7\u00e3o de Deus, a partir de janeiro de 2017.<\/p>\n<p>Enganados s\u00e3o os que falam que os jovens de hoje s\u00e3o imaturos, porque a juventude tem se mostrado madura o suficiente para fazer nossa p\u00e1tria amada Brasil brilhar cada vez mais.<\/p>\n","protected":false},"excerpt":{"rendered":"<p>Por Adriano Matos e Jeniffer Duarte Os jovens t\u00eam desempenhado um papel fundamental na sociedade, atrav\u00e9s dos avan\u00e7os tecnol\u00f3gicos e entendimento nos estudos, que demonstram para todos a possibilidade de se destacar por onde passam. A juventude, atrav\u00e9s da determina\u00e7\u00e3o, tem sobressa\u00eddo, pois esse adjetivo ressalta a capacidade e desejo de mudar qualquer situa\u00e7\u00e3o para [&hellip;]<\/p>\n","protected":false},"author":2,"featured_media":0,"comment_status":"open","ping_status":"open","sticky":false,"template":"","format":"standard","meta":{"footnotes":"","_links_to":"","_links_to_target":""},"categories":[1],"tags":[],"class_list":["post-59457","post","type-post","status-publish","format-standard","hentry","category-geral"],"views":2173,"_links":{"self":[{"href":"https:\/\/www.sudoestehoje.com.br\/novoportal\/wp-json\/wp\/v2\/posts\/59457","targetHints":{"allow":["GET"]}}],"collection":[{"href":"https:\/\/www.sudoestehoje.com.br\/novoportal\/wp-json\/wp\/v2\/posts"}],"about":[{"href":"https:\/\/www.sudoestehoje.com.br\/novoportal\/wp-json\/wp\/v2\/types\/post"}],"author":[{"embeddable":true,"href":"https:\/\/www.sudoestehoje.com.br\/novoportal\/wp-json\/wp\/v2\/users\/2"}],"replies":[{"embeddable":true,"href":"https:\/\/www.sudoestehoje.com.br\/novoportal\/wp-json\/wp\/v2\/comments?post=59457"}],"version-history":[{"count":4,"href":"https:\/\/www.sudoestehoje.com.br\/novoportal\/wp-json\/wp\/v2\/posts\/59457\/revisions"}],"predecessor-version":[{"id":59473,"href":"https:\/\/www.sudoestehoje.com.br\/novoportal\/wp-json\/wp\/v2\/posts\/59457\/revisions\/59473"}],"wp:attachment":[{"href":"https:\/\/www.sudoestehoje.com.br\/novoportal\/wp-json\/wp\/v2\/media?parent=59457"}],"wp:term":[{"taxonomy":"category","embeddable":true,"href":"https:\/\/www.sudoestehoje.com.br\/novoportal\/wp-json\/wp\/v2\/categories?post=59457"},{"taxonomy":"post_tag","embeddable":true,"href":"https:\/\/www.sudoestehoje.com.br\/novoportal\/wp-json\/wp\/v2\/tags?post=59457"}],"curies":[{"name":"wp","href":"https:\/\/api.w.org\/{rel}","templated":true}]}}