
{"id":59449,"date":"2016-08-13T14:43:04","date_gmt":"2016-08-13T17:43:04","guid":{"rendered":"http:\/\/www.sudoestehoje.com.br\/novoportal\/?p=59449"},"modified":"2016-08-14T10:16:09","modified_gmt":"2016-08-14T13:16:09","slug":"eleicoes-lancamento-da-candidatura-de-juscelino-gomes-mobiliza-oposicao","status":"publish","type":"post","link":"https:\/\/www.sudoestehoje.com.br\/novoportal\/2016\/08\/13\/eleicoes-lancamento-da-candidatura-de-juscelino-gomes-mobiliza-oposicao\/","title":{"rendered":"ELEI\u00c7\u00d5ES: LAN\u00c7AMENTO DA CANDIDATURA DE JUSCELINO GOMES MOBILIZA OPOSI\u00c7\u00c3O"},"content":{"rendered":"<p><a href=\"http:\/\/www.sudoestehoje.com.br\/novoportal\/wp-content\/uploads\/2016\/08\/ju-5.jpg\" rel=\"attachment wp-att-59454\"><img loading=\"lazy\" decoding=\"async\" class=\"aligncenter size-medium wp-image-59454\" src=\"http:\/\/www.sudoestehoje.com.br\/novoportal\/wp-content\/uploads\/2016\/08\/ju-5-500x300.jpg\" alt=\"ju 5\" width=\"500\" height=\"300\" srcset=\"https:\/\/www.sudoestehoje.com.br\/novoportal\/wp-content\/uploads\/2016\/08\/ju-5-500x300.jpg 500w, https:\/\/www.sudoestehoje.com.br\/novoportal\/wp-content\/uploads\/2016\/08\/ju-5-768x461.jpg 768w, https:\/\/www.sudoestehoje.com.br\/novoportal\/wp-content\/uploads\/2016\/08\/ju-5-700x420.jpg 700w, https:\/\/www.sudoestehoje.com.br\/novoportal\/wp-content\/uploads\/2016\/08\/ju-5.jpg 960w\" sizes=\"auto, (max-width: 500px) 100vw, 500px\" \/><\/a><\/p>\n<p>Numa demonstra\u00e7\u00e3o de enorme prest\u00edgio junto aos partidos de oposi\u00e7\u00e3o em Itapetinga e \u00e0 popula\u00e7\u00e3o, o democrata Juscelino Gomes conseguiu reunir toda a c\u00fapula do DEM, PMDB e partidos coligados, para a reuni\u00e3o de lan\u00e7amento da sua candidatura a vereador.<\/p>\n<p><a href=\"http:\/\/www.sudoestehoje.com.br\/novoportal\/wp-content\/uploads\/2016\/08\/ju-2.jpg\" rel=\"attachment wp-att-59451\"><img loading=\"lazy\" decoding=\"async\" class=\"aligncenter size-medium wp-image-59451\" src=\"http:\/\/www.sudoestehoje.com.br\/novoportal\/wp-content\/uploads\/2016\/08\/ju-2-500x281.jpg\" alt=\"ju 2\" width=\"500\" height=\"281\" srcset=\"https:\/\/www.sudoestehoje.com.br\/novoportal\/wp-content\/uploads\/2016\/08\/ju-2-500x281.jpg 500w, https:\/\/www.sudoestehoje.com.br\/novoportal\/wp-content\/uploads\/2016\/08\/ju-2-768x432.jpg 768w, https:\/\/www.sudoestehoje.com.br\/novoportal\/wp-content\/uploads\/2016\/08\/ju-2-700x394.jpg 700w, https:\/\/www.sudoestehoje.com.br\/novoportal\/wp-content\/uploads\/2016\/08\/ju-2.jpg 960w\" sizes=\"auto, (max-width: 500px) 100vw, 500px\" \/><\/a><\/p>\n<p>Juscelino, que j\u00e1 exerceu o mandato de vereador por duas vezes, se afastou voluntariamente das disputas por raz\u00f5es pessoais, mas agora retorna com muita for\u00e7a e \u00e9 um dos nomes mais fortes para ocupar uma cadeira no legislativo municipal.<\/p>\n<p><a href=\"http:\/\/www.sudoestehoje.com.br\/novoportal\/wp-content\/uploads\/2016\/08\/ju-3.jpg\" rel=\"attachment wp-att-59452\"><img loading=\"lazy\" decoding=\"async\" class=\"aligncenter size-medium wp-image-59452\" src=\"http:\/\/www.sudoestehoje.com.br\/novoportal\/wp-content\/uploads\/2016\/08\/ju-3-500x300.jpg\" alt=\"ju 3\" width=\"500\" height=\"300\" srcset=\"https:\/\/www.sudoestehoje.com.br\/novoportal\/wp-content\/uploads\/2016\/08\/ju-3-500x300.jpg 500w, https:\/\/www.sudoestehoje.com.br\/novoportal\/wp-content\/uploads\/2016\/08\/ju-3-768x461.jpg 768w, https:\/\/www.sudoestehoje.com.br\/novoportal\/wp-content\/uploads\/2016\/08\/ju-3-700x420.jpg 700w, https:\/\/www.sudoestehoje.com.br\/novoportal\/wp-content\/uploads\/2016\/08\/ju-3.jpg 960w\" sizes=\"auto, (max-width: 500px) 100vw, 500px\" \/><\/a><\/p>\n<p>O concorrido encontro aconteceu na noite desta sexta-feira (12), no &#8216;Cantinho Gospel&#8217;, localizado no bairro Clodoaldo Costa, e contou com as presen\u00e7as do candidato a prefeito Rodrigo Hagge (PMDB), Renan Pereira (DEM), candidato a vice-prefeito, vereadores, amigos, familiares e apoiadores da candidatura de Juscelino.<\/p>\n<p><a href=\"http:\/\/www.sudoestehoje.com.br\/novoportal\/wp-content\/uploads\/2016\/08\/ju-4.jpg\" rel=\"attachment wp-att-59453\"><img loading=\"lazy\" decoding=\"async\" class=\"aligncenter size-medium wp-image-59453\" src=\"http:\/\/www.sudoestehoje.com.br\/novoportal\/wp-content\/uploads\/2016\/08\/ju-4-500x300.jpg\" alt=\"ju 4\" width=\"500\" height=\"300\" srcset=\"https:\/\/www.sudoestehoje.com.br\/novoportal\/wp-content\/uploads\/2016\/08\/ju-4-500x300.jpg 500w, https:\/\/www.sudoestehoje.com.br\/novoportal\/wp-content\/uploads\/2016\/08\/ju-4-768x461.jpg 768w, https:\/\/www.sudoestehoje.com.br\/novoportal\/wp-content\/uploads\/2016\/08\/ju-4-700x420.jpg 700w, https:\/\/www.sudoestehoje.com.br\/novoportal\/wp-content\/uploads\/2016\/08\/ju-4.jpg 960w\" sizes=\"auto, (max-width: 500px) 100vw, 500px\" \/><\/a><\/p>\n<p>Representando a fam\u00edlia do candidato, falaram o seu filho Matheus e seus irm\u00e3os Marlene e Get\u00falio Gosmes, que ressaltaram as qualidades de Juscelino como pai dedicado e homem de car\u00e1ter e reputa\u00e7\u00e3o ilibada.<\/p>\n<p><a href=\"http:\/\/www.sudoestehoje.com.br\/novoportal\/wp-content\/uploads\/2016\/08\/ju-1.jpg\" rel=\"attachment wp-att-59450\"><img loading=\"lazy\" decoding=\"async\" class=\"aligncenter size-medium wp-image-59450\" src=\"http:\/\/www.sudoestehoje.com.br\/novoportal\/wp-content\/uploads\/2016\/08\/ju-1-500x281.jpg\" alt=\"ju 1\" width=\"500\" height=\"281\" srcset=\"https:\/\/www.sudoestehoje.com.br\/novoportal\/wp-content\/uploads\/2016\/08\/ju-1-500x281.jpg 500w, https:\/\/www.sudoestehoje.com.br\/novoportal\/wp-content\/uploads\/2016\/08\/ju-1-768x432.jpg 768w, https:\/\/www.sudoestehoje.com.br\/novoportal\/wp-content\/uploads\/2016\/08\/ju-1-700x394.jpg 700w, https:\/\/www.sudoestehoje.com.br\/novoportal\/wp-content\/uploads\/2016\/08\/ju-1.jpg 960w\" sizes=\"auto, (max-width: 500px) 100vw, 500px\" \/><\/a><\/p>\n<p>Rodrigo Hagge e Renan Pereira tamb\u00e9m avalizaram a candidatura de Juscelino, lembrando que ir\u00e3o precisar, caso eleitos, de uma bancada de qualidade na c\u00e2mara municipal, para viabilizar os projetos que dever\u00e3o recuperar e desenvolver o munic\u00edpio.<\/p>\n<p><a href=\"http:\/\/www.sudoestehoje.com.br\/novoportal\/wp-content\/uploads\/2016\/08\/ju-6.jpg\" rel=\"attachment wp-att-59455\"><img loading=\"lazy\" decoding=\"async\" class=\"aligncenter size-medium wp-image-59455\" src=\"http:\/\/www.sudoestehoje.com.br\/novoportal\/wp-content\/uploads\/2016\/08\/ju-6-500x300.jpg\" alt=\"ju 6\" width=\"500\" height=\"300\" srcset=\"https:\/\/www.sudoestehoje.com.br\/novoportal\/wp-content\/uploads\/2016\/08\/ju-6-500x300.jpg 500w, https:\/\/www.sudoestehoje.com.br\/novoportal\/wp-content\/uploads\/2016\/08\/ju-6-768x461.jpg 768w, https:\/\/www.sudoestehoje.com.br\/novoportal\/wp-content\/uploads\/2016\/08\/ju-6-700x420.jpg 700w, https:\/\/www.sudoestehoje.com.br\/novoportal\/wp-content\/uploads\/2016\/08\/ju-6.jpg 960w\" sizes=\"auto, (max-width: 500px) 100vw, 500px\" \/><\/a><\/p>\n<p>O evento contou com grande p\u00fablico, o que demonstra que as candidaturas de Rodrigo Hagge, Renan Pereira e Juscelino Gomes est\u00e3o em plena ascens\u00e3o e rumam a uma inevit\u00e1vel vit\u00f3ria. <strong><em>Ascom<\/em><\/strong><\/p>\n<p><img decoding=\"async\" class=\"aligncenter\" src=\"http:\/\/www.sudoestehoje.com.br\/novoportal\/wp-content\/uploads\/2015\/05\/rezende-500x163-500x163.jpg\" alt=\"\" \/><\/p>\n","protected":false},"excerpt":{"rendered":"<p>Numa demonstra\u00e7\u00e3o de enorme prest\u00edgio junto aos partidos de oposi\u00e7\u00e3o em Itapetinga e \u00e0 popula\u00e7\u00e3o, o democrata Juscelino Gomes conseguiu reunir toda a c\u00fapula do DEM, PMDB e partidos coligados, para a reuni\u00e3o de lan\u00e7amento da sua candidatura a vereador. Juscelino, que j\u00e1 exerceu o mandato de vereador por duas vezes, se afastou voluntariamente das [&hellip;]<\/p>\n","protected":false},"author":2,"featured_media":0,"comment_status":"open","ping_status":"open","sticky":false,"template":"","format":"standard","meta":{"footnotes":"","_links_to":"","_links_to_target":""},"categories":[1],"tags":[],"class_list":["post-59449","post","type-post","status-publish","format-standard","hentry","category-geral"],"views":2357,"_links":{"self":[{"href":"https:\/\/www.sudoestehoje.com.br\/novoportal\/wp-json\/wp\/v2\/posts\/59449","targetHints":{"allow":["GET"]}}],"collection":[{"href":"https:\/\/www.sudoestehoje.com.br\/novoportal\/wp-json\/wp\/v2\/posts"}],"about":[{"href":"https:\/\/www.sudoestehoje.com.br\/novoportal\/wp-json\/wp\/v2\/types\/post"}],"author":[{"embeddable":true,"href":"https:\/\/www.sudoestehoje.com.br\/novoportal\/wp-json\/wp\/v2\/users\/2"}],"replies":[{"embeddable":true,"href":"https:\/\/www.sudoestehoje.com.br\/novoportal\/wp-json\/wp\/v2\/comments?post=59449"}],"version-history":[{"count":2,"href":"https:\/\/www.sudoestehoje.com.br\/novoportal\/wp-json\/wp\/v2\/posts\/59449\/revisions"}],"predecessor-version":[{"id":59474,"href":"https:\/\/www.sudoestehoje.com.br\/novoportal\/wp-json\/wp\/v2\/posts\/59449\/revisions\/59474"}],"wp:attachment":[{"href":"https:\/\/www.sudoestehoje.com.br\/novoportal\/wp-json\/wp\/v2\/media?parent=59449"}],"wp:term":[{"taxonomy":"category","embeddable":true,"href":"https:\/\/www.sudoestehoje.com.br\/novoportal\/wp-json\/wp\/v2\/categories?post=59449"},{"taxonomy":"post_tag","embeddable":true,"href":"https:\/\/www.sudoestehoje.com.br\/novoportal\/wp-json\/wp\/v2\/tags?post=59449"}],"curies":[{"name":"wp","href":"https:\/\/api.w.org\/{rel}","templated":true}]}}