
{"id":59434,"date":"2016-08-13T00:58:13","date_gmt":"2016-08-13T03:58:13","guid":{"rendered":"http:\/\/www.sudoestehoje.com.br\/novoportal\/?p=59434"},"modified":"2016-08-13T01:04:59","modified_gmt":"2016-08-13T04:04:59","slug":"eleicoes-disputa-sera-polarizada-entre-tiquinho-e-rodrigo-afirma-leo-matos","status":"publish","type":"post","link":"https:\/\/www.sudoestehoje.com.br\/novoportal\/2016\/08\/13\/eleicoes-disputa-sera-polarizada-entre-tiquinho-e-rodrigo-afirma-leo-matos\/","title":{"rendered":"ELEI\u00c7\u00d5ES: &#8220;DISPUTA SER\u00c1 POLARIZADA ENTRE TIQUINHO E RODRIGO&#8221;, AFIRMA L\u00c9O MATOS"},"content":{"rendered":"<div id=\"attachment_59442\" style=\"width: 510px\" class=\"wp-caption aligncenter\"><a href=\"http:\/\/www.sudoestehoje.com.br\/novoportal\/wp-content\/uploads\/2016\/08\/tiquinho-e-rodrigo.jpg\" rel=\"attachment wp-att-59442\"><img loading=\"lazy\" decoding=\"async\" aria-describedby=\"caption-attachment-59442\" class=\"size-medium wp-image-59442\" src=\"http:\/\/www.sudoestehoje.com.br\/novoportal\/wp-content\/uploads\/2016\/08\/tiquinho-e-rodrigo-500x300.jpg\" alt=\"RODRIGO E TIQUINHO, SEGUNDO LEO MATOS, DEVER\u00c3O POLARIZAR A ELEI\u00c7\u00c3O\" width=\"500\" height=\"300\" srcset=\"https:\/\/www.sudoestehoje.com.br\/novoportal\/wp-content\/uploads\/2016\/08\/tiquinho-e-rodrigo-500x300.jpg 500w, https:\/\/www.sudoestehoje.com.br\/novoportal\/wp-content\/uploads\/2016\/08\/tiquinho-e-rodrigo-768x461.jpg 768w, https:\/\/www.sudoestehoje.com.br\/novoportal\/wp-content\/uploads\/2016\/08\/tiquinho-e-rodrigo-700x420.jpg 700w, https:\/\/www.sudoestehoje.com.br\/novoportal\/wp-content\/uploads\/2016\/08\/tiquinho-e-rodrigo.jpg 960w\" sizes=\"auto, (max-width: 500px) 100vw, 500px\" \/><\/a><p id=\"caption-attachment-59442\" class=\"wp-caption-text\">RODRIGO E TIQUINHO, SEGUNDO LEO MATOS, DEVER\u00c3O POLARIZAR A ELEI\u00c7\u00c3O<\/p><\/div>\n<p>Em conversa informal com o editor do Sudoeste Hoje, o candidato a vice-prefeito pelo PR, Leonardo Matos, disse acreditar que a elei\u00e7\u00e3o para prefeito e vice em Itapetinga dever\u00e1 ser polarizada entre dois principais grupos pol\u00edticos do munic\u00edpio, apesar de quatro nomes se apresentarem para a disputa.<\/p>\n<p>Segundo L\u00e9o Matos, essa polariza\u00e7\u00e3o dever\u00e1 ocorrer entre os candidatos Tiquinho Nogueira (PDT) e Rodrigo Hagge (PMDB), por raz\u00f5es mais do que \u00f3bvias: os dois candidatos est\u00e3o mais estruturados e contam com maior base de apoio no munic\u00edpio e distritos.<\/p>\n<p>Rodrigo Hagge, segundo ele, vem embalado pela for\u00e7a dos dois grupos pol\u00edticos que o apoiam, liderados por Michel Hagge (PMDB) e Jos\u00e9 Ot\u00e1vio Curvelo (DEM), enquanto Tiquinho entra na disputa movido pela for\u00e7a incontest\u00e1vel da m\u00e1quina administrativa e das conquistas e realiza\u00e7\u00f5es da administra\u00e7\u00e3o municipal, al\u00e9m dos benef\u00edcios trazidos pela Funda\u00e7\u00e3o Jos\u00e9 Silveira a Itapetinga, sob sua coordena\u00e7\u00e3o.<\/p>\n<p>Leonardo Matos citou os avan\u00e7os da \u00e1rea de sa\u00fade patrocinadas pela FJS, como a recupera\u00e7\u00e3o do Hospital Cristo Redentor, que estava em vias de ser fechado, al\u00e9m da implanta\u00e7\u00e3o da UTI no HCR e das feiras de Sa\u00fade realizadas em Itapetinga e regi\u00e3o. Esses fatores, segundo L\u00e9o, tamb\u00e9m dever\u00e3o ser considerados pela popula\u00e7\u00e3o, nas hora da escolha dos seus futuros gestores municipais.<\/p>\n<p>De acordo com L\u00e9o Matos, outros fatores podem influenciar no resultado da disputa, mas o quadro que se delineia neste momento \u00e9 de uma disputa acirrada entre esses dois grupos, apesar da qualidade dos outros dois postulantes, Al\u00e9cio Chaves (PSD) e Adriano Alc\u00e2ntara (PSDB).<\/p>\n<p>Segundo ele, recentes pesquisas internas j\u00e1 apontam para essa polariza\u00e7\u00e3o, com os dois candidatos ocupando as primeiras posi\u00e7\u00f5es no quadro geral.<\/p>\n<p><strong><em>Por Davi Ferraz\u00a0<\/em><\/strong><\/p>\n<p><img decoding=\"async\" class=\"aligncenter\" src=\"http:\/\/www.sudoestehoje.com.br\/novoportal\/wp-content\/uploads\/2016\/06\/CRISTO-PLANSERV-500x167.jpg\" alt=\"CRISTO-PLANSERV\" \/><\/p>\n","protected":false},"excerpt":{"rendered":"<p>Em conversa informal com o editor do Sudoeste Hoje, o candidato a vice-prefeito pelo PR, Leonardo Matos, disse acreditar que a elei\u00e7\u00e3o para prefeito e vice em Itapetinga dever\u00e1 ser polarizada entre dois principais grupos pol\u00edticos do munic\u00edpio, apesar de quatro nomes se apresentarem para a disputa. Segundo L\u00e9o Matos, essa polariza\u00e7\u00e3o dever\u00e1 ocorrer entre [&hellip;]<\/p>\n","protected":false},"author":2,"featured_media":0,"comment_status":"open","ping_status":"open","sticky":false,"template":"","format":"standard","meta":{"footnotes":"","_links_to":"","_links_to_target":""},"categories":[1],"tags":[],"class_list":["post-59434","post","type-post","status-publish","format-standard","hentry","category-geral"],"views":2284,"_links":{"self":[{"href":"https:\/\/www.sudoestehoje.com.br\/novoportal\/wp-json\/wp\/v2\/posts\/59434","targetHints":{"allow":["GET"]}}],"collection":[{"href":"https:\/\/www.sudoestehoje.com.br\/novoportal\/wp-json\/wp\/v2\/posts"}],"about":[{"href":"https:\/\/www.sudoestehoje.com.br\/novoportal\/wp-json\/wp\/v2\/types\/post"}],"author":[{"embeddable":true,"href":"https:\/\/www.sudoestehoje.com.br\/novoportal\/wp-json\/wp\/v2\/users\/2"}],"replies":[{"embeddable":true,"href":"https:\/\/www.sudoestehoje.com.br\/novoportal\/wp-json\/wp\/v2\/comments?post=59434"}],"version-history":[{"count":8,"href":"https:\/\/www.sudoestehoje.com.br\/novoportal\/wp-json\/wp\/v2\/posts\/59434\/revisions"}],"predecessor-version":[{"id":59448,"href":"https:\/\/www.sudoestehoje.com.br\/novoportal\/wp-json\/wp\/v2\/posts\/59434\/revisions\/59448"}],"wp:attachment":[{"href":"https:\/\/www.sudoestehoje.com.br\/novoportal\/wp-json\/wp\/v2\/media?parent=59434"}],"wp:term":[{"taxonomy":"category","embeddable":true,"href":"https:\/\/www.sudoestehoje.com.br\/novoportal\/wp-json\/wp\/v2\/categories?post=59434"},{"taxonomy":"post_tag","embeddable":true,"href":"https:\/\/www.sudoestehoje.com.br\/novoportal\/wp-json\/wp\/v2\/tags?post=59434"}],"curies":[{"name":"wp","href":"https:\/\/api.w.org\/{rel}","templated":true}]}}