
{"id":59431,"date":"2016-08-12T01:04:57","date_gmt":"2016-08-12T04:04:57","guid":{"rendered":"http:\/\/www.sudoestehoje.com.br\/novoportal\/?p=59431"},"modified":"2016-08-12T01:04:57","modified_gmt":"2016-08-12T04:04:57","slug":"morre-em-conquista-o-medico-paulo-cesar-de-padua-socio-da-ceoq","status":"publish","type":"post","link":"https:\/\/www.sudoestehoje.com.br\/novoportal\/2016\/08\/12\/morre-em-conquista-o-medico-paulo-cesar-de-padua-socio-da-ceoq\/","title":{"rendered":"MORRE EM CONQUISTA O M\u00c9DICO PAULO C\u00c9SAR DE P\u00c1DUA, S\u00d3CIO DA CEOQ"},"content":{"rendered":"<p><a href=\"http:\/\/www.sudoestehoje.com.br\/novoportal\/wp-content\/uploads\/2016\/08\/m\u00e9dico-ceoq.jpg\" rel=\"attachment wp-att-59432\"><img loading=\"lazy\" decoding=\"async\" class=\"aligncenter size-medium wp-image-59432\" src=\"http:\/\/www.sudoestehoje.com.br\/novoportal\/wp-content\/uploads\/2016\/08\/m\u00e9dico-ceoq-500x300.jpg\" alt=\"m\u00e9dico ceoq\" width=\"500\" height=\"300\" \/><\/a><\/p>\n<p>Faleceu nesta quinta-feira (11) o m\u00e9dico oftalmologista Paulo C\u00e9sar de P\u00e1dua. O m\u00e9dico, s\u00f3cio do CEOQ (Centro Especializado Oftalmol\u00f3gico Queiroz), estava internado no IBR Hospital, tratando de uma doen\u00e7a n\u00e3o informada.<\/p>\n<p>O vel\u00f3rio ser\u00e1 realizado a partir das 18 horas, na Loja Ma\u00e7\u00f4nica Cavaleiros do Oriente. O sepultamento acontecer\u00e1 nesta sexta\u00a0(12), \u00e0s 10 horas,no Cemit\u00e9rio Memorial das Ac\u00e1cias, Rodovia Conquista \u2013 Anag\u00e9.<\/p>\n","protected":false},"excerpt":{"rendered":"<p>Faleceu nesta quinta-feira (11) o m\u00e9dico oftalmologista Paulo C\u00e9sar de P\u00e1dua. O m\u00e9dico, s\u00f3cio do CEOQ (Centro Especializado Oftalmol\u00f3gico Queiroz), estava internado no IBR Hospital, tratando de uma doen\u00e7a n\u00e3o informada. O vel\u00f3rio ser\u00e1 realizado a partir das 18 horas, na Loja Ma\u00e7\u00f4nica Cavaleiros do Oriente. O sepultamento acontecer\u00e1 nesta sexta\u00a0(12), \u00e0s 10 horas,no Cemit\u00e9rio [&hellip;]<\/p>\n","protected":false},"author":2,"featured_media":0,"comment_status":"open","ping_status":"open","sticky":false,"template":"","format":"standard","meta":{"footnotes":"","_links_to":"","_links_to_target":""},"categories":[1],"tags":[],"class_list":["post-59431","post","type-post","status-publish","format-standard","hentry","category-geral"],"views":1775,"_links":{"self":[{"href":"https:\/\/www.sudoestehoje.com.br\/novoportal\/wp-json\/wp\/v2\/posts\/59431","targetHints":{"allow":["GET"]}}],"collection":[{"href":"https:\/\/www.sudoestehoje.com.br\/novoportal\/wp-json\/wp\/v2\/posts"}],"about":[{"href":"https:\/\/www.sudoestehoje.com.br\/novoportal\/wp-json\/wp\/v2\/types\/post"}],"author":[{"embeddable":true,"href":"https:\/\/www.sudoestehoje.com.br\/novoportal\/wp-json\/wp\/v2\/users\/2"}],"replies":[{"embeddable":true,"href":"https:\/\/www.sudoestehoje.com.br\/novoportal\/wp-json\/wp\/v2\/comments?post=59431"}],"version-history":[{"count":1,"href":"https:\/\/www.sudoestehoje.com.br\/novoportal\/wp-json\/wp\/v2\/posts\/59431\/revisions"}],"predecessor-version":[{"id":59433,"href":"https:\/\/www.sudoestehoje.com.br\/novoportal\/wp-json\/wp\/v2\/posts\/59431\/revisions\/59433"}],"wp:attachment":[{"href":"https:\/\/www.sudoestehoje.com.br\/novoportal\/wp-json\/wp\/v2\/media?parent=59431"}],"wp:term":[{"taxonomy":"category","embeddable":true,"href":"https:\/\/www.sudoestehoje.com.br\/novoportal\/wp-json\/wp\/v2\/categories?post=59431"},{"taxonomy":"post_tag","embeddable":true,"href":"https:\/\/www.sudoestehoje.com.br\/novoportal\/wp-json\/wp\/v2\/tags?post=59431"}],"curies":[{"name":"wp","href":"https:\/\/api.w.org\/{rel}","templated":true}]}}