
{"id":59426,"date":"2016-08-11T21:54:51","date_gmt":"2016-08-12T00:54:51","guid":{"rendered":"http:\/\/www.sudoestehoje.com.br\/novoportal\/?p=59426"},"modified":"2016-08-11T22:00:10","modified_gmt":"2016-08-12T01:00:10","slug":"comentarista-da-bbc-reclama-de-galvao-bueno-precisa-calar-a-boca","status":"publish","type":"post","link":"https:\/\/www.sudoestehoje.com.br\/novoportal\/2016\/08\/11\/comentarista-da-bbc-reclama-de-galvao-bueno-precisa-calar-a-boca\/","title":{"rendered":"COMENTARISTA DA BBC RECLAMA DE GALV\u00c3O BUENO: &#8220;PRECISA CALAR A BOCA&#8221;"},"content":{"rendered":"<p><a href=\"http:\/\/www.sudoestehoje.com.br\/novoportal\/wp-content\/uploads\/2016\/08\/galvao-bueno-guga-borges-Foto-Reproducao.jpg\" rel=\"attachment wp-att-59427\"><img loading=\"lazy\" decoding=\"async\" class=\"aligncenter size-medium wp-image-59427\" src=\"http:\/\/www.sudoestehoje.com.br\/novoportal\/wp-content\/uploads\/2016\/08\/galvao-bueno-guga-borges-Foto-Reproducao-500x352.jpg\" alt=\"galvao bueno guga borges Foto Reproducao\" width=\"500\" height=\"352\" srcset=\"https:\/\/www.sudoestehoje.com.br\/novoportal\/wp-content\/uploads\/2016\/08\/galvao-bueno-guga-borges-Foto-Reproducao-500x352.jpg 500w, https:\/\/www.sudoestehoje.com.br\/novoportal\/wp-content\/uploads\/2016\/08\/galvao-bueno-guga-borges-Foto-Reproducao-768x540.jpg 768w, https:\/\/www.sudoestehoje.com.br\/novoportal\/wp-content\/uploads\/2016\/08\/galvao-bueno-guga-borges-Foto-Reproducao-700x492.jpg 700w, https:\/\/www.sudoestehoje.com.br\/novoportal\/wp-content\/uploads\/2016\/08\/galvao-bueno-guga-borges-Foto-Reproducao.jpg 1000w\" sizes=\"auto, (max-width: 500px) 100vw, 500px\" \/><\/a><\/p>\n<p>RIO-2016: Durante a transmiss\u00e3o de uma prova de nata\u00e7\u00e3o na Olimp\u00edada do Rio-2016, o narrador Galv\u00e3o Bueno levou uma bronca de um comentarista esportivo da rede de televis\u00e3o inglesa\u00a0BBC.<\/p>\n<p>&#8220;O comentarista perto de mim precisa calar a boca durante a largada. Desculpem, todo mundo aqui est\u00e1 quieto durante a largada, a \u00e1rbitra fez a coisa certa, sabe&#8221;, disse.<\/p>\n<p>Galv\u00e3o Bueno estava falando alto demais, em um momento em que o sil\u00eancio no complexo esportivo era primordial, para n\u00e3o atrapalhar a concentra\u00e7\u00e3o dos atletas na hora de ouvir o momento exato da largada. A ju\u00edza acabou atrasando o in\u00edcio da prova pela falta de sil\u00eancio.<\/p>\n<p>Na Copa do Mundo de 2010, Galv\u00e3o j\u00e1 havia chamado aten\u00e7\u00e3o internacional por conta do meme &#8220;Cala Boca Galv\u00e3o&#8221;, que estava entre os principais assuntos comentados no Twitter \u00e0 \u00e9poca. (AE)<\/p>\n","protected":false},"excerpt":{"rendered":"<p>RIO-2016: Durante a transmiss\u00e3o de uma prova de nata\u00e7\u00e3o na Olimp\u00edada do Rio-2016, o narrador Galv\u00e3o Bueno levou uma bronca de um comentarista esportivo da rede de televis\u00e3o inglesa\u00a0BBC. &#8220;O comentarista perto de mim precisa calar a boca durante a largada. Desculpem, todo mundo aqui est\u00e1 quieto durante a largada, a \u00e1rbitra fez a coisa [&hellip;]<\/p>\n","protected":false},"author":2,"featured_media":0,"comment_status":"open","ping_status":"open","sticky":false,"template":"","format":"standard","meta":{"footnotes":"","_links_to":"","_links_to_target":""},"categories":[1],"tags":[],"class_list":["post-59426","post","type-post","status-publish","format-standard","hentry","category-geral"],"views":2115,"_links":{"self":[{"href":"https:\/\/www.sudoestehoje.com.br\/novoportal\/wp-json\/wp\/v2\/posts\/59426","targetHints":{"allow":["GET"]}}],"collection":[{"href":"https:\/\/www.sudoestehoje.com.br\/novoportal\/wp-json\/wp\/v2\/posts"}],"about":[{"href":"https:\/\/www.sudoestehoje.com.br\/novoportal\/wp-json\/wp\/v2\/types\/post"}],"author":[{"embeddable":true,"href":"https:\/\/www.sudoestehoje.com.br\/novoportal\/wp-json\/wp\/v2\/users\/2"}],"replies":[{"embeddable":true,"href":"https:\/\/www.sudoestehoje.com.br\/novoportal\/wp-json\/wp\/v2\/comments?post=59426"}],"version-history":[{"count":3,"href":"https:\/\/www.sudoestehoje.com.br\/novoportal\/wp-json\/wp\/v2\/posts\/59426\/revisions"}],"predecessor-version":[{"id":59430,"href":"https:\/\/www.sudoestehoje.com.br\/novoportal\/wp-json\/wp\/v2\/posts\/59426\/revisions\/59430"}],"wp:attachment":[{"href":"https:\/\/www.sudoestehoje.com.br\/novoportal\/wp-json\/wp\/v2\/media?parent=59426"}],"wp:term":[{"taxonomy":"category","embeddable":true,"href":"https:\/\/www.sudoestehoje.com.br\/novoportal\/wp-json\/wp\/v2\/categories?post=59426"},{"taxonomy":"post_tag","embeddable":true,"href":"https:\/\/www.sudoestehoje.com.br\/novoportal\/wp-json\/wp\/v2\/tags?post=59426"}],"curies":[{"name":"wp","href":"https:\/\/api.w.org\/{rel}","templated":true}]}}