
{"id":59422,"date":"2016-08-11T20:57:27","date_gmt":"2016-08-11T23:57:27","guid":{"rendered":"http:\/\/www.sudoestehoje.com.br\/novoportal\/?p=59422"},"modified":"2016-08-11T20:57:27","modified_gmt":"2016-08-11T23:57:27","slug":"rodrigo-hagge-a-proposta-do-novo-e-viavel-e-factivel","status":"publish","type":"post","link":"https:\/\/www.sudoestehoje.com.br\/novoportal\/2016\/08\/11\/rodrigo-hagge-a-proposta-do-novo-e-viavel-e-factivel\/","title":{"rendered":"RODRIGO HAGGE: \u201cA PROPOSTA DO NOVO \u00c9 VI\u00c1VEL, \u00c9 FACT\u00cdVEL&#8221;"},"content":{"rendered":"<p style=\"text-align: justify; background: white; margin: 0cm 0cm 7.5pt 0cm;\">\n<p style=\"text-align: justify; background: white; margin: 0cm 0cm 7.5pt 0cm;\"><a href=\"http:\/\/www.sudoestehoje.com.br\/novoportal\/wp-content\/uploads\/2016\/08\/RODRIGO-HAGGE-OFICIAL.jpg\" rel=\"attachment wp-att-59423\"><img loading=\"lazy\" decoding=\"async\" class=\"aligncenter size-medium wp-image-59423\" src=\"http:\/\/www.sudoestehoje.com.br\/novoportal\/wp-content\/uploads\/2016\/08\/RODRIGO-HAGGE-OFICIAL-500x500.jpg\" alt=\"RODRIGO HAGGE OFICIAL\" width=\"500\" height=\"500\" srcset=\"https:\/\/www.sudoestehoje.com.br\/novoportal\/wp-content\/uploads\/2016\/08\/RODRIGO-HAGGE-OFICIAL-500x500.jpg 500w, https:\/\/www.sudoestehoje.com.br\/novoportal\/wp-content\/uploads\/2016\/08\/RODRIGO-HAGGE-OFICIAL-150x150.jpg 150w, https:\/\/www.sudoestehoje.com.br\/novoportal\/wp-content\/uploads\/2016\/08\/RODRIGO-HAGGE-OFICIAL.jpg 639w\" sizes=\"auto, (max-width: 500px) 100vw, 500px\" \/><\/a><\/p>\n<p style=\"text-align: justify; background: white; margin: 0cm 0cm 7.5pt 0cm;\"><span style=\"font-family: 'Arial','sans-serif'; color: #333333;\">Na ter\u00e7a-feira, 9 de agosto, os quatro pr\u00e9-candidatos a prefeito de Itapetinga estiveram participando de um debate na C\u00e2mara de Vereadores de Itapetinga, promovido pelo COMAD \u2013 Conselho Municipal de Pol\u00edticas Sobre Drogas. \u201cPreven\u00e7\u00e3o ao uso abusivo e indevido de drogas. Enfrentamento e combate ao tr\u00e1fico\u201d foi o tema do evento, que reuniu um p\u00fablico surpreendente no plen\u00e1rio do L<span class=\"textexposedshow\"><span style=\"box-sizing: border-box;\">egislativo.<\/span><\/span><\/span><\/p>\n<p style=\"text-align: justify; background: white; box-sizing: border-box; font-variant-ligatures: normal; font-variant-caps: normal; orphans: 2; widows: 2; -webkit-text-stroke-width: 0px; word-spacing: 0px; margin: 0cm 0cm 7.5pt 0cm;\"><span style=\"box-sizing: border-box;\"><span class=\"textexposedshow\"><span style=\"font-family: 'Arial','sans-serif'; color: #333333;\">O candidato do PMDB\/DEM, Rodrigo Hagge, acompanhado de seu vice Renan Pereira, considerou o tema bastante pertinente. \u201cComo bem explicou o Comando, o uso abusivo de drogas \u00e9 um fator desencadeador do agravamento da viol\u00eancia na comunidade e \u00e9 necess\u00e1rio realmente discuss\u00e3o e busca de conhecimento sobre suas dimens\u00f5es, a fim de montarmos as estrat\u00e9gias de preven\u00e7\u00e3o\u201d.<\/span><\/span><\/span><\/p>\n<p style=\"text-align: justify; background: white; margin: 0cm 0cm 7.5pt 0cm;\"><span style=\"font-family: 'Arial','sans-serif'; color: #333333;\"><span class=\"textexposedshow\">Ao falar aos presentes, Rodrigo tamb\u00e9m disse que nesse seu in\u00edcio de caminhada, montou estrat\u00e9gia de a\u00e7\u00e3o em 3 pilares: \u201carrumar a casa e tirar Itapetinga deste est\u00e1gio de letargia em que se encontra; o segundo \u00e9 ter humildade para ouvir o povo e transformar isto em atos e a\u00e7\u00f5es concretas \u2013 como fez meu av\u00f4 durante o per\u00edodo em que esteve \u00e0 frente de nosso munic\u00edpio \u2013 e terceiro, e \u00e9 o que eu quero deixar mais claro aqui pra voc\u00eas, s\u00e3o as promessas poss\u00edveis, pois n\u00e3o estou aqui para vender sonho ou ilus\u00f5es para a comunidade, mas sim lutar para que todas as nossas propostas de campanha se transformem em realidade e melhores condi\u00e7\u00f5es de vida para nosso povo\u201d, enfatizou Hagge.<\/span><\/span><\/p>\n<p style=\"text-align: justify; background: white; margin: 0cm 0cm 7.5pt 0cm;\"><span style=\"font-family: 'Arial','sans-serif'; color: #333333;\"><span class=\"textexposedshow\">O candidato do PMDB elogiou os conselhos e programas que funcionam em Itapetinga em prol da conscientiza\u00e7\u00e3o e aux\u00edlio na recupera\u00e7\u00e3o de pessoas envolvidas com as drogas e entorpecentes, bem como se colocou \u00e0 disposi\u00e7\u00e3o para, saindo-se vencedor no pleito pr\u00f3ximo, colaborar com o fortalecimento e manuten\u00e7\u00e3o dessas entidades.<\/span><\/span><\/p>\n<p style=\"text-align: justify; background: white; margin: 0cm 0cm 7.5pt 0cm;\"><span style=\"font-family: 'Arial','sans-serif'; color: #333333;\"><span class=\"textexposedshow\">Durante o debate, Rodrigo Hagge fez uma refer\u00eancia especial ao seu colega de chapa, o vice Renan Pereira, dizendo que junto com ele, ser\u00e1 a pessoa que vai colaborar para que a popula\u00e7\u00e3o reconquiste a esperan\u00e7a no futuro de Itapetinga. \u201cA proposta do novo \u00e9 vi\u00e1vel, \u00e9 fact\u00edvel e podemos fazer diferente por Itapetinga. E como jovem, fico feliz porque me enquadro no tema desse debate. N\u00f3s jovens somos a principal \u00e1rea de risco das drogas, os principais vulner\u00e1veis \u00e0s drogas hoje no Brasil. Segundo os dados do Comad, temos hoje na cidade 52% da popula\u00e7\u00e3o entre 10 e 39 anos e vejo o tema desse encontro muito prop\u00edcio para ser tratado n\u00e3o apenas em um debate, mas durante todos os dias do ano\u201d, finalizou.\u00a0<\/span><\/span><em><strong><span style=\"font-family: 'Arial','sans-serif'; color: #333333;\">Ascom RR<\/span><\/strong><\/em><\/p>\n","protected":false},"excerpt":{"rendered":"<p>Na ter\u00e7a-feira, 9 de agosto, os quatro pr\u00e9-candidatos a prefeito de Itapetinga estiveram participando de um debate na C\u00e2mara de Vereadores de Itapetinga, promovido pelo COMAD \u2013 Conselho Municipal de Pol\u00edticas Sobre Drogas. \u201cPreven\u00e7\u00e3o ao uso abusivo e indevido de drogas. Enfrentamento e combate ao tr\u00e1fico\u201d foi o tema do evento, que reuniu um p\u00fablico [&hellip;]<\/p>\n","protected":false},"author":2,"featured_media":0,"comment_status":"open","ping_status":"open","sticky":false,"template":"","format":"standard","meta":{"footnotes":"","_links_to":"","_links_to_target":""},"categories":[1],"tags":[],"class_list":["post-59422","post","type-post","status-publish","format-standard","hentry","category-geral"],"views":2850,"_links":{"self":[{"href":"https:\/\/www.sudoestehoje.com.br\/novoportal\/wp-json\/wp\/v2\/posts\/59422","targetHints":{"allow":["GET"]}}],"collection":[{"href":"https:\/\/www.sudoestehoje.com.br\/novoportal\/wp-json\/wp\/v2\/posts"}],"about":[{"href":"https:\/\/www.sudoestehoje.com.br\/novoportal\/wp-json\/wp\/v2\/types\/post"}],"author":[{"embeddable":true,"href":"https:\/\/www.sudoestehoje.com.br\/novoportal\/wp-json\/wp\/v2\/users\/2"}],"replies":[{"embeddable":true,"href":"https:\/\/www.sudoestehoje.com.br\/novoportal\/wp-json\/wp\/v2\/comments?post=59422"}],"version-history":[{"count":2,"href":"https:\/\/www.sudoestehoje.com.br\/novoportal\/wp-json\/wp\/v2\/posts\/59422\/revisions"}],"predecessor-version":[{"id":59425,"href":"https:\/\/www.sudoestehoje.com.br\/novoportal\/wp-json\/wp\/v2\/posts\/59422\/revisions\/59425"}],"wp:attachment":[{"href":"https:\/\/www.sudoestehoje.com.br\/novoportal\/wp-json\/wp\/v2\/media?parent=59422"}],"wp:term":[{"taxonomy":"category","embeddable":true,"href":"https:\/\/www.sudoestehoje.com.br\/novoportal\/wp-json\/wp\/v2\/categories?post=59422"},{"taxonomy":"post_tag","embeddable":true,"href":"https:\/\/www.sudoestehoje.com.br\/novoportal\/wp-json\/wp\/v2\/tags?post=59422"}],"curies":[{"name":"wp","href":"https:\/\/api.w.org\/{rel}","templated":true}]}}