
{"id":59417,"date":"2016-08-11T17:53:31","date_gmt":"2016-08-11T20:53:31","guid":{"rendered":"http:\/\/www.sudoestehoje.com.br\/novoportal\/?p=59417"},"modified":"2016-08-11T18:01:32","modified_gmt":"2016-08-11T21:01:32","slug":"eleicoes-crescem-os-apoios-a-candidatura-de-marcio-piu-a-vereador","status":"publish","type":"post","link":"https:\/\/www.sudoestehoje.com.br\/novoportal\/2016\/08\/11\/eleicoes-crescem-os-apoios-a-candidatura-de-marcio-piu-a-vereador\/","title":{"rendered":"ELEI\u00c7\u00d5ES: CRESCEM OS APOIOS \u00c0 CANDIDATURA DE MARCIO PIU A VEREADOR"},"content":{"rendered":"<p><a href=\"http:\/\/www.sudoestehoje.com.br\/novoportal\/wp-content\/uploads\/2016\/08\/piu-5.jpg\" rel=\"attachment wp-att-59418\"><img loading=\"lazy\" decoding=\"async\" class=\"aligncenter wp-image-59418\" src=\"http:\/\/www.sudoestehoje.com.br\/novoportal\/wp-content\/uploads\/2016\/08\/piu-5.jpg\" alt=\"piu 5\" width=\"500\" height=\"375\" \/><\/a><\/p>\n<p>Com a elei\u00e7\u00e3o se aproximando, o pr\u00e9-candidato a vereador M\u00e1rcio Piu vem ganhando for\u00e7a e v\u00e1rias ades\u00f5es, al\u00e9m de uma excelente aceita\u00e7\u00e3o do povo itapetinguense neste in\u00edcio de caminhada pol\u00edtica.<\/p>\n<p>Por onde M\u00e1rcio passa, tem conquistado o apoio de v\u00e1rios amigos que de forma totalmente espont\u00e2nea t\u00eam abra\u00e7ado este projeto de renova\u00e7\u00e3o, al\u00e9m de novos parceiros que a cada dia tem conquistado, sem promessas e sem falsidade.<\/p>\n<p><a href=\"http:\/\/www.sudoestehoje.com.br\/novoportal\/wp-content\/uploads\/2016\/08\/piu-6.jpg\" rel=\"attachment wp-att-59419\"><img loading=\"lazy\" decoding=\"async\" class=\"aligncenter size-full wp-image-59419\" src=\"http:\/\/www.sudoestehoje.com.br\/novoportal\/wp-content\/uploads\/2016\/08\/piu-6.jpg\" alt=\"piu 6\" width=\"480\" height=\"360\" \/><\/a><\/p>\n<p>Podemos citar varios nomes que est\u00e3o somando for\u00e7as neste programa: o Pr. Linderval de Assis, pastor presidente da Igreja Shekinah; o Pr. Gilberto Bahia, da Igreja Shekinah do Quintas do Sul; o Pr. Evandro do Minist\u00e9rio &#8220;Um Chamado&#8221; e o m\u00e9dico Dr. Carlos Ladeia, da Oncomed em Vit\u00f3ria da Conquista.<\/p>\n<p>Juntaram-se tamb\u00e9m \u00e0 candidatura de Marcio, o empres\u00e1rio Zequinha da Tape\u00e7aria G\u00f3is; o servidor p\u00fablico federal Daniel Mendes do IBGE; o Minist\u00e9rio de Louvor Alex Brito; a empres\u00e1ria Viviane Cunha, propriet\u00e1ria da Moda &amp; Estilo; Marquinho da Camurujipe; v\u00e1rios Policiais Militares e um grande n\u00famero de jovens que disseram SIM ao projeto \u201cVem com a gente\u201d.\u00a0<em><strong>Ascom<\/strong><\/em><\/p>\n<p><img decoding=\"async\" class=\"aligncenter\" src=\"http:\/\/www.sudoestehoje.com.br\/novoportal\/wp-content\/uploads\/2015\/07\/%C3%93TICA-ITAPUAN-BANNER1-500x179.jpg\" alt=\"\u00d3TICA-ITAPUAN-BANNER1\" \/><\/p>\n","protected":false},"excerpt":{"rendered":"<p>Com a elei\u00e7\u00e3o se aproximando, o pr\u00e9-candidato a vereador M\u00e1rcio Piu vem ganhando for\u00e7a e v\u00e1rias ades\u00f5es, al\u00e9m de uma excelente aceita\u00e7\u00e3o do povo itapetinguense neste in\u00edcio de caminhada pol\u00edtica. Por onde M\u00e1rcio passa, tem conquistado o apoio de v\u00e1rios amigos que de forma totalmente espont\u00e2nea t\u00eam abra\u00e7ado este projeto de renova\u00e7\u00e3o, al\u00e9m de novos [&hellip;]<\/p>\n","protected":false},"author":2,"featured_media":0,"comment_status":"open","ping_status":"open","sticky":false,"template":"","format":"standard","meta":{"footnotes":"","_links_to":"","_links_to_target":""},"categories":[1],"tags":[],"class_list":["post-59417","post","type-post","status-publish","format-standard","hentry","category-geral"],"views":1869,"_links":{"self":[{"href":"https:\/\/www.sudoestehoje.com.br\/novoportal\/wp-json\/wp\/v2\/posts\/59417","targetHints":{"allow":["GET"]}}],"collection":[{"href":"https:\/\/www.sudoestehoje.com.br\/novoportal\/wp-json\/wp\/v2\/posts"}],"about":[{"href":"https:\/\/www.sudoestehoje.com.br\/novoportal\/wp-json\/wp\/v2\/types\/post"}],"author":[{"embeddable":true,"href":"https:\/\/www.sudoestehoje.com.br\/novoportal\/wp-json\/wp\/v2\/users\/2"}],"replies":[{"embeddable":true,"href":"https:\/\/www.sudoestehoje.com.br\/novoportal\/wp-json\/wp\/v2\/comments?post=59417"}],"version-history":[{"count":2,"href":"https:\/\/www.sudoestehoje.com.br\/novoportal\/wp-json\/wp\/v2\/posts\/59417\/revisions"}],"predecessor-version":[{"id":59421,"href":"https:\/\/www.sudoestehoje.com.br\/novoportal\/wp-json\/wp\/v2\/posts\/59417\/revisions\/59421"}],"wp:attachment":[{"href":"https:\/\/www.sudoestehoje.com.br\/novoportal\/wp-json\/wp\/v2\/media?parent=59417"}],"wp:term":[{"taxonomy":"category","embeddable":true,"href":"https:\/\/www.sudoestehoje.com.br\/novoportal\/wp-json\/wp\/v2\/categories?post=59417"},{"taxonomy":"post_tag","embeddable":true,"href":"https:\/\/www.sudoestehoje.com.br\/novoportal\/wp-json\/wp\/v2\/tags?post=59417"}],"curies":[{"name":"wp","href":"https:\/\/api.w.org\/{rel}","templated":true}]}}