
{"id":59409,"date":"2016-08-11T00:10:57","date_gmt":"2016-08-11T03:10:57","guid":{"rendered":"http:\/\/www.sudoestehoje.com.br\/novoportal\/?p=59409"},"modified":"2016-08-11T00:10:57","modified_gmt":"2016-08-11T03:10:57","slug":"eleicoes-prefeitos-com-contas-rejeitadas-podem-se-candidatar-diz-stf","status":"publish","type":"post","link":"https:\/\/www.sudoestehoje.com.br\/novoportal\/2016\/08\/11\/eleicoes-prefeitos-com-contas-rejeitadas-podem-se-candidatar-diz-stf\/","title":{"rendered":"ELEI\u00c7\u00d5ES: PREFEITOS COM CONTAS REJEITADAS PODEM SE CANDIDATAR, DIZ STF"},"content":{"rendered":"<p><a href=\"http:\/\/www.sudoestehoje.com.br\/novoportal\/wp-content\/uploads\/2016\/08\/STF.jpg\" rel=\"attachment wp-att-59410\"><img loading=\"lazy\" decoding=\"async\" class=\"aligncenter size-medium wp-image-59410\" src=\"http:\/\/www.sudoestehoje.com.br\/novoportal\/wp-content\/uploads\/2016\/08\/STF-500x288.jpg\" alt=\"STF\" width=\"500\" height=\"288\" srcset=\"https:\/\/www.sudoestehoje.com.br\/novoportal\/wp-content\/uploads\/2016\/08\/STF-500x288.jpg 500w, https:\/\/www.sudoestehoje.com.br\/novoportal\/wp-content\/uploads\/2016\/08\/STF.jpg 650w\" sizes=\"auto, (max-width: 500px) 100vw, 500px\" \/><\/a><\/p>\n<p>O Supremo Tribunal Federal (STF) decidiu, nesta quarta-feira, 10, que candidatos a prefeito que tiveram contas rejeitadas somente pelos tribunais de Contas estaduais podem concorrer \u00e0s elei\u00e7\u00f5es de outubro. De acordo com o entendimento firmado pela Corte, os candidatos s\u00f3 podem ser barrados pela Lei da Ficha Limpa se tiverem as contas reprovadas pelas c\u00e2maras municipais<\/p>\n<p>No julgamento, por 6 votos a 5, a maioria dos ministros entendeu que a decis\u00e3o dos tribunais que desaprova as contas do governo deve ser tratada apenas como um parecer pr\u00e9vio, que deve ser apreciado pelos vereadores. Para os ministros, o Legislativo local tem a palavra final sobre a decis\u00e3o que rejeita ou aprova as contas. Dessa forma, somente ap\u00f3s decis\u00e3o desfavor\u00e1vel dos vereadores, um candidato pode ser impedido de concorrer \u00e0s elei\u00e7\u00f5es.<\/p>\n<p>A Lei da Ficha Limpa diz que as pessoas que tiverem as contas relativas ao exerc\u00edcio de cargos ou fun\u00e7\u00f5es p\u00fablicas rejeitadas por irregularidade insan\u00e1vel ficam ineleg\u00edveis por oito anos a partir da decis\u00e3o.<em><strong> A Tarde<\/strong><\/em><\/p>\n<p><img decoding=\"async\" class=\"aligncenter\" src=\"http:\/\/www.sudoestehoje.com.br\/novoportal\/wp-content\/uploads\/2015\/05\/rezende-500x163-500x163.jpg\" alt=\"\" \/><\/p>\n","protected":false},"excerpt":{"rendered":"<p>O Supremo Tribunal Federal (STF) decidiu, nesta quarta-feira, 10, que candidatos a prefeito que tiveram contas rejeitadas somente pelos tribunais de Contas estaduais podem concorrer \u00e0s elei\u00e7\u00f5es de outubro. De acordo com o entendimento firmado pela Corte, os candidatos s\u00f3 podem ser barrados pela Lei da Ficha Limpa se tiverem as contas reprovadas pelas c\u00e2maras [&hellip;]<\/p>\n","protected":false},"author":2,"featured_media":0,"comment_status":"open","ping_status":"open","sticky":false,"template":"","format":"standard","meta":{"footnotes":"","_links_to":"","_links_to_target":""},"categories":[1],"tags":[],"class_list":["post-59409","post","type-post","status-publish","format-standard","hentry","category-geral"],"views":1494,"_links":{"self":[{"href":"https:\/\/www.sudoestehoje.com.br\/novoportal\/wp-json\/wp\/v2\/posts\/59409","targetHints":{"allow":["GET"]}}],"collection":[{"href":"https:\/\/www.sudoestehoje.com.br\/novoportal\/wp-json\/wp\/v2\/posts"}],"about":[{"href":"https:\/\/www.sudoestehoje.com.br\/novoportal\/wp-json\/wp\/v2\/types\/post"}],"author":[{"embeddable":true,"href":"https:\/\/www.sudoestehoje.com.br\/novoportal\/wp-json\/wp\/v2\/users\/2"}],"replies":[{"embeddable":true,"href":"https:\/\/www.sudoestehoje.com.br\/novoportal\/wp-json\/wp\/v2\/comments?post=59409"}],"version-history":[{"count":1,"href":"https:\/\/www.sudoestehoje.com.br\/novoportal\/wp-json\/wp\/v2\/posts\/59409\/revisions"}],"predecessor-version":[{"id":59411,"href":"https:\/\/www.sudoestehoje.com.br\/novoportal\/wp-json\/wp\/v2\/posts\/59409\/revisions\/59411"}],"wp:attachment":[{"href":"https:\/\/www.sudoestehoje.com.br\/novoportal\/wp-json\/wp\/v2\/media?parent=59409"}],"wp:term":[{"taxonomy":"category","embeddable":true,"href":"https:\/\/www.sudoestehoje.com.br\/novoportal\/wp-json\/wp\/v2\/categories?post=59409"},{"taxonomy":"post_tag","embeddable":true,"href":"https:\/\/www.sudoestehoje.com.br\/novoportal\/wp-json\/wp\/v2\/tags?post=59409"}],"curies":[{"name":"wp","href":"https:\/\/api.w.org\/{rel}","templated":true}]}}