
{"id":59383,"date":"2016-08-10T17:13:17","date_gmt":"2016-08-10T20:13:17","guid":{"rendered":"http:\/\/www.sudoestehoje.com.br\/novoportal\/?p=59383"},"modified":"2016-08-10T21:24:04","modified_gmt":"2016-08-11T00:24:04","slug":"eleicoes-debate-entre-candidatos-a-prefeito-esquenta-campanha-em-itapetinga","status":"publish","type":"post","link":"https:\/\/www.sudoestehoje.com.br\/novoportal\/2016\/08\/10\/eleicoes-debate-entre-candidatos-a-prefeito-esquenta-campanha-em-itapetinga\/","title":{"rendered":"ELEI\u00c7\u00d5ES: DEBATE ENTRE CANDIDATOS A PREFEITO ESQUENTA CAMPANHA EM ITAPETINGA"},"content":{"rendered":"<p><a href=\"http:\/\/www.sudoestehoje.com.br\/novoportal\/wp-content\/uploads\/2016\/08\/DE-1.jpg\" rel=\"attachment wp-att-59386\"><img loading=\"lazy\" decoding=\"async\" class=\"aligncenter size-medium wp-image-59386\" src=\"http:\/\/www.sudoestehoje.com.br\/novoportal\/wp-content\/uploads\/2016\/08\/DE-1-500x300.jpg\" alt=\"DE 1\" width=\"500\" height=\"300\" srcset=\"https:\/\/www.sudoestehoje.com.br\/novoportal\/wp-content\/uploads\/2016\/08\/DE-1-500x300.jpg 500w, https:\/\/www.sudoestehoje.com.br\/novoportal\/wp-content\/uploads\/2016\/08\/DE-1-768x461.jpg 768w, https:\/\/www.sudoestehoje.com.br\/novoportal\/wp-content\/uploads\/2016\/08\/DE-1-700x420.jpg 700w, https:\/\/www.sudoestehoje.com.br\/novoportal\/wp-content\/uploads\/2016\/08\/DE-1.jpg 960w\" sizes=\"auto, (max-width: 500px) 100vw, 500px\" \/><\/a><\/p>\n<p>Um concorrido debate entre os candidatos a prefeito Adriano Alc\u00e2ntara (PSDB), Rodrigo Hagge (PMDB), Al\u00e9cio Chaves (PSD) e Hild\u00e9rico Nogueira (PDT), realizado na noite desta ter\u00e7a-feira na C\u00e2mara de Vereadores, deu a largada para a campanha eleitoral que promete ser quente e concorrida. Os candidatos a vice-prefeito Henrique Brugni (PSDB), Renan Pereira (DEM), Miraldo Mota (REDE) e Leonardo Matos (PR) tamb\u00e9m se fizeram presentes, mas n\u00e3o participaram das discuss\u00f5es do debate.<\/p>\n<p><a href=\"http:\/\/www.sudoestehoje.com.br\/novoportal\/wp-content\/uploads\/2016\/08\/de-2.jpg\" rel=\"attachment wp-att-59389\"><img loading=\"lazy\" decoding=\"async\" class=\"aligncenter size-medium wp-image-59389\" src=\"http:\/\/www.sudoestehoje.com.br\/novoportal\/wp-content\/uploads\/2016\/08\/de-2-500x300.jpg\" alt=\"de 2\" width=\"500\" height=\"300\" srcset=\"https:\/\/www.sudoestehoje.com.br\/novoportal\/wp-content\/uploads\/2016\/08\/de-2-500x300.jpg 500w, https:\/\/www.sudoestehoje.com.br\/novoportal\/wp-content\/uploads\/2016\/08\/de-2-768x461.jpg 768w, https:\/\/www.sudoestehoje.com.br\/novoportal\/wp-content\/uploads\/2016\/08\/de-2-700x420.jpg 700w, https:\/\/www.sudoestehoje.com.br\/novoportal\/wp-content\/uploads\/2016\/08\/de-2.jpg 960w\" sizes=\"auto, (max-width: 500px) 100vw, 500px\" \/><\/a><\/p>\n<p>Com o plen\u00e1rio da c\u00e2mara totalmente lotado pelos apoiadores, militantes e coordenadores dos quatro candidatos, os postulantes \u00e0 cadeira de chefe do executivo debateram sobre pol\u00edticas de combate \u00e0s drogas no munic\u00edpio, e o resultado foi extremamente positivo.<\/p>\n<p><a href=\"http:\/\/www.sudoestehoje.com.br\/novoportal\/wp-content\/uploads\/2016\/08\/de-3.jpg\" rel=\"attachment wp-att-59391\"><img loading=\"lazy\" decoding=\"async\" class=\"aligncenter size-medium wp-image-59391\" src=\"http:\/\/www.sudoestehoje.com.br\/novoportal\/wp-content\/uploads\/2016\/08\/de-3-500x300.jpg\" alt=\"de 3\" width=\"500\" height=\"300\" srcset=\"https:\/\/www.sudoestehoje.com.br\/novoportal\/wp-content\/uploads\/2016\/08\/de-3-500x300.jpg 500w, https:\/\/www.sudoestehoje.com.br\/novoportal\/wp-content\/uploads\/2016\/08\/de-3-768x461.jpg 768w, https:\/\/www.sudoestehoje.com.br\/novoportal\/wp-content\/uploads\/2016\/08\/de-3-700x420.jpg 700w, https:\/\/www.sudoestehoje.com.br\/novoportal\/wp-content\/uploads\/2016\/08\/de-3.jpg 960w\" sizes=\"auto, (max-width: 500px) 100vw, 500px\" \/><\/a><\/p>\n<p>Al\u00e9m de responderem com muita convic\u00e7\u00e3o as perguntas vinculadas ao tema central do debate, os candidatos sinalizaram em suas interven\u00e7\u00f5es que seguir\u00e3o linhas distintas, no que diz respeito aos temas que ser\u00e3o abordados na campanha.<\/p>\n<p><a href=\"http:\/\/www.sudoestehoje.com.br\/novoportal\/wp-content\/uploads\/2016\/08\/de-4.jpg\" rel=\"attachment wp-att-59392\"><img loading=\"lazy\" decoding=\"async\" class=\"aligncenter size-medium wp-image-59392\" src=\"http:\/\/www.sudoestehoje.com.br\/novoportal\/wp-content\/uploads\/2016\/08\/de-4-500x300.jpg\" alt=\"de 4\" width=\"500\" height=\"300\" srcset=\"https:\/\/www.sudoestehoje.com.br\/novoportal\/wp-content\/uploads\/2016\/08\/de-4-500x300.jpg 500w, https:\/\/www.sudoestehoje.com.br\/novoportal\/wp-content\/uploads\/2016\/08\/de-4-768x461.jpg 768w, https:\/\/www.sudoestehoje.com.br\/novoportal\/wp-content\/uploads\/2016\/08\/de-4-700x420.jpg 700w, https:\/\/www.sudoestehoje.com.br\/novoportal\/wp-content\/uploads\/2016\/08\/de-4.jpg 960w\" sizes=\"auto, (max-width: 500px) 100vw, 500px\" \/><\/a><\/p>\n<p>Mais \u00e0 esquerda, Al\u00e9cio demonstrou afinidade com a defesa das causas sociais; Adriano defendeu a \u00e9tica e a moralidade na administra\u00e7\u00e3o p\u00fablica; Rodrigo Hagge seguiu pela linha de oposi\u00e7\u00e3o mais forte \u00e0 atual administra\u00e7\u00e3o e o seu desejo de recuperar a credibilidade da gest\u00e3o p\u00fablica no munic\u00edpio; j\u00e1 Hild\u00e9rico Nogueira, fez defesa expl\u00edcita do atual governo, destacando a sua breve gest\u00e3o frente ao SAAE e os benef\u00edcios trazidos pela Funda\u00e7\u00e3o Jos\u00e9 Silveira a Itapetinga.<\/p>\n<p><a href=\"http:\/\/www.sudoestehoje.com.br\/novoportal\/wp-content\/uploads\/2016\/08\/de-5.jpg\" rel=\"attachment wp-att-59393\"><img loading=\"lazy\" decoding=\"async\" class=\"aligncenter size-medium wp-image-59393\" src=\"http:\/\/www.sudoestehoje.com.br\/novoportal\/wp-content\/uploads\/2016\/08\/de-5-500x300.jpg\" alt=\"de 5\" width=\"500\" height=\"300\" srcset=\"https:\/\/www.sudoestehoje.com.br\/novoportal\/wp-content\/uploads\/2016\/08\/de-5-500x300.jpg 500w, https:\/\/www.sudoestehoje.com.br\/novoportal\/wp-content\/uploads\/2016\/08\/de-5-768x461.jpg 768w, https:\/\/www.sudoestehoje.com.br\/novoportal\/wp-content\/uploads\/2016\/08\/de-5-700x420.jpg 700w, https:\/\/www.sudoestehoje.com.br\/novoportal\/wp-content\/uploads\/2016\/08\/de-5.jpg 960w\" sizes=\"auto, (max-width: 500px) 100vw, 500px\" \/><\/a><\/p>\n<p>O debate foi marcado por manifesta\u00e7\u00f5es da plat\u00e9ia, com simpatizantes dos candidatos Hild\u00e9rico Nogueira e Rodrigo Hagge se revesando em aplausos e vaias direcionados aos dois candidatos de situa\u00e7\u00e3o e oposi\u00e7\u00e3o, respectivamente.<\/p>\n<p><a href=\"http:\/\/www.sudoestehoje.com.br\/novoportal\/wp-content\/uploads\/2016\/08\/de-6.jpg\" rel=\"attachment wp-att-59394\"><img loading=\"lazy\" decoding=\"async\" class=\"aligncenter size-medium wp-image-59394\" src=\"http:\/\/www.sudoestehoje.com.br\/novoportal\/wp-content\/uploads\/2016\/08\/de-6-500x300.jpg\" alt=\"de 6\" width=\"500\" height=\"300\" srcset=\"https:\/\/www.sudoestehoje.com.br\/novoportal\/wp-content\/uploads\/2016\/08\/de-6-500x300.jpg 500w, https:\/\/www.sudoestehoje.com.br\/novoportal\/wp-content\/uploads\/2016\/08\/de-6-768x461.jpg 768w, https:\/\/www.sudoestehoje.com.br\/novoportal\/wp-content\/uploads\/2016\/08\/de-6-700x420.jpg 700w, https:\/\/www.sudoestehoje.com.br\/novoportal\/wp-content\/uploads\/2016\/08\/de-6.jpg 960w\" sizes=\"auto, (max-width: 500px) 100vw, 500px\" \/><\/a><\/p>\n<p>H\u00e1 quem afirme que o confronto entre os dois grupos durante o debate foi uma jogada arquitetada pelo grupo da situa\u00e7\u00e3o, para isolar os candidatos Al\u00e9cio Chaves e Adriano Alc\u00e2ntara e polarizar a disputa com o peemedebista Rodrigo Hagge.<\/p>\n<p><span style=\"color: #0000ff;\"><em><strong><a style=\"color: #0000ff;\" href=\"https:\/\/www.facebook.com\/photo.php?fbid=1088192304605503&amp;set=pcb.1088194357938631&amp;type=3&amp;theater\">CONFIRA MAIS FOTOS AQUI<\/a><\/strong><\/em><\/span><\/p>\n<p><strong><em>Por Davi Ferraz<\/em><\/strong><\/p>\n","protected":false},"excerpt":{"rendered":"<p>Um concorrido debate entre os candidatos a prefeito Adriano Alc\u00e2ntara (PSDB), Rodrigo Hagge (PMDB), Al\u00e9cio Chaves (PSD) e Hild\u00e9rico Nogueira (PDT), realizado na noite desta ter\u00e7a-feira na C\u00e2mara de Vereadores, deu a largada para a campanha eleitoral que promete ser quente e concorrida. Os candidatos a vice-prefeito Henrique Brugni (PSDB), Renan Pereira (DEM), Miraldo Mota [&hellip;]<\/p>\n","protected":false},"author":2,"featured_media":0,"comment_status":"open","ping_status":"open","sticky":false,"template":"","format":"standard","meta":{"footnotes":"","_links_to":"","_links_to_target":""},"categories":[1],"tags":[],"class_list":["post-59383","post","type-post","status-publish","format-standard","hentry","category-geral"],"views":2421,"_links":{"self":[{"href":"https:\/\/www.sudoestehoje.com.br\/novoportal\/wp-json\/wp\/v2\/posts\/59383","targetHints":{"allow":["GET"]}}],"collection":[{"href":"https:\/\/www.sudoestehoje.com.br\/novoportal\/wp-json\/wp\/v2\/posts"}],"about":[{"href":"https:\/\/www.sudoestehoje.com.br\/novoportal\/wp-json\/wp\/v2\/types\/post"}],"author":[{"embeddable":true,"href":"https:\/\/www.sudoestehoje.com.br\/novoportal\/wp-json\/wp\/v2\/users\/2"}],"replies":[{"embeddable":true,"href":"https:\/\/www.sudoestehoje.com.br\/novoportal\/wp-json\/wp\/v2\/comments?post=59383"}],"version-history":[{"count":8,"href":"https:\/\/www.sudoestehoje.com.br\/novoportal\/wp-json\/wp\/v2\/posts\/59383\/revisions"}],"predecessor-version":[{"id":59398,"href":"https:\/\/www.sudoestehoje.com.br\/novoportal\/wp-json\/wp\/v2\/posts\/59383\/revisions\/59398"}],"wp:attachment":[{"href":"https:\/\/www.sudoestehoje.com.br\/novoportal\/wp-json\/wp\/v2\/media?parent=59383"}],"wp:term":[{"taxonomy":"category","embeddable":true,"href":"https:\/\/www.sudoestehoje.com.br\/novoportal\/wp-json\/wp\/v2\/categories?post=59383"},{"taxonomy":"post_tag","embeddable":true,"href":"https:\/\/www.sudoestehoje.com.br\/novoportal\/wp-json\/wp\/v2\/tags?post=59383"}],"curies":[{"name":"wp","href":"https:\/\/api.w.org\/{rel}","templated":true}]}}