
{"id":59374,"date":"2016-08-09T19:09:34","date_gmt":"2016-08-09T22:09:34","guid":{"rendered":"http:\/\/www.sudoestehoje.com.br\/novoportal\/?p=59374"},"modified":"2016-08-09T19:24:17","modified_gmt":"2016-08-09T22:24:17","slug":"otto-comparece-a-cerimonia-no-planalto-e-recebe-afagos-de-michel-temer","status":"publish","type":"post","link":"https:\/\/www.sudoestehoje.com.br\/novoportal\/2016\/08\/09\/otto-comparece-a-cerimonia-no-planalto-e-recebe-afagos-de-michel-temer\/","title":{"rendered":"OTTO COMPARECE A CERIM\u00d4NIA NO PLANALTO E RECEBE &#8220;AFAGOS&#8221; DE MICHEL TEMER"},"content":{"rendered":"<div id=\"attachment_59375\" style=\"width: 510px\" class=\"wp-caption aligncenter\"><a href=\"http:\/\/www.sudoestehoje.com.br\/novoportal\/wp-content\/uploads\/2016\/08\/Temer-e-Renan-foto-Beto-Barata.jpg\" rel=\"attachment wp-att-59375\"><img loading=\"lazy\" decoding=\"async\" aria-describedby=\"caption-attachment-59375\" class=\"size-medium wp-image-59375\" src=\"http:\/\/www.sudoestehoje.com.br\/novoportal\/wp-content\/uploads\/2016\/08\/Temer-e-Renan-foto-Beto-Barata-500x246.jpg\" alt=\"CERIM\u00d4NIA CONTOU COM PRESEN\u00c7A DE RENAN E SENADORES CONSIDERADOS INDECISOS.\" width=\"500\" height=\"246\" srcset=\"https:\/\/www.sudoestehoje.com.br\/novoportal\/wp-content\/uploads\/2016\/08\/Temer-e-Renan-foto-Beto-Barata-500x246.jpg 500w, https:\/\/www.sudoestehoje.com.br\/novoportal\/wp-content\/uploads\/2016\/08\/Temer-e-Renan-foto-Beto-Barata-768x378.jpg 768w, https:\/\/www.sudoestehoje.com.br\/novoportal\/wp-content\/uploads\/2016\/08\/Temer-e-Renan-foto-Beto-Barata-700x345.jpg 700w, https:\/\/www.sudoestehoje.com.br\/novoportal\/wp-content\/uploads\/2016\/08\/Temer-e-Renan-foto-Beto-Barata.jpg 1354w\" sizes=\"auto, (max-width: 500px) 100vw, 500px\" \/><\/a><p id=\"caption-attachment-59375\" class=\"wp-caption-text\"><strong><em>CERIM\u00d4NIA CONTOU COM PRESEN\u00c7A DE RENAN E SENADORES CONSIDERADOS INDECISOS.<\/em><\/strong><\/p><\/div>\n<p>A realiza\u00e7\u00e3o de uma cerim\u00f4nia para anunciar a continuidade do projeto de Revitaliza\u00e7\u00e3o do S\u00e3o Francisco e o afago do presidente em exerc\u00edcio, Michel Temer, a senadores tidos como indecisos sobre o voto que d\u00e1 continuidade no processo de impeachment da presidente afastada Dilma Rousseff, foi visto como &#8220;mera coincid\u00eancia&#8221; pelo ministro do Meio Ambiente, Sarney Filho.<\/p>\n<p>&#8220;Eu diria que n\u00e3o tem rela\u00e7\u00e3o nenhuma com a vota\u00e7\u00e3o do impeachment esta semana. Desde a primeira semana do novo governo, tem de se feito reuni\u00f5es, tanto aqui no Pal\u00e1cio quanto nos minist\u00e9rios a respeito da revitaliza\u00e7\u00e3o do Rio S\u00e3o Francisco&#8221;, disse. &#8220;Foi uma mera coincid\u00eancia o acontecimento aqui hoje estar sendo \u00e0s v\u00e9speras de uma vota\u00e7\u00e3o importante no Senado. N\u00e3o existe nenhum vinculo programado, nada, \u00e9 mera coincid\u00eancia&#8221;, refor\u00e7ou.<\/p>\n<p>O presidente do Senado, Renan Calheiros (PMDB-AL), que tem evitado se posicionar deixou o Congresso e veio at\u00e9 a cerim\u00f4nia, numa demonstra\u00e7\u00e3o de alinhamento com Temer. Ele evitou responder sobre seu posicionamento na sess\u00e3o de vota\u00e7\u00e3o. &#8220;Na pol\u00edtica nunca \u00e9 recomend\u00e1vel voc\u00ea pr\u00e9-dizer o que vai acontecer&#8221;, afirmou.<\/p>\n<p>Al\u00e9m de Renan, os senadores que ainda n\u00e3o manifestaram seu voto, <strong>Otto Alencar (PSD-BA)<\/strong> e Antonio Carlos Valadares (PSB-SE), estavam na cerim\u00f4nia. Otto, inclusive fez um discurso de quase 15 minutos e recebeu afagos de Temer em seu discurso. <strong><em>Di\u00e1rio do Poder<\/em><\/strong><\/p>\n<p><img decoding=\"async\" class=\"aligncenter\" src=\"http:\/\/www.sudoestehoje.com.br\/novoportal\/wp-content\/uploads\/2015\/07\/%C3%93TICA-ITAPUAN-BANNER1-500x179.jpg\" alt=\"\u00d3TICA-ITAPUAN-BANNER1\" \/><\/p>\n","protected":false},"excerpt":{"rendered":"<p>A realiza\u00e7\u00e3o de uma cerim\u00f4nia para anunciar a continuidade do projeto de Revitaliza\u00e7\u00e3o do S\u00e3o Francisco e o afago do presidente em exerc\u00edcio, Michel Temer, a senadores tidos como indecisos sobre o voto que d\u00e1 continuidade no processo de impeachment da presidente afastada Dilma Rousseff, foi visto como &#8220;mera coincid\u00eancia&#8221; pelo ministro do Meio Ambiente, [&hellip;]<\/p>\n","protected":false},"author":2,"featured_media":0,"comment_status":"open","ping_status":"open","sticky":false,"template":"","format":"standard","meta":{"footnotes":"","_links_to":"","_links_to_target":""},"categories":[1],"tags":[],"class_list":["post-59374","post","type-post","status-publish","format-standard","hentry","category-geral"],"views":1288,"_links":{"self":[{"href":"https:\/\/www.sudoestehoje.com.br\/novoportal\/wp-json\/wp\/v2\/posts\/59374","targetHints":{"allow":["GET"]}}],"collection":[{"href":"https:\/\/www.sudoestehoje.com.br\/novoportal\/wp-json\/wp\/v2\/posts"}],"about":[{"href":"https:\/\/www.sudoestehoje.com.br\/novoportal\/wp-json\/wp\/v2\/types\/post"}],"author":[{"embeddable":true,"href":"https:\/\/www.sudoestehoje.com.br\/novoportal\/wp-json\/wp\/v2\/users\/2"}],"replies":[{"embeddable":true,"href":"https:\/\/www.sudoestehoje.com.br\/novoportal\/wp-json\/wp\/v2\/comments?post=59374"}],"version-history":[{"count":4,"href":"https:\/\/www.sudoestehoje.com.br\/novoportal\/wp-json\/wp\/v2\/posts\/59374\/revisions"}],"predecessor-version":[{"id":59379,"href":"https:\/\/www.sudoestehoje.com.br\/novoportal\/wp-json\/wp\/v2\/posts\/59374\/revisions\/59379"}],"wp:attachment":[{"href":"https:\/\/www.sudoestehoje.com.br\/novoportal\/wp-json\/wp\/v2\/media?parent=59374"}],"wp:term":[{"taxonomy":"category","embeddable":true,"href":"https:\/\/www.sudoestehoje.com.br\/novoportal\/wp-json\/wp\/v2\/categories?post=59374"},{"taxonomy":"post_tag","embeddable":true,"href":"https:\/\/www.sudoestehoje.com.br\/novoportal\/wp-json\/wp\/v2\/tags?post=59374"}],"curies":[{"name":"wp","href":"https:\/\/api.w.org\/{rel}","templated":true}]}}