
{"id":59362,"date":"2016-08-09T09:23:31","date_gmt":"2016-08-09T12:23:31","guid":{"rendered":"http:\/\/www.sudoestehoje.com.br\/novoportal\/?p=59362"},"modified":"2016-08-09T09:23:31","modified_gmt":"2016-08-09T12:23:31","slug":"lava-jato-mulher-e-filho-de-lula-sao-intimados-pela-pf-para-depor-sobre-sitio","status":"publish","type":"post","link":"https:\/\/www.sudoestehoje.com.br\/novoportal\/2016\/08\/09\/lava-jato-mulher-e-filho-de-lula-sao-intimados-pela-pf-para-depor-sobre-sitio\/","title":{"rendered":"LAVA JATO: MULHER E FILHO DE LULA S\u00c3O INTIMADOS PELA PF PARA DEPOR SOBRE S\u00cdTIO"},"content":{"rendered":"<p><a href=\"http:\/\/www.sudoestehoje.com.br\/novoportal\/wp-content\/uploads\/2016\/08\/INTIMADOS.jpg\" rel=\"attachment wp-att-59363\"><img loading=\"lazy\" decoding=\"async\" class=\"aligncenter size-medium wp-image-59363\" src=\"http:\/\/www.sudoestehoje.com.br\/novoportal\/wp-content\/uploads\/2016\/08\/INTIMADOS-500x281.jpg\" alt=\"INTIMADOS\" width=\"500\" height=\"281\" srcset=\"https:\/\/www.sudoestehoje.com.br\/novoportal\/wp-content\/uploads\/2016\/08\/INTIMADOS-500x281.jpg 500w, https:\/\/www.sudoestehoje.com.br\/novoportal\/wp-content\/uploads\/2016\/08\/INTIMADOS-768x431.jpg 768w, https:\/\/www.sudoestehoje.com.br\/novoportal\/wp-content\/uploads\/2016\/08\/INTIMADOS-700x393.jpg 700w, https:\/\/www.sudoestehoje.com.br\/novoportal\/wp-content\/uploads\/2016\/08\/INTIMADOS.jpg 810w\" sizes=\"auto, (max-width: 500px) 100vw, 500px\" \/><\/a><\/p>\n<p>S\u00e3o Paulo &#8211; A Pol\u00edcia Federal intimou a ex-primeira-dama Marisa Let\u00edcia Lula da Silva e o filho mais velho do ex-presidente Lula, F\u00e1bio Lu\u00edz Lula da Silva, para prestarem &#8220;esclarecimentos&#8221; sobre a compra e reformas no S\u00edtio Santa B\u00e1rbara, em Atibaia (SP), investigado pela for\u00e7a-tarefa da Opera\u00e7\u00e3o Lava Jato, em Curitiba.<\/p>\n<p>Foram intimados ainda os donos oficiais do im\u00f3vel, os empres\u00e1rios Fernando Bittar e Jonas Suassuna &#8211; ambos s\u00f3cios da fam\u00edlia.<\/p>\n<p>&#8220;Queira Sr. Escriv\u00e3o intimar para prestar esclarecimentos acerca dos fatos investigados no presente IPL as pessoas de Marisa Let\u00edcia Lula da Silva, F\u00e1bio Lu\u00eds Lula da Silva, Jonas Leite Suassuna e Fernando Bittar&#8221;, registra despacho do delegado M\u00e1rcio Adriano Anselmo, do dia 4.<\/p>\n<p>Lula \u00e9 investigado em tr\u00eas inqu\u00e9ritos principais na for\u00e7a-tarefa da Lava Jato em Curitiba: um sobre a compra e reforma do S\u00edtio Santa B\u00e1rbara, em Atibaia (SP), sobre compra e reforma do tr\u00edplex do Edif\u00edcio Solaris, no Guaruj\u00e1, no litoral paulista, e sobre recebimentos do Instituto Lula e da empresa LILS Palestras e Eventos &#8211; do ex-presidente.<\/p>\n<p>No Supremo Tribunal Federal (STF), Lula foi denunciado h\u00e1 dez dias por tentativa de obstru\u00e7\u00e3o \u00e0s investiga\u00e7\u00f5es da Lava Jato, junto com o ex-senador e ex-l\u00edder do governo Delc\u00eddio Amaral. Os dois teriam tentado pagar para que o ex-diretor da Petrobras Nestor Cerver\u00f3 n\u00e3o fizesse dela\u00e7\u00e3o premiada.<\/p>\n<p>A Lava Jato considera ter elementos para apontar que o s\u00edtio e o tr\u00edplex, apesar de estarem registrados em nome de terceiros, eram de Lula &#8211; benefici\u00e1rio de recursos de propina da Petrobr\u00e1s.<\/p>\n<p>Para os delegados e procuradores, a compra e a reforma dos im\u00f3veis envolveram empreiteiras do cartel que fatiavam obras na Petrobras mediante pagamentos de propinas para PT, PMDB e PP.<\/p>\n<p>Laudo produzido pela PF, neste inqu\u00e9rito sobre o s\u00edtio, apontou que o im\u00f3vel foi reformado em duas ocasi\u00f5es pelas empreiteiras OAS e Odebrecht, com a participa\u00e7\u00e3o direta de outro alvo da Lava Jato, o pecuarista amigo de Lula Jos\u00e9 Carlos Bumlai.<\/p>\n<p>A defesa de Lula afirmou em diversas ocasi\u00f5es que tanto o s\u00edtio em Atibaia quanto o apartamento na cidade do litoral paulista n\u00e3o pertencem ao ex-presidente. <strong><em>Exame<\/em><\/strong><\/p>\n","protected":false},"excerpt":{"rendered":"<p>S\u00e3o Paulo &#8211; A Pol\u00edcia Federal intimou a ex-primeira-dama Marisa Let\u00edcia Lula da Silva e o filho mais velho do ex-presidente Lula, F\u00e1bio Lu\u00edz Lula da Silva, para prestarem &#8220;esclarecimentos&#8221; sobre a compra e reformas no S\u00edtio Santa B\u00e1rbara, em Atibaia (SP), investigado pela for\u00e7a-tarefa da Opera\u00e7\u00e3o Lava Jato, em Curitiba. Foram intimados ainda os [&hellip;]<\/p>\n","protected":false},"author":2,"featured_media":0,"comment_status":"open","ping_status":"open","sticky":false,"template":"","format":"standard","meta":{"footnotes":"","_links_to":"","_links_to_target":""},"categories":[1],"tags":[],"class_list":["post-59362","post","type-post","status-publish","format-standard","hentry","category-geral"],"views":1271,"_links":{"self":[{"href":"https:\/\/www.sudoestehoje.com.br\/novoportal\/wp-json\/wp\/v2\/posts\/59362","targetHints":{"allow":["GET"]}}],"collection":[{"href":"https:\/\/www.sudoestehoje.com.br\/novoportal\/wp-json\/wp\/v2\/posts"}],"about":[{"href":"https:\/\/www.sudoestehoje.com.br\/novoportal\/wp-json\/wp\/v2\/types\/post"}],"author":[{"embeddable":true,"href":"https:\/\/www.sudoestehoje.com.br\/novoportal\/wp-json\/wp\/v2\/users\/2"}],"replies":[{"embeddable":true,"href":"https:\/\/www.sudoestehoje.com.br\/novoportal\/wp-json\/wp\/v2\/comments?post=59362"}],"version-history":[{"count":1,"href":"https:\/\/www.sudoestehoje.com.br\/novoportal\/wp-json\/wp\/v2\/posts\/59362\/revisions"}],"predecessor-version":[{"id":59364,"href":"https:\/\/www.sudoestehoje.com.br\/novoportal\/wp-json\/wp\/v2\/posts\/59362\/revisions\/59364"}],"wp:attachment":[{"href":"https:\/\/www.sudoestehoje.com.br\/novoportal\/wp-json\/wp\/v2\/media?parent=59362"}],"wp:term":[{"taxonomy":"category","embeddable":true,"href":"https:\/\/www.sudoestehoje.com.br\/novoportal\/wp-json\/wp\/v2\/categories?post=59362"},{"taxonomy":"post_tag","embeddable":true,"href":"https:\/\/www.sudoestehoje.com.br\/novoportal\/wp-json\/wp\/v2\/tags?post=59362"}],"curies":[{"name":"wp","href":"https:\/\/api.w.org\/{rel}","templated":true}]}}