
{"id":59354,"date":"2016-08-08T22:33:12","date_gmt":"2016-08-09T01:33:12","guid":{"rendered":"http:\/\/www.sudoestehoje.com.br\/novoportal\/?p=59354"},"modified":"2016-08-08T22:33:12","modified_gmt":"2016-08-09T01:33:12","slug":"eleicoes-candidatos-a-prefeito-debatem-sobre-combate-as-drogas-nesta-terca","status":"publish","type":"post","link":"https:\/\/www.sudoestehoje.com.br\/novoportal\/2016\/08\/08\/eleicoes-candidatos-a-prefeito-debatem-sobre-combate-as-drogas-nesta-terca\/","title":{"rendered":"ELEI\u00c7\u00d5ES: CANDIDATOS A PREFEITO DEBATEM SOBRE COMBATE \u00c0S DROGAS NESTA TER\u00c7A"},"content":{"rendered":"<div id=\"attachment_59355\" style=\"width: 510px\" class=\"wp-caption aligncenter\"><a href=\"http:\/\/www.sudoestehoje.com.br\/novoportal\/wp-content\/uploads\/2016\/08\/debate-2.jpg\" rel=\"attachment wp-att-59355\"><img loading=\"lazy\" decoding=\"async\" aria-describedby=\"caption-attachment-59355\" class=\"size-medium wp-image-59355\" src=\"http:\/\/www.sudoestehoje.com.br\/novoportal\/wp-content\/uploads\/2016\/08\/debate-2-500x279.jpg\" alt=\"DETALHES DO DEBATE FORAM ACERTADOS ENTRE REPRESENTANTES DOS PARTIDOS\" width=\"500\" height=\"279\" srcset=\"https:\/\/www.sudoestehoje.com.br\/novoportal\/wp-content\/uploads\/2016\/08\/debate-2-500x279.jpg 500w, https:\/\/www.sudoestehoje.com.br\/novoportal\/wp-content\/uploads\/2016\/08\/debate-2-768x429.jpg 768w, https:\/\/www.sudoestehoje.com.br\/novoportal\/wp-content\/uploads\/2016\/08\/debate-2-700x391.jpg 700w, https:\/\/www.sudoestehoje.com.br\/novoportal\/wp-content\/uploads\/2016\/08\/debate-2.jpg 960w\" sizes=\"auto, (max-width: 500px) 100vw, 500px\" \/><\/a><p id=\"caption-attachment-59355\" class=\"wp-caption-text\"><strong>DETALHES DO DEBATE FORAM ACERTADOS ENTRE REPRESENTANTES DOS PARTIDOS<\/strong><\/p><\/div>\n<p>Nesta ter\u00e7a-feira, a partir das 19h, ser\u00e1 realizado na c\u00e2mara de vereadores, o primeiro debate entre os candidatos a prefeito de Itapetinga, para discutir sobre o tema:<strong><em> &#8220;Preven\u00e7\u00e3o ao uso Abusivo e Indevido de Drogas, Enfrentamento e Combate ao Tr\u00e1fico\u201d.<\/em><\/strong><\/p>\n<p>A iniciativa \u00e9 do COMAD (Conselho Municipal Antidrogas de Itapetinga) e dever\u00e1 contar com a presen\u00e7a dos quatro candidatos a prefeito de Itapetinga, Al\u00e9cio Chaves, Adriano Alc\u00e2ntara, Rodrigo Hagge e Hild\u00e9rico Nogueira. Todos confirmaram presen\u00e7a.<\/p>\n<p>O debate servir\u00e1 de uma pr\u00e9via para o enfrentamento eleitoral que se aproxima e ser\u00e1 transmitido pelas redes sociais. O mediador do debate ser\u00e1 o comunicador Jai da Cidade Nova FM.<\/p>\n<p><strong><em>Por Davi Ferraz<\/em><\/strong><\/p>\n","protected":false},"excerpt":{"rendered":"<p>Nesta ter\u00e7a-feira, a partir das 19h, ser\u00e1 realizado na c\u00e2mara de vereadores, o primeiro debate entre os candidatos a prefeito de Itapetinga, para discutir sobre o tema: &#8220;Preven\u00e7\u00e3o ao uso Abusivo e Indevido de Drogas, Enfrentamento e Combate ao Tr\u00e1fico\u201d. A iniciativa \u00e9 do COMAD (Conselho Municipal Antidrogas de Itapetinga) e dever\u00e1 contar com a [&hellip;]<\/p>\n","protected":false},"author":2,"featured_media":0,"comment_status":"open","ping_status":"open","sticky":false,"template":"","format":"standard","meta":{"footnotes":"","_links_to":"","_links_to_target":""},"categories":[1],"tags":[],"class_list":["post-59354","post","type-post","status-publish","format-standard","hentry","category-geral"],"views":1567,"_links":{"self":[{"href":"https:\/\/www.sudoestehoje.com.br\/novoportal\/wp-json\/wp\/v2\/posts\/59354","targetHints":{"allow":["GET"]}}],"collection":[{"href":"https:\/\/www.sudoestehoje.com.br\/novoportal\/wp-json\/wp\/v2\/posts"}],"about":[{"href":"https:\/\/www.sudoestehoje.com.br\/novoportal\/wp-json\/wp\/v2\/types\/post"}],"author":[{"embeddable":true,"href":"https:\/\/www.sudoestehoje.com.br\/novoportal\/wp-json\/wp\/v2\/users\/2"}],"replies":[{"embeddable":true,"href":"https:\/\/www.sudoestehoje.com.br\/novoportal\/wp-json\/wp\/v2\/comments?post=59354"}],"version-history":[{"count":1,"href":"https:\/\/www.sudoestehoje.com.br\/novoportal\/wp-json\/wp\/v2\/posts\/59354\/revisions"}],"predecessor-version":[{"id":59356,"href":"https:\/\/www.sudoestehoje.com.br\/novoportal\/wp-json\/wp\/v2\/posts\/59354\/revisions\/59356"}],"wp:attachment":[{"href":"https:\/\/www.sudoestehoje.com.br\/novoportal\/wp-json\/wp\/v2\/media?parent=59354"}],"wp:term":[{"taxonomy":"category","embeddable":true,"href":"https:\/\/www.sudoestehoje.com.br\/novoportal\/wp-json\/wp\/v2\/categories?post=59354"},{"taxonomy":"post_tag","embeddable":true,"href":"https:\/\/www.sudoestehoje.com.br\/novoportal\/wp-json\/wp\/v2\/tags?post=59354"}],"curies":[{"name":"wp","href":"https:\/\/api.w.org\/{rel}","templated":true}]}}