
{"id":59335,"date":"2016-08-07T08:00:34","date_gmt":"2016-08-07T11:00:34","guid":{"rendered":"http:\/\/www.sudoestehoje.com.br\/novoportal\/?p=59335"},"modified":"2016-08-08T21:26:40","modified_gmt":"2016-08-09T00:26:40","slug":"ze-elias-a-alternativa-para-o-eleitor-que-quer-mudanca-e-praticar-o-voto-util","status":"publish","type":"post","link":"https:\/\/www.sudoestehoje.com.br\/novoportal\/2016\/08\/07\/ze-elias-a-alternativa-para-o-eleitor-que-quer-mudanca-e-praticar-o-voto-util\/","title":{"rendered":"Z\u00c9 ELIAS: &#8220;A ALTERNATIVA PARA O ELEITOR QUE QUER MUDAN\u00c7A \u00c9 PRATICAR O VOTO \u00daTIL&#8221;"},"content":{"rendered":"<p><a href=\"http:\/\/www.sudoestehoje.com.br\/novoportal\/wp-content\/uploads\/2016\/08\/jose-elias.jpg\" rel=\"attachment wp-att-59336\"><img loading=\"lazy\" decoding=\"async\" class=\"size-full wp-image-59336 alignleft\" src=\"http:\/\/www.sudoestehoje.com.br\/novoportal\/wp-content\/uploads\/2016\/08\/jose-elias.jpg\" alt=\"jose elias\" width=\"190\" height=\"193\" \/><\/a><\/p>\n<p>O lan\u00e7amento da candidatura de Adriano coloca uma p\u00e1 de cal na possibilidade de ajuntamento das lideran\u00e7as oposicionistas. Os argumentos pol\u00edticos e administrativos acatados por Michel e Z\u00e9 Ot\u00e1vio para constru\u00edrem uma alian\u00e7a em torno de um candidato para representar PMDB e DEM, n\u00e3o sensibilizaram os idealizadores e correligion\u00e1rios de Adriano.<\/p>\n<p>Os eleitores que se colocam no campo oposicionista v\u00e3o ter que decidir por um dos tr\u00eas nomes que se apresentam: Rodrigo, Al\u00e9cio e Adriano. Os eleitores que gostariam que o grupo do atual governo municipal continue dando as cartas, v\u00e3o apostar todas as fichas em Tiquinho.<\/p>\n<p>Este \u00e9 o melhor cen\u00e1rio para que Z\u00e9 Carlos fa\u00e7a seu sucessor, apesar de alguns desfalques proporcionados no grupo do prefeito pela candidatura Al\u00e9cio. Para substituir o desgarramento de alguns lideres que contribu\u00edram para a elei\u00e7\u00e3o e reelei\u00e7\u00e3o de Z\u00e9 Carlos, foram cooptados para o grupo situacionista lideran\u00e7as que estiveram no campo advers\u00e1rio, como K\u00e1tia e L\u00e9o Matos.<\/p>\n<p>O eleitor oposicionista que esperava ansiosamente por transformar a pr\u00f3xima elei\u00e7\u00e3o em um plebiscito entre os que querem mudan\u00e7a contra aqueles que querem continuar, ficaram a ver navios e desencantados com a incapacidade das lideran\u00e7as pol\u00edticas de constru\u00edrem uma candidatura \u00fanica para representar a expressiva maioria dos eleitores.<\/p>\n<p>A alternativa para o eleitor que quer mudan\u00e7a \u00e9 esperar para ver o que vai acontecer, e praticar o voto \u00fatil.<\/p>\n<p><strong><em>Por Jos\u00e9 Elias Ribeiro<\/em> <\/strong><\/p>\n<p><img decoding=\"async\" class=\"aligncenter\" src=\"http:\/\/www.sudoestehoje.com.br\/novoportal\/wp-content\/uploads\/2015\/05\/rezende-500x163-500x163.jpg\" alt=\"\" \/><\/p>\n","protected":false},"excerpt":{"rendered":"<p>O lan\u00e7amento da candidatura de Adriano coloca uma p\u00e1 de cal na possibilidade de ajuntamento das lideran\u00e7as oposicionistas. Os argumentos pol\u00edticos e administrativos acatados por Michel e Z\u00e9 Ot\u00e1vio para constru\u00edrem uma alian\u00e7a em torno de um candidato para representar PMDB e DEM, n\u00e3o sensibilizaram os idealizadores e correligion\u00e1rios de Adriano. Os eleitores que se [&hellip;]<\/p>\n","protected":false},"author":2,"featured_media":0,"comment_status":"open","ping_status":"open","sticky":false,"template":"","format":"standard","meta":{"footnotes":"","_links_to":"","_links_to_target":""},"categories":[1],"tags":[],"class_list":["post-59335","post","type-post","status-publish","format-standard","hentry","category-geral"],"views":1624,"_links":{"self":[{"href":"https:\/\/www.sudoestehoje.com.br\/novoportal\/wp-json\/wp\/v2\/posts\/59335","targetHints":{"allow":["GET"]}}],"collection":[{"href":"https:\/\/www.sudoestehoje.com.br\/novoportal\/wp-json\/wp\/v2\/posts"}],"about":[{"href":"https:\/\/www.sudoestehoje.com.br\/novoportal\/wp-json\/wp\/v2\/types\/post"}],"author":[{"embeddable":true,"href":"https:\/\/www.sudoestehoje.com.br\/novoportal\/wp-json\/wp\/v2\/users\/2"}],"replies":[{"embeddable":true,"href":"https:\/\/www.sudoestehoje.com.br\/novoportal\/wp-json\/wp\/v2\/comments?post=59335"}],"version-history":[{"count":2,"href":"https:\/\/www.sudoestehoje.com.br\/novoportal\/wp-json\/wp\/v2\/posts\/59335\/revisions"}],"predecessor-version":[{"id":59351,"href":"https:\/\/www.sudoestehoje.com.br\/novoportal\/wp-json\/wp\/v2\/posts\/59335\/revisions\/59351"}],"wp:attachment":[{"href":"https:\/\/www.sudoestehoje.com.br\/novoportal\/wp-json\/wp\/v2\/media?parent=59335"}],"wp:term":[{"taxonomy":"category","embeddable":true,"href":"https:\/\/www.sudoestehoje.com.br\/novoportal\/wp-json\/wp\/v2\/categories?post=59335"},{"taxonomy":"post_tag","embeddable":true,"href":"https:\/\/www.sudoestehoje.com.br\/novoportal\/wp-json\/wp\/v2\/tags?post=59335"}],"curies":[{"name":"wp","href":"https:\/\/api.w.org\/{rel}","templated":true}]}}