
{"id":59323,"date":"2016-08-05T21:31:36","date_gmt":"2016-08-06T00:31:36","guid":{"rendered":"http:\/\/www.sudoestehoje.com.br\/novoportal\/?p=59323"},"modified":"2016-08-06T21:56:06","modified_gmt":"2016-08-07T00:56:06","slug":"macarani-convencao-do-psd-oficializa-candidaturas-de-armando-e-zeneudo","status":"publish","type":"post","link":"https:\/\/www.sudoestehoje.com.br\/novoportal\/2016\/08\/05\/macarani-convencao-do-psd-oficializa-candidaturas-de-armando-e-zeneudo\/","title":{"rendered":"MACARANI: CONVEN\u00c7\u00c3O DO PSD OFICIALIZA CANDIDATURAS DE ARMANDO E ZENEUDO"},"content":{"rendered":"<p><a href=\"http:\/\/www.sudoestehoje.com.br\/novoportal\/wp-content\/uploads\/2016\/08\/ARM-1.jpg\" rel=\"attachment wp-att-59327\"><img loading=\"lazy\" decoding=\"async\" class=\"aligncenter size-medium wp-image-59327\" src=\"http:\/\/www.sudoestehoje.com.br\/novoportal\/wp-content\/uploads\/2016\/08\/ARM-1-500x375.jpg\" alt=\"ARM 1\" width=\"500\" height=\"375\" srcset=\"https:\/\/www.sudoestehoje.com.br\/novoportal\/wp-content\/uploads\/2016\/08\/ARM-1-500x375.jpg 500w, https:\/\/www.sudoestehoje.com.br\/novoportal\/wp-content\/uploads\/2016\/08\/ARM-1-768x576.jpg 768w, https:\/\/www.sudoestehoje.com.br\/novoportal\/wp-content\/uploads\/2016\/08\/ARM-1-700x525.jpg 700w, https:\/\/www.sudoestehoje.com.br\/novoportal\/wp-content\/uploads\/2016\/08\/ARM-1.jpg 1600w\" sizes=\"auto, (max-width: 500px) 100vw, 500px\" \/><\/a><\/p>\n<p>Dez meses ap\u00f3s ser eleito com esmagadora vota\u00e7\u00e3o em uma elei\u00e7\u00e3o suplementar para substituir o prefeito cassado pelo TSE, Armando Porto volta a ser confirmado como candidato a prefeito de Macarani, na grande conven\u00e7\u00e3o realizada na tarde desta quinta-feira (4).<\/p>\n<p><a href=\"http:\/\/www.sudoestehoje.com.br\/novoportal\/wp-content\/uploads\/2016\/08\/ARM-2.jpg\" rel=\"attachment wp-att-59328\"><img loading=\"lazy\" decoding=\"async\" class=\"aligncenter size-medium wp-image-59328\" src=\"http:\/\/www.sudoestehoje.com.br\/novoportal\/wp-content\/uploads\/2016\/08\/ARM-2-500x375.jpg\" alt=\"ARM 2\" width=\"500\" height=\"375\" srcset=\"https:\/\/www.sudoestehoje.com.br\/novoportal\/wp-content\/uploads\/2016\/08\/ARM-2-500x375.jpg 500w, https:\/\/www.sudoestehoje.com.br\/novoportal\/wp-content\/uploads\/2016\/08\/ARM-2-768x576.jpg 768w, https:\/\/www.sudoestehoje.com.br\/novoportal\/wp-content\/uploads\/2016\/08\/ARM-2-700x525.jpg 700w, https:\/\/www.sudoestehoje.com.br\/novoportal\/wp-content\/uploads\/2016\/08\/ARM-2.jpg 1600w\" sizes=\"auto, (max-width: 500px) 100vw, 500px\" \/><\/a><\/p>\n<p>Para compor a chapa majorit\u00e1ria ao lado de Armando foi escolhido o empres\u00e1rio Zeneudo Matos, homem de grande prest\u00edgio no munic\u00edpio, onde goza de excelente conceito junto \u00e0 popula\u00e7\u00e3o, que conta tamb\u00e9m com o apoio decisivo do empresariado e pecuaristas da regi\u00e3o.<\/p>\n<p><a href=\"http:\/\/www.sudoestehoje.com.br\/novoportal\/wp-content\/uploads\/2016\/08\/armando-1.jpg\" rel=\"attachment wp-att-59325\"><img loading=\"lazy\" decoding=\"async\" class=\"aligncenter size-medium wp-image-59325\" src=\"http:\/\/www.sudoestehoje.com.br\/novoportal\/wp-content\/uploads\/2016\/08\/armando-1-500x300.jpg\" alt=\"armando 1\" width=\"500\" height=\"300\" srcset=\"https:\/\/www.sudoestehoje.com.br\/novoportal\/wp-content\/uploads\/2016\/08\/armando-1-500x300.jpg 500w, https:\/\/www.sudoestehoje.com.br\/novoportal\/wp-content\/uploads\/2016\/08\/armando-1-768x461.jpg 768w, https:\/\/www.sudoestehoje.com.br\/novoportal\/wp-content\/uploads\/2016\/08\/armando-1-700x420.jpg 700w, https:\/\/www.sudoestehoje.com.br\/novoportal\/wp-content\/uploads\/2016\/08\/armando-1.jpg 960w\" sizes=\"auto, (max-width: 500px) 100vw, 500px\" \/><\/a><\/p>\n<p>O evento foi concorrido e contou com a presen\u00e7a de pol\u00edticos de toda a regi\u00e3o e tamb\u00e9m do estado, a exemplo do ex-deputado Heraldo Rocha e do candidato a prefeito de Itapetinga, Adriano Alc\u00e2ntara, dentre outros.<\/p>\n<p><a href=\"http:\/\/www.sudoestehoje.com.br\/novoportal\/wp-content\/uploads\/2016\/08\/armando-2.jpg\" rel=\"attachment wp-att-59326\"><img loading=\"lazy\" decoding=\"async\" class=\"aligncenter size-medium wp-image-59326\" src=\"http:\/\/www.sudoestehoje.com.br\/novoportal\/wp-content\/uploads\/2016\/08\/armando-2-500x300.jpg\" alt=\"armando 2\" width=\"500\" height=\"300\" srcset=\"https:\/\/www.sudoestehoje.com.br\/novoportal\/wp-content\/uploads\/2016\/08\/armando-2-500x300.jpg 500w, https:\/\/www.sudoestehoje.com.br\/novoportal\/wp-content\/uploads\/2016\/08\/armando-2-768x461.jpg 768w, https:\/\/www.sudoestehoje.com.br\/novoportal\/wp-content\/uploads\/2016\/08\/armando-2-700x420.jpg 700w, https:\/\/www.sudoestehoje.com.br\/novoportal\/wp-content\/uploads\/2016\/08\/armando-2.jpg 960w\" sizes=\"auto, (max-width: 500px) 100vw, 500px\" \/><\/a><\/p>\n<p>Com a confirma\u00e7\u00e3o da chapa encabe\u00e7ada por Armando Porto, a disputa promete ser acirrada em Macarani, lembrando que Armando \u00e9 um pol\u00edtico estrategista e vitorioso, que conta com um grupo de apoio muito forte e uma equipe de governo competente, sem falar da sua popularidade junto \u00e0 popula\u00e7\u00e3o mais carente da sede do munic\u00edpio, e principalmente dos distritos.<\/p>\n<p><a href=\"http:\/\/www.sudoestehoje.com.br\/novoportal\/wp-content\/uploads\/2016\/08\/arm-3.jpg\" rel=\"attachment wp-att-59329\"><img loading=\"lazy\" decoding=\"async\" class=\"aligncenter size-medium wp-image-59329\" src=\"http:\/\/www.sudoestehoje.com.br\/novoportal\/wp-content\/uploads\/2016\/08\/arm-3-500x281.jpg\" alt=\"arm 3\" width=\"500\" height=\"281\" srcset=\"https:\/\/www.sudoestehoje.com.br\/novoportal\/wp-content\/uploads\/2016\/08\/arm-3-500x281.jpg 500w, https:\/\/www.sudoestehoje.com.br\/novoportal\/wp-content\/uploads\/2016\/08\/arm-3-768x432.jpg 768w, https:\/\/www.sudoestehoje.com.br\/novoportal\/wp-content\/uploads\/2016\/08\/arm-3-700x394.jpg 700w, https:\/\/www.sudoestehoje.com.br\/novoportal\/wp-content\/uploads\/2016\/08\/arm-3.jpg 960w\" sizes=\"auto, (max-width: 500px) 100vw, 500px\" \/><\/a><\/p>\n<p><a href=\"http:\/\/www.sudoestehoje.com.br\/novoportal\/wp-content\/uploads\/2016\/08\/arm-4.jpg\" rel=\"attachment wp-att-59330\"><img loading=\"lazy\" decoding=\"async\" class=\"aligncenter size-medium wp-image-59330\" src=\"http:\/\/www.sudoestehoje.com.br\/novoportal\/wp-content\/uploads\/2016\/08\/arm-4-500x281.jpg\" alt=\"arm 4\" width=\"500\" height=\"281\" srcset=\"https:\/\/www.sudoestehoje.com.br\/novoportal\/wp-content\/uploads\/2016\/08\/arm-4-500x281.jpg 500w, https:\/\/www.sudoestehoje.com.br\/novoportal\/wp-content\/uploads\/2016\/08\/arm-4-768x432.jpg 768w, https:\/\/www.sudoestehoje.com.br\/novoportal\/wp-content\/uploads\/2016\/08\/arm-4-700x394.jpg 700w, https:\/\/www.sudoestehoje.com.br\/novoportal\/wp-content\/uploads\/2016\/08\/arm-4.jpg 960w\" sizes=\"auto, (max-width: 500px) 100vw, 500px\" \/><\/a><\/p>\n<p><a href=\"http:\/\/www.sudoestehoje.com.br\/novoportal\/wp-content\/uploads\/2016\/08\/arm-5.jpg\" rel=\"attachment wp-att-59331\"><img loading=\"lazy\" decoding=\"async\" class=\"aligncenter size-medium wp-image-59331\" src=\"http:\/\/www.sudoestehoje.com.br\/novoportal\/wp-content\/uploads\/2016\/08\/arm-5-500x344.jpg\" alt=\"arm 5\" width=\"500\" height=\"344\" srcset=\"https:\/\/www.sudoestehoje.com.br\/novoportal\/wp-content\/uploads\/2016\/08\/arm-5-500x344.jpg 500w, https:\/\/www.sudoestehoje.com.br\/novoportal\/wp-content\/uploads\/2016\/08\/arm-5-768x529.jpg 768w, https:\/\/www.sudoestehoje.com.br\/novoportal\/wp-content\/uploads\/2016\/08\/arm-5-700x482.jpg 700w, https:\/\/www.sudoestehoje.com.br\/novoportal\/wp-content\/uploads\/2016\/08\/arm-5.jpg 960w\" sizes=\"auto, (max-width: 500px) 100vw, 500px\" \/><\/a><\/p>\n<p><span style=\"color: #0000ff;\"><em><strong><a style=\"color: #0000ff;\" href=\"https:\/\/www.facebook.com\/photo.php?fbid=1085231621568238&amp;set=pcb.1085235011567899&amp;type=3&amp;theater\">CLIQUE AQUI E VEJA MAIS FOTOS<\/a><\/strong><\/em><\/span><\/p>\n<p><strong><em>Por Davi Ferraz<\/em><\/strong><\/p>\n","protected":false},"excerpt":{"rendered":"<p>Dez meses ap\u00f3s ser eleito com esmagadora vota\u00e7\u00e3o em uma elei\u00e7\u00e3o suplementar para substituir o prefeito cassado pelo TSE, Armando Porto volta a ser confirmado como candidato a prefeito de Macarani, na grande conven\u00e7\u00e3o realizada na tarde desta quinta-feira (4). Para compor a chapa majorit\u00e1ria ao lado de Armando foi escolhido o empres\u00e1rio Zeneudo Matos, [&hellip;]<\/p>\n","protected":false},"author":2,"featured_media":0,"comment_status":"open","ping_status":"open","sticky":false,"template":"","format":"standard","meta":{"footnotes":"","_links_to":"","_links_to_target":""},"categories":[1],"tags":[],"class_list":["post-59323","post","type-post","status-publish","format-standard","hentry","category-geral"],"views":1871,"_links":{"self":[{"href":"https:\/\/www.sudoestehoje.com.br\/novoportal\/wp-json\/wp\/v2\/posts\/59323","targetHints":{"allow":["GET"]}}],"collection":[{"href":"https:\/\/www.sudoestehoje.com.br\/novoportal\/wp-json\/wp\/v2\/posts"}],"about":[{"href":"https:\/\/www.sudoestehoje.com.br\/novoportal\/wp-json\/wp\/v2\/types\/post"}],"author":[{"embeddable":true,"href":"https:\/\/www.sudoestehoje.com.br\/novoportal\/wp-json\/wp\/v2\/users\/2"}],"replies":[{"embeddable":true,"href":"https:\/\/www.sudoestehoje.com.br\/novoportal\/wp-json\/wp\/v2\/comments?post=59323"}],"version-history":[{"count":3,"href":"https:\/\/www.sudoestehoje.com.br\/novoportal\/wp-json\/wp\/v2\/posts\/59323\/revisions"}],"predecessor-version":[{"id":59334,"href":"https:\/\/www.sudoestehoje.com.br\/novoportal\/wp-json\/wp\/v2\/posts\/59323\/revisions\/59334"}],"wp:attachment":[{"href":"https:\/\/www.sudoestehoje.com.br\/novoportal\/wp-json\/wp\/v2\/media?parent=59323"}],"wp:term":[{"taxonomy":"category","embeddable":true,"href":"https:\/\/www.sudoestehoje.com.br\/novoportal\/wp-json\/wp\/v2\/categories?post=59323"},{"taxonomy":"post_tag","embeddable":true,"href":"https:\/\/www.sudoestehoje.com.br\/novoportal\/wp-json\/wp\/v2\/tags?post=59323"}],"curies":[{"name":"wp","href":"https:\/\/api.w.org\/{rel}","templated":true}]}}