
{"id":59313,"date":"2016-08-06T19:05:00","date_gmt":"2016-08-06T22:05:00","guid":{"rendered":"http:\/\/www.sudoestehoje.com.br\/novoportal\/?p=59313"},"modified":"2016-08-08T21:29:15","modified_gmt":"2016-08-09T00:29:15","slug":"itororo-convencao-do-pmdb-homologa-chapa-puro-sangue-com-marco-brito-e-marcelo-andrade","status":"publish","type":"post","link":"https:\/\/www.sudoestehoje.com.br\/novoportal\/2016\/08\/06\/itororo-convencao-do-pmdb-homologa-chapa-puro-sangue-com-marco-brito-e-marcelo-andrade\/","title":{"rendered":"ITOROR\u00d3: CONVEN\u00c7\u00c3O DO PMDB HOMOLOGA CHAPA \u201cPURO SANGUE\u201d COM MARCO BRITO E MARCELO ANDRADE"},"content":{"rendered":"<p><a href=\"http:\/\/www.sudoestehoje.com.br\/novoportal\/wp-content\/uploads\/2016\/08\/marco-2.jpg\" rel=\"attachment wp-att-59314\"><img loading=\"lazy\" decoding=\"async\" class=\"aligncenter size-medium wp-image-59314\" src=\"http:\/\/www.sudoestehoje.com.br\/novoportal\/wp-content\/uploads\/2016\/08\/marco-2-500x333.jpg\" alt=\"marco 2\" width=\"500\" height=\"333\" srcset=\"https:\/\/www.sudoestehoje.com.br\/novoportal\/wp-content\/uploads\/2016\/08\/marco-2-500x333.jpg 500w, https:\/\/www.sudoestehoje.com.br\/novoportal\/wp-content\/uploads\/2016\/08\/marco-2.jpg 612w\" sizes=\"auto, (max-width: 500px) 100vw, 500px\" \/><\/a><\/p>\n<p>Os peemedebistas Marco Brito e Marcelo Andrade mostraram toda a sua for\u00e7a pol\u00edtica na conven\u00e7\u00e3o realizada nesta sexta-feira (5), em Itoror\u00f3, diante de uma plat\u00e9ia euf\u00f3rica que compareceu em massa \u00e0 quadra Quadra Poliesportiva da Escola do Julieta Pontes Viana, para o ato de homologa\u00e7\u00e3o da chapa majorit\u00e1ria, com Marco brito para prefeito e Marcelo para vice.<\/p>\n<p><a href=\"http:\/\/www.sudoestehoje.com.br\/novoportal\/wp-content\/uploads\/2016\/08\/MARCO-3.jpg\" rel=\"attachment wp-att-59315\"><img loading=\"lazy\" decoding=\"async\" class=\"aligncenter size-medium wp-image-59315\" src=\"http:\/\/www.sudoestehoje.com.br\/novoportal\/wp-content\/uploads\/2016\/08\/MARCO-3-500x333.jpg\" alt=\"MARCO 3\" width=\"500\" height=\"333\" srcset=\"https:\/\/www.sudoestehoje.com.br\/novoportal\/wp-content\/uploads\/2016\/08\/MARCO-3-500x333.jpg 500w, https:\/\/www.sudoestehoje.com.br\/novoportal\/wp-content\/uploads\/2016\/08\/MARCO-3.jpg 612w\" sizes=\"auto, (max-width: 500px) 100vw, 500px\" \/><\/a><\/p>\n<p>Ciente da import\u00e2ncia de manter um governo de grandes realiza\u00e7\u00f5es e fiel aos seus anseios, a popula\u00e7\u00e3o de Itoror\u00f3 participou da conven\u00e7\u00e3o e aguardou ansiosa a chegada de Marco Brito, que em seu discurso foi taxativo em dizer que mesmo diante da crise em que o Brasil se encontra, conseguiu governar com os p\u00e9s no ch\u00e3o e que se for reeleito continuar\u00e1 firme na luta em busca de mais recursos para o munic\u00edpio, junto ao governo federal, visando melhorar a qualidade de vida da popula\u00e7\u00e3o.<\/p>\n<p><a href=\"http:\/\/www.sudoestehoje.com.br\/novoportal\/wp-content\/uploads\/2016\/08\/MARCO-4.jpg\" rel=\"attachment wp-att-59316\"><img loading=\"lazy\" decoding=\"async\" class=\"aligncenter size-medium wp-image-59316\" src=\"http:\/\/www.sudoestehoje.com.br\/novoportal\/wp-content\/uploads\/2016\/08\/MARCO-4-500x333.jpg\" alt=\"MARCO 4\" width=\"500\" height=\"333\" srcset=\"https:\/\/www.sudoestehoje.com.br\/novoportal\/wp-content\/uploads\/2016\/08\/MARCO-4-500x333.jpg 500w, https:\/\/www.sudoestehoje.com.br\/novoportal\/wp-content\/uploads\/2016\/08\/MARCO-4.jpg 612w\" sizes=\"auto, (max-width: 500px) 100vw, 500px\" \/><\/a><\/p>\n<p>Marco enfatizou tamb\u00e9m que conta hoje com uma grande for\u00e7a pol\u00edtica em esfera regional, estadual e nacional, e com isso se tornar\u00e1 mais f\u00e1cil \u00e0 vinda de recursos para o munic\u00edpio.<\/p>\n<p><a href=\"http:\/\/www.sudoestehoje.com.br\/novoportal\/wp-content\/uploads\/2016\/08\/MARCO-5.jpg\" rel=\"attachment wp-att-59317\"><img loading=\"lazy\" decoding=\"async\" class=\"aligncenter size-medium wp-image-59317\" src=\"http:\/\/www.sudoestehoje.com.br\/novoportal\/wp-content\/uploads\/2016\/08\/MARCO-5-500x333.jpg\" alt=\"MARCO 5\" width=\"500\" height=\"333\" srcset=\"https:\/\/www.sudoestehoje.com.br\/novoportal\/wp-content\/uploads\/2016\/08\/MARCO-5-500x333.jpg 500w, https:\/\/www.sudoestehoje.com.br\/novoportal\/wp-content\/uploads\/2016\/08\/MARCO-5.jpg 612w\" sizes=\"auto, (max-width: 500px) 100vw, 500px\" \/><\/a><\/p>\n<p>Em um discurso forte, o candidato a vice-prefeito Marcelo Andrade lembrou que a elei\u00e7\u00e3o come\u00e7a mesmo a partir de agora e que os advers\u00e1rios v\u00e3o experimentar mais uma vez &#8220;a for\u00e7a do Le\u00e3o&#8221;, se referindo ao apelido pol\u00edtico de Marco Brito e seu grupo.<\/p>\n<p><a href=\"http:\/\/www.sudoestehoje.com.br\/novoportal\/wp-content\/uploads\/2016\/08\/MARCO-6.jpg\" rel=\"attachment wp-att-59318\"><img loading=\"lazy\" decoding=\"async\" class=\"aligncenter size-medium wp-image-59318\" src=\"http:\/\/www.sudoestehoje.com.br\/novoportal\/wp-content\/uploads\/2016\/08\/MARCO-6-500x333.jpg\" alt=\"MARCO 6\" width=\"500\" height=\"333\" srcset=\"https:\/\/www.sudoestehoje.com.br\/novoportal\/wp-content\/uploads\/2016\/08\/MARCO-6-500x333.jpg 500w, https:\/\/www.sudoestehoje.com.br\/novoportal\/wp-content\/uploads\/2016\/08\/MARCO-6.jpg 612w\" sizes=\"auto, (max-width: 500px) 100vw, 500px\" \/><\/a><\/p>\n<p>A chapa Marco Brito e Marcelo Andrade foi tamb\u00e9m apelidada de &#8220;Chapa Sangue Puro&#8221;, pelo fato do PMDB optar em n\u00e3o mais coligar com o grupo do ex-prefeito Edineu e lan\u00e7ar uma chapa majorit\u00e1ria formada exclusivamente por peemedebistas.<\/p>\n<p><a href=\"http:\/\/www.sudoestehoje.com.br\/novoportal\/wp-content\/uploads\/2016\/08\/MARCO-7.jpg\" rel=\"attachment wp-att-59319\"><img loading=\"lazy\" decoding=\"async\" class=\"aligncenter size-medium wp-image-59319\" src=\"http:\/\/www.sudoestehoje.com.br\/novoportal\/wp-content\/uploads\/2016\/08\/MARCO-7-500x333.jpg\" alt=\"MARCO 7\" width=\"500\" height=\"333\" srcset=\"https:\/\/www.sudoestehoje.com.br\/novoportal\/wp-content\/uploads\/2016\/08\/MARCO-7-500x333.jpg 500w, https:\/\/www.sudoestehoje.com.br\/novoportal\/wp-content\/uploads\/2016\/08\/MARCO-7.jpg 612w\" sizes=\"auto, (max-width: 500px) 100vw, 500px\" \/><\/a><\/p>\n<p>Marco Brito \u00e9 prefeito de Itoror\u00f3 pelo terceiro mandato e parte agora para disputar a sua quarta elei\u00e7\u00e3o, com um hist\u00f3rico de vit\u00f3rias. Marcelo Andrade ocupou at\u00e9 abril a secretaria de sa\u00fade do munic\u00edpio, quando se desincompatibilizou para compor a chapa com Marco.<\/p>\n<p><a href=\"http:\/\/www.sudoestehoje.com.br\/novoportal\/wp-content\/uploads\/2016\/08\/MARCO-8.jpg\" rel=\"attachment wp-att-59320\"><img loading=\"lazy\" decoding=\"async\" class=\"aligncenter size-medium wp-image-59320\" src=\"http:\/\/www.sudoestehoje.com.br\/novoportal\/wp-content\/uploads\/2016\/08\/MARCO-8-500x333.jpg\" alt=\"MARCO 8\" width=\"500\" height=\"333\" srcset=\"https:\/\/www.sudoestehoje.com.br\/novoportal\/wp-content\/uploads\/2016\/08\/MARCO-8-500x333.jpg 500w, https:\/\/www.sudoestehoje.com.br\/novoportal\/wp-content\/uploads\/2016\/08\/MARCO-8.jpg 612w\" sizes=\"auto, (max-width: 500px) 100vw, 500px\" \/><\/a><\/p>\n<p><strong><em>Informa\u00e7\u00f5es do Itoror\u00f3 J\u00e1<\/em><\/strong><\/p>\n<p><img decoding=\"async\" class=\"aligncenter\" src=\"http:\/\/www.sudoestehoje.com.br\/novoportal\/wp-content\/uploads\/2015\/07\/%C3%93TICA-ITAPUAN-BANNER1-500x179.jpg\" alt=\"\u00d3TICA-ITAPUAN-BANNER1\" \/><\/p>\n","protected":false},"excerpt":{"rendered":"<p>Os peemedebistas Marco Brito e Marcelo Andrade mostraram toda a sua for\u00e7a pol\u00edtica na conven\u00e7\u00e3o realizada nesta sexta-feira (5), em Itoror\u00f3, diante de uma plat\u00e9ia euf\u00f3rica que compareceu em massa \u00e0 quadra Quadra Poliesportiva da Escola do Julieta Pontes Viana, para o ato de homologa\u00e7\u00e3o da chapa majorit\u00e1ria, com Marco brito para prefeito e Marcelo [&hellip;]<\/p>\n","protected":false},"author":2,"featured_media":0,"comment_status":"open","ping_status":"open","sticky":false,"template":"","format":"standard","meta":{"footnotes":"","_links_to":"","_links_to_target":""},"categories":[1],"tags":[],"class_list":["post-59313","post","type-post","status-publish","format-standard","hentry","category-geral"],"views":1541,"_links":{"self":[{"href":"https:\/\/www.sudoestehoje.com.br\/novoportal\/wp-json\/wp\/v2\/posts\/59313","targetHints":{"allow":["GET"]}}],"collection":[{"href":"https:\/\/www.sudoestehoje.com.br\/novoportal\/wp-json\/wp\/v2\/posts"}],"about":[{"href":"https:\/\/www.sudoestehoje.com.br\/novoportal\/wp-json\/wp\/v2\/types\/post"}],"author":[{"embeddable":true,"href":"https:\/\/www.sudoestehoje.com.br\/novoportal\/wp-json\/wp\/v2\/users\/2"}],"replies":[{"embeddable":true,"href":"https:\/\/www.sudoestehoje.com.br\/novoportal\/wp-json\/wp\/v2\/comments?post=59313"}],"version-history":[{"count":3,"href":"https:\/\/www.sudoestehoje.com.br\/novoportal\/wp-json\/wp\/v2\/posts\/59313\/revisions"}],"predecessor-version":[{"id":59352,"href":"https:\/\/www.sudoestehoje.com.br\/novoportal\/wp-json\/wp\/v2\/posts\/59313\/revisions\/59352"}],"wp:attachment":[{"href":"https:\/\/www.sudoestehoje.com.br\/novoportal\/wp-json\/wp\/v2\/media?parent=59313"}],"wp:term":[{"taxonomy":"category","embeddable":true,"href":"https:\/\/www.sudoestehoje.com.br\/novoportal\/wp-json\/wp\/v2\/categories?post=59313"},{"taxonomy":"post_tag","embeddable":true,"href":"https:\/\/www.sudoestehoje.com.br\/novoportal\/wp-json\/wp\/v2\/tags?post=59313"}],"curies":[{"name":"wp","href":"https:\/\/api.w.org\/{rel}","templated":true}]}}