
{"id":59297,"date":"2016-08-06T15:19:20","date_gmt":"2016-08-06T18:19:20","guid":{"rendered":"http:\/\/www.sudoestehoje.com.br\/novoportal\/?p=59297"},"modified":"2016-08-06T17:34:37","modified_gmt":"2016-08-06T20:34:37","slug":"antonio-brito-participa-da-convencao-pdtpr-em-apoio-a-tiquinho-e-leo-matos","status":"publish","type":"post","link":"https:\/\/www.sudoestehoje.com.br\/novoportal\/2016\/08\/06\/antonio-brito-participa-da-convencao-pdtpr-em-apoio-a-tiquinho-e-leo-matos\/","title":{"rendered":"ANT\u00d4NIO BRITO PARTICIPA DA CONVEN\u00c7\u00c3O PDT\/PR EM APOIO A TIQUINHO E L\u00c9O MATOS"},"content":{"rendered":"<p><a href=\"http:\/\/www.sudoestehoje.com.br\/novoportal\/wp-content\/uploads\/2016\/08\/PR-1.jpg\" rel=\"attachment wp-att-59298\"><img loading=\"lazy\" decoding=\"async\" class=\"aligncenter size-medium wp-image-59298\" src=\"http:\/\/www.sudoestehoje.com.br\/novoportal\/wp-content\/uploads\/2016\/08\/PR-1-500x333.jpg\" alt=\"PR 1\" width=\"500\" height=\"333\" srcset=\"https:\/\/www.sudoestehoje.com.br\/novoportal\/wp-content\/uploads\/2016\/08\/PR-1-500x333.jpg 500w, https:\/\/www.sudoestehoje.com.br\/novoportal\/wp-content\/uploads\/2016\/08\/PR-1-768x512.jpg 768w, https:\/\/www.sudoestehoje.com.br\/novoportal\/wp-content\/uploads\/2016\/08\/PR-1-700x467.jpg 700w, https:\/\/www.sudoestehoje.com.br\/novoportal\/wp-content\/uploads\/2016\/08\/PR-1.jpg 960w\" sizes=\"auto, (max-width: 500px) 100vw, 500px\" \/><\/a><\/p>\n<p>Antonio Brito participa da conven\u00e7\u00e3o PDT\/PR e aliados e confirma apoio \u00e0 chapa Tiquinho e L\u00e9o Matos Aconteceu ontem a conven\u00e7\u00e3o do PDT\/ PR e partidos aliados para homologa\u00e7\u00e3o de candidaturas a prefeito, vice-prefeito e vereadores que disputaram as elei\u00e7\u00f5es municipais de 02 de outubro pr\u00f3ximo.<\/p>\n<p><a href=\"http:\/\/www.sudoestehoje.com.br\/novoportal\/wp-content\/uploads\/2016\/08\/PR-2.jpg\" rel=\"attachment wp-att-59299\"><img loading=\"lazy\" decoding=\"async\" class=\"aligncenter size-medium wp-image-59299\" src=\"http:\/\/www.sudoestehoje.com.br\/novoportal\/wp-content\/uploads\/2016\/08\/PR-2-500x333.jpg\" alt=\"PR 2\" width=\"500\" height=\"333\" srcset=\"https:\/\/www.sudoestehoje.com.br\/novoportal\/wp-content\/uploads\/2016\/08\/PR-2-500x333.jpg 500w, https:\/\/www.sudoestehoje.com.br\/novoportal\/wp-content\/uploads\/2016\/08\/PR-2-768x512.jpg 768w, https:\/\/www.sudoestehoje.com.br\/novoportal\/wp-content\/uploads\/2016\/08\/PR-2-700x467.jpg 700w, https:\/\/www.sudoestehoje.com.br\/novoportal\/wp-content\/uploads\/2016\/08\/PR-2.jpg 960w\" sizes=\"auto, (max-width: 500px) 100vw, 500px\" \/><\/a><\/p>\n<p>Os trabalhos foram abertos \u00e1s 09:00 na c\u00e2mara municipal de vereadores e durante todo o dia foi grande a movimenta\u00e7\u00e3o de convencionais e partid\u00e1rios que participaram ativamente da conven\u00e7\u00e3o que definiria os rumos dos partidos que promoveu a uni\u00e3o de 12 partidos aliados.<\/p>\n<p><a href=\"http:\/\/www.sudoestehoje.com.br\/novoportal\/wp-content\/uploads\/2016\/08\/PR-3.jpg\" rel=\"attachment wp-att-59300\"><img loading=\"lazy\" decoding=\"async\" class=\"aligncenter size-medium wp-image-59300\" src=\"http:\/\/www.sudoestehoje.com.br\/novoportal\/wp-content\/uploads\/2016\/08\/PR-3-500x333.jpg\" alt=\"PR 3\" width=\"500\" height=\"333\" srcset=\"https:\/\/www.sudoestehoje.com.br\/novoportal\/wp-content\/uploads\/2016\/08\/PR-3-500x333.jpg 500w, https:\/\/www.sudoestehoje.com.br\/novoportal\/wp-content\/uploads\/2016\/08\/PR-3-768x512.jpg 768w, https:\/\/www.sudoestehoje.com.br\/novoportal\/wp-content\/uploads\/2016\/08\/PR-3-700x467.jpg 700w, https:\/\/www.sudoestehoje.com.br\/novoportal\/wp-content\/uploads\/2016\/08\/PR-3.jpg 960w\" sizes=\"auto, (max-width: 500px) 100vw, 500px\" \/><\/a><\/p>\n<p>O ponto alto do evento foi por volta das 20:00 Horas quando os pre candidatos Hilderico Nogueira o Tiquinho e Leonardo Matos chegaram acompanhados do Deputado Federal Ant\u00f4nio Brito que fez uso da palavra, enfatizando a alegria de voltar a Itapetinga para o lan\u00e7amento da candidatura de seu amigo e afilhado pol\u00edtico L\u00e9o Matos para vice prefeito na alian\u00e7a que ter\u00e1 Tiquinho como candidato a prefeito.<\/p>\n<p><a href=\"http:\/\/www.sudoestehoje.com.br\/novoportal\/wp-content\/uploads\/2016\/08\/PR-4.jpg\" rel=\"attachment wp-att-59301\"><img loading=\"lazy\" decoding=\"async\" class=\"aligncenter size-medium wp-image-59301\" src=\"http:\/\/www.sudoestehoje.com.br\/novoportal\/wp-content\/uploads\/2016\/08\/PR-4-500x333.jpg\" alt=\"PR 4\" width=\"500\" height=\"333\" srcset=\"https:\/\/www.sudoestehoje.com.br\/novoportal\/wp-content\/uploads\/2016\/08\/PR-4-500x333.jpg 500w, https:\/\/www.sudoestehoje.com.br\/novoportal\/wp-content\/uploads\/2016\/08\/PR-4-768x512.jpg 768w, https:\/\/www.sudoestehoje.com.br\/novoportal\/wp-content\/uploads\/2016\/08\/PR-4-700x467.jpg 700w, https:\/\/www.sudoestehoje.com.br\/novoportal\/wp-content\/uploads\/2016\/08\/PR-4.jpg 960w\" sizes=\"auto, (max-width: 500px) 100vw, 500px\" \/><\/a><\/p>\n<p>\u201c Itapetinga ter\u00e1 dois prefeitos Tiquinho e L\u00e9o Matos, porque ele n\u00e3o ser\u00e1 apenas o vice prefeito, mas o vice perfeito. Juntos vamos trabalhar muito mais por Itapetinga, vamos unificar for\u00e7as, para trabalhar mais por esta cidade querida\u201d, enfatizou Brito.<\/p>\n<p><a href=\"http:\/\/www.sudoestehoje.com.br\/novoportal\/wp-content\/uploads\/2016\/08\/PR-5.jpg\" rel=\"attachment wp-att-59302\"><img loading=\"lazy\" decoding=\"async\" class=\"aligncenter size-medium wp-image-59302\" src=\"http:\/\/www.sudoestehoje.com.br\/novoportal\/wp-content\/uploads\/2016\/08\/PR-5-500x333.jpg\" alt=\"PR 5\" width=\"500\" height=\"333\" srcset=\"https:\/\/www.sudoestehoje.com.br\/novoportal\/wp-content\/uploads\/2016\/08\/PR-5-500x333.jpg 500w, https:\/\/www.sudoestehoje.com.br\/novoportal\/wp-content\/uploads\/2016\/08\/PR-5-768x512.jpg 768w, https:\/\/www.sudoestehoje.com.br\/novoportal\/wp-content\/uploads\/2016\/08\/PR-5-700x467.jpg 700w, https:\/\/www.sudoestehoje.com.br\/novoportal\/wp-content\/uploads\/2016\/08\/PR-5.jpg 960w\" sizes=\"auto, (max-width: 500px) 100vw, 500px\" \/><\/a><\/p>\n<p>Na sua fala o pr\u00e9 candidato a vice prefeito Leonardo Matos, muito aplaudido em seu discurso em tom emocionado, agradeceu a fam\u00edlia e em especial o Dep Federal Ant\u00f4nio Brito. &#8220;Primeiro quero agradecer a Deus por estarmos aqui vivenciando este momento de alegria, serei eternamente grato pela for\u00e7a, e a confian\u00e7a que voc\u00eas est\u00e3o depositando em nossa candidatura, e garanto que vou procurar retribuir com trabalho e dedica\u00e7\u00e3o ao nosso povo\u201d, disse L\u00e9o Matos.<\/p>\n<p><a href=\"http:\/\/www.sudoestehoje.com.br\/novoportal\/wp-content\/uploads\/2016\/08\/PR-6.jpg\" rel=\"attachment wp-att-59303\"><img loading=\"lazy\" decoding=\"async\" class=\"aligncenter size-medium wp-image-59303\" src=\"http:\/\/www.sudoestehoje.com.br\/novoportal\/wp-content\/uploads\/2016\/08\/PR-6-500x333.jpg\" alt=\"PR 6\" width=\"500\" height=\"333\" srcset=\"https:\/\/www.sudoestehoje.com.br\/novoportal\/wp-content\/uploads\/2016\/08\/PR-6-500x333.jpg 500w, https:\/\/www.sudoestehoje.com.br\/novoportal\/wp-content\/uploads\/2016\/08\/PR-6-768x512.jpg 768w, https:\/\/www.sudoestehoje.com.br\/novoportal\/wp-content\/uploads\/2016\/08\/PR-6-700x467.jpg 700w, https:\/\/www.sudoestehoje.com.br\/novoportal\/wp-content\/uploads\/2016\/08\/PR-6.jpg 960w\" sizes=\"auto, (max-width: 500px) 100vw, 500px\" \/><\/a><\/p>\n<p>Tiquinho foi o \u00faltimo a discursar falando sobre sua candidatura. \u201cHoje n\u00f3s estamos dando o ponta o ponta p\u00e9 inicial da nossa candidatura Os pais e m\u00e3es de fam\u00edlia de minha terra, s\u00e3o testemunhas oculares do meu trabalho para melhor servir a todos. Quero agradecer tamb\u00e9m o apoio de todas as lideran\u00e7as que hoje compartilham com nosso projeto pol\u00edtico.<strong><em> Ascom PR<\/em><\/strong><\/p>\n","protected":false},"excerpt":{"rendered":"<p>Antonio Brito participa da conven\u00e7\u00e3o PDT\/PR e aliados e confirma apoio \u00e0 chapa Tiquinho e L\u00e9o Matos Aconteceu ontem a conven\u00e7\u00e3o do PDT\/ PR e partidos aliados para homologa\u00e7\u00e3o de candidaturas a prefeito, vice-prefeito e vereadores que disputaram as elei\u00e7\u00f5es municipais de 02 de outubro pr\u00f3ximo. Os trabalhos foram abertos \u00e1s 09:00 na c\u00e2mara municipal [&hellip;]<\/p>\n","protected":false},"author":2,"featured_media":0,"comment_status":"open","ping_status":"open","sticky":false,"template":"","format":"standard","meta":{"footnotes":"","_links_to":"","_links_to_target":""},"categories":[1],"tags":[],"class_list":["post-59297","post","type-post","status-publish","format-standard","hentry","category-geral"],"views":2318,"_links":{"self":[{"href":"https:\/\/www.sudoestehoje.com.br\/novoportal\/wp-json\/wp\/v2\/posts\/59297","targetHints":{"allow":["GET"]}}],"collection":[{"href":"https:\/\/www.sudoestehoje.com.br\/novoportal\/wp-json\/wp\/v2\/posts"}],"about":[{"href":"https:\/\/www.sudoestehoje.com.br\/novoportal\/wp-json\/wp\/v2\/types\/post"}],"author":[{"embeddable":true,"href":"https:\/\/www.sudoestehoje.com.br\/novoportal\/wp-json\/wp\/v2\/users\/2"}],"replies":[{"embeddable":true,"href":"https:\/\/www.sudoestehoje.com.br\/novoportal\/wp-json\/wp\/v2\/comments?post=59297"}],"version-history":[{"count":1,"href":"https:\/\/www.sudoestehoje.com.br\/novoportal\/wp-json\/wp\/v2\/posts\/59297\/revisions"}],"predecessor-version":[{"id":59304,"href":"https:\/\/www.sudoestehoje.com.br\/novoportal\/wp-json\/wp\/v2\/posts\/59297\/revisions\/59304"}],"wp:attachment":[{"href":"https:\/\/www.sudoestehoje.com.br\/novoportal\/wp-json\/wp\/v2\/media?parent=59297"}],"wp:term":[{"taxonomy":"category","embeddable":true,"href":"https:\/\/www.sudoestehoje.com.br\/novoportal\/wp-json\/wp\/v2\/categories?post=59297"},{"taxonomy":"post_tag","embeddable":true,"href":"https:\/\/www.sudoestehoje.com.br\/novoportal\/wp-json\/wp\/v2\/tags?post=59297"}],"curies":[{"name":"wp","href":"https:\/\/api.w.org\/{rel}","templated":true}]}}