
{"id":59288,"date":"2016-08-06T17:09:57","date_gmt":"2016-08-06T20:09:57","guid":{"rendered":"http:\/\/www.sudoestehoje.com.br\/novoportal\/?p=59288"},"modified":"2016-08-06T17:09:57","modified_gmt":"2016-08-06T20:09:57","slug":"convencao-do-psdb-confirma-chapa-com-adriano-e-henrique-brugni","status":"publish","type":"post","link":"https:\/\/www.sudoestehoje.com.br\/novoportal\/2016\/08\/06\/convencao-do-psdb-confirma-chapa-com-adriano-e-henrique-brugni\/","title":{"rendered":"CONVEN\u00c7\u00c3O DO PSDB CONFIRMA CHAPA COM ADRIANO E HENRIQUE BRUGNI"},"content":{"rendered":"<p><a href=\"http:\/\/www.sudoestehoje.com.br\/novoportal\/wp-content\/uploads\/2016\/08\/2016-08-06-PHOTO-00000757.jpg\" rel=\"attachment wp-att-59289\"><img loading=\"lazy\" decoding=\"async\" class=\"aligncenter size-medium wp-image-59289\" src=\"http:\/\/www.sudoestehoje.com.br\/novoportal\/wp-content\/uploads\/2016\/08\/2016-08-06-PHOTO-00000757-500x357.jpg\" alt=\"2016-08-06-PHOTO-00000757\" width=\"500\" height=\"357\" srcset=\"https:\/\/www.sudoestehoje.com.br\/novoportal\/wp-content\/uploads\/2016\/08\/2016-08-06-PHOTO-00000757-500x357.jpg 500w, https:\/\/www.sudoestehoje.com.br\/novoportal\/wp-content\/uploads\/2016\/08\/2016-08-06-PHOTO-00000757-768x548.jpg 768w, https:\/\/www.sudoestehoje.com.br\/novoportal\/wp-content\/uploads\/2016\/08\/2016-08-06-PHOTO-00000757-700x499.jpg 700w, https:\/\/www.sudoestehoje.com.br\/novoportal\/wp-content\/uploads\/2016\/08\/2016-08-06-PHOTO-00000757.jpg 1280w\" sizes=\"auto, (max-width: 500px) 100vw, 500px\" \/><\/a><\/p>\n<p>Em grandioso evento realizado nesta sexta-feira 05 de agosto, no Itapetinga t\u00eanis Clube o PSDB oficializou a candidatura da chapa composta por Adriano Alc\u00e2ntara a prefeito e Henrique Brugni a vice-prefeito de Itapetinga. Foram oficializadas tamb\u00e9m as candidaturas de27 vereadores dos partidos PSDB, PP, PTC e PSDC, que juntos formam a coliga\u00e7\u00e3o \u201cUnidos por Itapetinga\u201d.<\/p>\n<p><a href=\"http:\/\/www.sudoestehoje.com.br\/novoportal\/wp-content\/uploads\/2016\/08\/10.37.51.jpeg\" rel=\"attachment wp-att-59290\"><img loading=\"lazy\" decoding=\"async\" class=\"aligncenter size-medium wp-image-59290\" src=\"http:\/\/www.sudoestehoje.com.br\/novoportal\/wp-content\/uploads\/2016\/08\/10.37.51-500x333.jpeg\" alt=\"10.37.51\" width=\"500\" height=\"333\" srcset=\"https:\/\/www.sudoestehoje.com.br\/novoportal\/wp-content\/uploads\/2016\/08\/10.37.51-500x333.jpeg 500w, https:\/\/www.sudoestehoje.com.br\/novoportal\/wp-content\/uploads\/2016\/08\/10.37.51-768x512.jpeg 768w, https:\/\/www.sudoestehoje.com.br\/novoportal\/wp-content\/uploads\/2016\/08\/10.37.51-700x466.jpeg 700w, https:\/\/www.sudoestehoje.com.br\/novoportal\/wp-content\/uploads\/2016\/08\/10.37.51.jpeg 1280w\" sizes=\"auto, (max-width: 500px) 100vw, 500px\" \/><\/a><\/p>\n<p>Compuseram a mesa os presidentes dos partidos PSDB Jivago Queiroz, PP Cosme Pereira, PSDC Gild\u00e1sio Queiroz, PTC Hernando Cardoso, al\u00e9m do Prefeito de Macarani Armando Porto e o candidato a vice-prefeito Paulo Rios que em suas falas ressaltaram a import\u00e2ncia de uma parceria entre as cidades da regi\u00e3o.<\/p>\n<p><a href=\"http:\/\/www.sudoestehoje.com.br\/novoportal\/wp-content\/uploads\/2016\/08\/2016-08-06-PHOTO-00000748.jpg\" rel=\"attachment wp-att-59291\"><img loading=\"lazy\" decoding=\"async\" class=\"aligncenter size-medium wp-image-59291\" src=\"http:\/\/www.sudoestehoje.com.br\/novoportal\/wp-content\/uploads\/2016\/08\/2016-08-06-PHOTO-00000748-500x333.jpg\" alt=\"2016-08-06-PHOTO-00000748\" width=\"500\" height=\"333\" srcset=\"https:\/\/www.sudoestehoje.com.br\/novoportal\/wp-content\/uploads\/2016\/08\/2016-08-06-PHOTO-00000748-500x333.jpg 500w, https:\/\/www.sudoestehoje.com.br\/novoportal\/wp-content\/uploads\/2016\/08\/2016-08-06-PHOTO-00000748-768x512.jpg 768w, https:\/\/www.sudoestehoje.com.br\/novoportal\/wp-content\/uploads\/2016\/08\/2016-08-06-PHOTO-00000748-700x466.jpg 700w, https:\/\/www.sudoestehoje.com.br\/novoportal\/wp-content\/uploads\/2016\/08\/2016-08-06-PHOTO-00000748.jpg 1280w\" sizes=\"auto, (max-width: 500px) 100vw, 500px\" \/><\/a><\/p>\n<p>O grupo, sempre enf\u00e1tico em afirmar independ\u00eancia pol\u00edtica contou com diversas participa\u00e7\u00f5es, entre elas Adenilson Juliano da Primeira Igreja Batista Congrega\u00e7\u00e3o Vit\u00f3ria R\u00e9gia que em momento especial orou e pediu a Deus Sua b\u00ean\u00e7\u00e3o sobre a campanha de Adriano e Henrique. Depoimentos dos l\u00edderes comunit\u00e1rios Juninho diretor de uma escolinha de futebol e Bila membro da Associa\u00e7\u00e3o de Pequenos agricultores de Itapetinga mostraram a descren\u00e7a do povo quanto as velhas pol\u00edticas e a nova esperan\u00e7a que se acende com a chapa rec\u00e9m composta.<\/p>\n<p><a href=\"http:\/\/www.sudoestehoje.com.br\/novoportal\/wp-content\/uploads\/2016\/08\/2016-08-06-PHOTO-00000767.jpg\" rel=\"attachment wp-att-59294\"><img loading=\"lazy\" decoding=\"async\" class=\"aligncenter size-medium wp-image-59294\" src=\"http:\/\/www.sudoestehoje.com.br\/novoportal\/wp-content\/uploads\/2016\/08\/2016-08-06-PHOTO-00000767-500x327.jpg\" alt=\"2016-08-06-PHOTO-00000767\" width=\"500\" height=\"327\" srcset=\"https:\/\/www.sudoestehoje.com.br\/novoportal\/wp-content\/uploads\/2016\/08\/2016-08-06-PHOTO-00000767-500x327.jpg 500w, https:\/\/www.sudoestehoje.com.br\/novoportal\/wp-content\/uploads\/2016\/08\/2016-08-06-PHOTO-00000767-768x503.jpg 768w, https:\/\/www.sudoestehoje.com.br\/novoportal\/wp-content\/uploads\/2016\/08\/2016-08-06-PHOTO-00000767-700x458.jpg 700w, https:\/\/www.sudoestehoje.com.br\/novoportal\/wp-content\/uploads\/2016\/08\/2016-08-06-PHOTO-00000767.jpg 1280w\" sizes=\"auto, (max-width: 500px) 100vw, 500px\" \/><\/a><\/p>\n<p>Fechando o evento, o candidato a vice-prefeito Henrique Brugni agradeceu ao povo pelo apoio e carinho com que tem sido recebido por onde passa e a toda a sua equipe pela dedica\u00e7\u00e3o com que tem se doado a campanha.\u00a0 O candidato a prefeito Adriano Alc\u00e2ntara foi ovacionado pelo p\u00fablico mais uma vez pela sua fala sempre firme e carregada de sentimento. Ele ressaltou a igualdade com que os cidad\u00e3os devem ser vistos e tratados pela sociedade citando nomes de muitos presentes para como\u00e7\u00e3o geral dos participantes, que se despediram com grande motiva\u00e7\u00e3o para lutar pelos seus candidatos e por uma Itapetinga melhor.<\/p>\n<p><a href=\"http:\/\/www.sudoestehoje.com.br\/novoportal\/wp-content\/uploads\/2016\/08\/2016-08-06-PHOTO-00000771.jpg\" rel=\"attachment wp-att-59295\"><img loading=\"lazy\" decoding=\"async\" class=\"aligncenter size-medium wp-image-59295\" src=\"http:\/\/www.sudoestehoje.com.br\/novoportal\/wp-content\/uploads\/2016\/08\/2016-08-06-PHOTO-00000771-500x333.jpg\" alt=\"2016-08-06-PHOTO-00000771\" width=\"500\" height=\"333\" srcset=\"https:\/\/www.sudoestehoje.com.br\/novoportal\/wp-content\/uploads\/2016\/08\/2016-08-06-PHOTO-00000771-500x333.jpg 500w, https:\/\/www.sudoestehoje.com.br\/novoportal\/wp-content\/uploads\/2016\/08\/2016-08-06-PHOTO-00000771-768x512.jpg 768w, https:\/\/www.sudoestehoje.com.br\/novoportal\/wp-content\/uploads\/2016\/08\/2016-08-06-PHOTO-00000771-700x466.jpg 700w, https:\/\/www.sudoestehoje.com.br\/novoportal\/wp-content\/uploads\/2016\/08\/2016-08-06-PHOTO-00000771.jpg 1280w\" sizes=\"auto, (max-width: 500px) 100vw, 500px\" \/><\/a><\/p>\n<p>Superando todas as expectativas e correntes de pensamento que desacreditavam a candidatura da chapa, a conven\u00e7\u00e3o veio para oficializar n\u00e3o s\u00f3 pelo partido PSDB mas tamb\u00e9m pelo povo, a campanha que mais cresce em Itapentiga.\u00a0 Adriano Alc\u00e2ntara e seus correligion\u00e1rios mostraram for\u00e7a, motiva\u00e7\u00e3o e paix\u00e3o pela cidade, se havia alguma d\u00favida de que os cidad\u00e3os iriam lutar por renova\u00e7\u00e3o, j\u00e1 n\u00e3o existe mais.\u00a0<em><strong>Ascom PSDB<\/strong><\/em><\/p>\n","protected":false},"excerpt":{"rendered":"<p>Em grandioso evento realizado nesta sexta-feira 05 de agosto, no Itapetinga t\u00eanis Clube o PSDB oficializou a candidatura da chapa composta por Adriano Alc\u00e2ntara a prefeito e Henrique Brugni a vice-prefeito de Itapetinga. Foram oficializadas tamb\u00e9m as candidaturas de27 vereadores dos partidos PSDB, PP, PTC e PSDC, que juntos formam a coliga\u00e7\u00e3o \u201cUnidos por Itapetinga\u201d. [&hellip;]<\/p>\n","protected":false},"author":2,"featured_media":0,"comment_status":"open","ping_status":"open","sticky":false,"template":"","format":"standard","meta":{"footnotes":"","_links_to":"","_links_to_target":""},"categories":[1],"tags":[],"class_list":["post-59288","post","type-post","status-publish","format-standard","hentry","category-geral"],"views":1951,"_links":{"self":[{"href":"https:\/\/www.sudoestehoje.com.br\/novoportal\/wp-json\/wp\/v2\/posts\/59288","targetHints":{"allow":["GET"]}}],"collection":[{"href":"https:\/\/www.sudoestehoje.com.br\/novoportal\/wp-json\/wp\/v2\/posts"}],"about":[{"href":"https:\/\/www.sudoestehoje.com.br\/novoportal\/wp-json\/wp\/v2\/types\/post"}],"author":[{"embeddable":true,"href":"https:\/\/www.sudoestehoje.com.br\/novoportal\/wp-json\/wp\/v2\/users\/2"}],"replies":[{"embeddable":true,"href":"https:\/\/www.sudoestehoje.com.br\/novoportal\/wp-json\/wp\/v2\/comments?post=59288"}],"version-history":[{"count":1,"href":"https:\/\/www.sudoestehoje.com.br\/novoportal\/wp-json\/wp\/v2\/posts\/59288\/revisions"}],"predecessor-version":[{"id":59296,"href":"https:\/\/www.sudoestehoje.com.br\/novoportal\/wp-json\/wp\/v2\/posts\/59288\/revisions\/59296"}],"wp:attachment":[{"href":"https:\/\/www.sudoestehoje.com.br\/novoportal\/wp-json\/wp\/v2\/media?parent=59288"}],"wp:term":[{"taxonomy":"category","embeddable":true,"href":"https:\/\/www.sudoestehoje.com.br\/novoportal\/wp-json\/wp\/v2\/categories?post=59288"},{"taxonomy":"post_tag","embeddable":true,"href":"https:\/\/www.sudoestehoje.com.br\/novoportal\/wp-json\/wp\/v2\/tags?post=59288"}],"curies":[{"name":"wp","href":"https:\/\/api.w.org\/{rel}","templated":true}]}}