
{"id":59281,"date":"2016-08-06T09:00:16","date_gmt":"2016-08-06T12:00:16","guid":{"rendered":"http:\/\/www.sudoestehoje.com.br\/novoportal\/?p=59281"},"modified":"2016-08-06T09:00:16","modified_gmt":"2016-08-06T12:00:16","slug":"eleicoes-revoltados-com-golpe-de-amaral-vereadores-do-pdt-e-psl-abandonam-convencao-de-tiquinho","status":"publish","type":"post","link":"https:\/\/www.sudoestehoje.com.br\/novoportal\/2016\/08\/06\/eleicoes-revoltados-com-golpe-de-amaral-vereadores-do-pdt-e-psl-abandonam-convencao-de-tiquinho\/","title":{"rendered":"ELEI\u00c7\u00d5ES: REVOLTADOS COM &#8220;GOLPE&#8221; DE AMARAL, VEREADORES DO PDT E PSL ABANDONAM CONVEN\u00c7\u00c3O DE TIQUINHO"},"content":{"rendered":"<div id=\"attachment_59282\" style=\"width: 510px\" class=\"wp-caption aligncenter\"><a href=\"http:\/\/www.sudoestehoje.com.br\/novoportal\/wp-content\/uploads\/2016\/08\/pdt-conv.jpg\" rel=\"attachment wp-att-59282\"><img loading=\"lazy\" decoding=\"async\" aria-describedby=\"caption-attachment-59282\" class=\"size-medium wp-image-59282\" src=\"http:\/\/www.sudoestehoje.com.br\/novoportal\/wp-content\/uploads\/2016\/08\/pdt-conv-500x375.jpg\" alt=\"P\u00daBLICO PRESENTE \u00c0 CONVEN\u00c7\u00c3O FOI BEM ABAIXO DO ESPERADO\" width=\"500\" height=\"375\" srcset=\"https:\/\/www.sudoestehoje.com.br\/novoportal\/wp-content\/uploads\/2016\/08\/pdt-conv-500x375.jpg 500w, https:\/\/www.sudoestehoje.com.br\/novoportal\/wp-content\/uploads\/2016\/08\/pdt-conv-768x576.jpg 768w, https:\/\/www.sudoestehoje.com.br\/novoportal\/wp-content\/uploads\/2016\/08\/pdt-conv-700x525.jpg 700w, https:\/\/www.sudoestehoje.com.br\/novoportal\/wp-content\/uploads\/2016\/08\/pdt-conv.jpg 960w\" sizes=\"auto, (max-width: 500px) 100vw, 500px\" \/><\/a><p id=\"caption-attachment-59282\" class=\"wp-caption-text\"><strong><em>P\u00daBLICO PRESENTE \u00c0 CONVEN\u00c7\u00c3O FOI BEM ABAIXO DO ESPERADO<\/em><\/strong><\/p><\/div>\n<p>A conven\u00e7\u00e3o municipal do PDT\/PR que j\u00e1 estava desanimada e com p\u00fablico bem abaixo da expectativa, foi tamb\u00e9m palco de um enorme constrangimento, quando os vereadores pedetistas N\u00eddia Oliveira, Z\u00e9 Roberto e Valdeir Chagas, al\u00e9m da vereadora Neide da Vila (PSL) abandonaram o evento em sinal de protesto contra a condu\u00e7\u00e3o das articula\u00e7\u00f5es partid\u00e1rias.<\/p>\n<p>Segundo observadores que participaram da conven\u00e7\u00e3o, os vereadores do PDT E PSL se sentiram tra\u00eddos pela coordena\u00e7\u00e3o da campanha, a cargo de K\u00e1tia Espinheira e Cresc\u00eancio Andrade, por terem inclu\u00eddo o PRP do vereador Amaral Junior na coliga\u00e7\u00e3o com o PDT, o que, teoricamente, diminuir\u00e1 as chances de reelei\u00e7\u00e3o de um ou dois deles. Segundo os vereadores governistas, Amaral aplicou um verdadeiro &#8220;golpe&#8221; para se beneficiar com os votos do PDT.<\/p>\n<p>Barracos e desentendimentos \u00e0 parte, o evento n\u00e3o foi o que se esperava, com p\u00fablico bem abaixo do que compareceu no lan\u00e7amento da chapa Tiquinho\/Leo Matos, ocorrido na \u00faltima ter\u00e7a-feira, na \u00e1rea externa da C\u00e2mara de Vereadores.<\/p>\n<p>A fraca coordena\u00e7\u00e3o de K\u00e1tia Espinheira e Cresc\u00eancio Andrade vem sendo contestada e considerada ultrapassada pelos partidos que apoiam a chapa de situa\u00e7\u00e3o.<\/p>\n<p>E vem mais por a\u00ed&#8230;<\/p>\n<p><strong><em>Por Davi Ferraz\u00a0<\/em><\/strong><\/p>\n","protected":false},"excerpt":{"rendered":"<p>A conven\u00e7\u00e3o municipal do PDT\/PR que j\u00e1 estava desanimada e com p\u00fablico bem abaixo da expectativa, foi tamb\u00e9m palco de um enorme constrangimento, quando os vereadores pedetistas N\u00eddia Oliveira, Z\u00e9 Roberto e Valdeir Chagas, al\u00e9m da vereadora Neide da Vila (PSL) abandonaram o evento em sinal de protesto contra a condu\u00e7\u00e3o das articula\u00e7\u00f5es partid\u00e1rias. Segundo [&hellip;]<\/p>\n","protected":false},"author":2,"featured_media":0,"comment_status":"open","ping_status":"open","sticky":false,"template":"","format":"standard","meta":{"footnotes":"","_links_to":"","_links_to_target":""},"categories":[1],"tags":[],"class_list":["post-59281","post","type-post","status-publish","format-standard","hentry","category-geral"],"views":2004,"_links":{"self":[{"href":"https:\/\/www.sudoestehoje.com.br\/novoportal\/wp-json\/wp\/v2\/posts\/59281","targetHints":{"allow":["GET"]}}],"collection":[{"href":"https:\/\/www.sudoestehoje.com.br\/novoportal\/wp-json\/wp\/v2\/posts"}],"about":[{"href":"https:\/\/www.sudoestehoje.com.br\/novoportal\/wp-json\/wp\/v2\/types\/post"}],"author":[{"embeddable":true,"href":"https:\/\/www.sudoestehoje.com.br\/novoportal\/wp-json\/wp\/v2\/users\/2"}],"replies":[{"embeddable":true,"href":"https:\/\/www.sudoestehoje.com.br\/novoportal\/wp-json\/wp\/v2\/comments?post=59281"}],"version-history":[{"count":4,"href":"https:\/\/www.sudoestehoje.com.br\/novoportal\/wp-json\/wp\/v2\/posts\/59281\/revisions"}],"predecessor-version":[{"id":59286,"href":"https:\/\/www.sudoestehoje.com.br\/novoportal\/wp-json\/wp\/v2\/posts\/59281\/revisions\/59286"}],"wp:attachment":[{"href":"https:\/\/www.sudoestehoje.com.br\/novoportal\/wp-json\/wp\/v2\/media?parent=59281"}],"wp:term":[{"taxonomy":"category","embeddable":true,"href":"https:\/\/www.sudoestehoje.com.br\/novoportal\/wp-json\/wp\/v2\/categories?post=59281"},{"taxonomy":"post_tag","embeddable":true,"href":"https:\/\/www.sudoestehoje.com.br\/novoportal\/wp-json\/wp\/v2\/tags?post=59281"}],"curies":[{"name":"wp","href":"https:\/\/api.w.org\/{rel}","templated":true}]}}