
{"id":59276,"date":"2016-08-06T08:24:32","date_gmt":"2016-08-06T11:24:32","guid":{"rendered":"http:\/\/www.sudoestehoje.com.br\/novoportal\/?p=59276"},"modified":"2016-08-06T09:33:21","modified_gmt":"2016-08-06T12:33:21","slug":"eleicoes-isolado-por-ze-carlos-e-alecio-pt-retira-candidatura-de-subele","status":"publish","type":"post","link":"https:\/\/www.sudoestehoje.com.br\/novoportal\/2016\/08\/06\/eleicoes-isolado-por-ze-carlos-e-alecio-pt-retira-candidatura-de-subele\/","title":{"rendered":"ELEI\u00c7\u00d5ES: ISOLADO POR Z\u00c9 CARLOS E AL\u00c9CIO, PT RETIRA CANDIDATURA DE SIBELE"},"content":{"rendered":"<p><a href=\"http:\/\/www.sudoestehoje.com.br\/novoportal\/wp-content\/uploads\/2016\/08\/SIBELE-1.jpg\" rel=\"attachment wp-att-59277\"><img loading=\"lazy\" decoding=\"async\" class=\"aligncenter size-medium wp-image-59277\" src=\"http:\/\/www.sudoestehoje.com.br\/novoportal\/wp-content\/uploads\/2016\/08\/SIBELE-1-500x334.jpg\" alt=\"SIBELE-1\" width=\"500\" height=\"334\" srcset=\"https:\/\/www.sudoestehoje.com.br\/novoportal\/wp-content\/uploads\/2016\/08\/SIBELE-1-500x334.jpg 500w, https:\/\/www.sudoestehoje.com.br\/novoportal\/wp-content\/uploads\/2016\/08\/SIBELE-1.jpg 640w\" sizes=\"auto, (max-width: 500px) 100vw, 500px\" \/><\/a><\/p>\n<p>ITAPETINGA: Depois de contribuir decisivamente para a ascens\u00e3o do apagado e inexpressivo Jos\u00e9 Carlos Moura, emprestando a sua sigla para eleg\u00ea-lo duas vezes a prefeito do munic\u00edpio, o PT de Itapetinga acabou sendo descartado pelo pr\u00f3prio prefeito e n\u00e3o conseguiu consumar a candidatura da ex-secret\u00e1ria Sibele Nery, na conven\u00e7\u00e3o deste domingo.<\/p>\n<p>A pretens\u00e3o do PT de Rosemberg Pinto, na verdade, era encaixar Sibele como vice na chapa oficial do prefeito Z\u00e9 Carlos ou, em \u00faltima inst\u00e2ncia, coligar com o petista dissidente Al\u00e9cio Chaves, hoje candidato a prefeito pelo PSD.<\/p>\n<p>Nenhuma das alternativas deu certo e o PT acabou mesmo sozinho, o que inviabilizou a almejada candidatura de Sibele a prefeita ou vice. Com isto, o partido sai sozinho para a elei\u00e7\u00e3o, com apenas 5 candidatos a vereador, cujas chances de elei\u00e7\u00e3o s\u00e3o \u00ednfimas, impossibilitados que est\u00e3o de alcan\u00e7ar o alto quociente eleitoral, que deve girar em torno dos 2.500 votos.<\/p>\n<p>Os candidatos a vereador pelo PT s\u00e3o: Sidnei Mendes, Jeremias Pereira, Jorge Bigode, Adriano do SAAE e J\u00falio do Bandeira. CONFIRA ABAIXO A NOTA P\u00daBLICA EMITIDA PELO PARTIDO:<!--more--><\/p>\n<p><strong><em>NOTA P\u00daBLICA <\/em><\/strong><\/p>\n<p><strong><em>Considerando o momento pol\u00edtico atual e com o advento do encerramento do prazo legal para a realiza\u00e7\u00e3o das conven\u00e7\u00f5es partid\u00e1rias com vistas \u00e0s elei\u00e7\u00f5es municipais deste ano, nos cabe a atitude de nos dirigirmos a nossa comunidade no sentido de evidenciarmos nossa posi\u00e7\u00e3o acerca de nossa participa\u00e7\u00e3o na elei\u00e7\u00e3o deste ano, conforme segue: <\/em><\/strong><\/p>\n<p><strong><em>1- Ap\u00f3s conven\u00e7\u00e3o realizada neste dia cinco (5), o Partido dos Trabalhadores objetivando uma restrutura\u00e7\u00e3o de seu projeto original no munic\u00edpio de Itapetinga, tomou como decis\u00e3o apresentar para disputa local uma chapa proporcional sem coliga\u00e7\u00e3o, sem candidatura a chapa majorit\u00e1ria e sem indica\u00e7\u00e3o de voto a qualquer dos demais postulantes ora apresentados em nosso munic\u00edpio; <\/em><\/strong><\/p>\n<p><strong><em>2- O PT entende a necessidade de reorganiza\u00e7\u00e3o de seus quadros no munic\u00edpio, buscando uma melhor representa\u00e7\u00e3o das pol\u00edticas p\u00fablicas do governo do estado da Bahia, um melhor relacionamento com os movimentos sociais e a reafirma\u00e7\u00e3o dos projetos vitoriosos do governo federal em nosso munic\u00edpio. <\/em><\/strong><\/p>\n<p><strong><em>3- Desta forma, refirmamos a lideran\u00e7a da Professora Sibele Nery como pessoa de refer\u00eancia pol\u00edtica em nosso partido, a qual, neste momento optamos em preserva-la, visando a constru\u00e7\u00e3o de um projeto mais elaborado em nosso munic\u00edpio. Temos a clareza que, sob a lideran\u00e7a de Sibele Nery, haveremos de continuar servindo a nossa popula\u00e7\u00e3o, trabalhando pela elei\u00e7\u00e3o de nossos pr\u00e9-candidatos a vereadores e principalmente construindo um novo projeto onde a popula\u00e7\u00e3o do nosso munic\u00edpio possa se sentir representada.<\/em><\/strong><\/p>\n<p><strong><em> EXECUTIVA MUNICIPAL DO PT. \u00a0<\/em><\/strong><\/p>\n<p>&nbsp;<\/p>\n","protected":false},"excerpt":{"rendered":"<p>ITAPETINGA: Depois de contribuir decisivamente para a ascens\u00e3o do apagado e inexpressivo Jos\u00e9 Carlos Moura, emprestando a sua sigla para eleg\u00ea-lo duas vezes a prefeito do munic\u00edpio, o PT de Itapetinga acabou sendo descartado pelo pr\u00f3prio prefeito e n\u00e3o conseguiu consumar a candidatura da ex-secret\u00e1ria Sibele Nery, na conven\u00e7\u00e3o deste domingo. A pretens\u00e3o do PT [&hellip;]<\/p>\n","protected":false},"author":2,"featured_media":0,"comment_status":"open","ping_status":"open","sticky":false,"template":"","format":"standard","meta":{"footnotes":"","_links_to":"","_links_to_target":""},"categories":[1],"tags":[],"class_list":["post-59276","post","type-post","status-publish","format-standard","hentry","category-geral"],"views":2103,"_links":{"self":[{"href":"https:\/\/www.sudoestehoje.com.br\/novoportal\/wp-json\/wp\/v2\/posts\/59276","targetHints":{"allow":["GET"]}}],"collection":[{"href":"https:\/\/www.sudoestehoje.com.br\/novoportal\/wp-json\/wp\/v2\/posts"}],"about":[{"href":"https:\/\/www.sudoestehoje.com.br\/novoportal\/wp-json\/wp\/v2\/types\/post"}],"author":[{"embeddable":true,"href":"https:\/\/www.sudoestehoje.com.br\/novoportal\/wp-json\/wp\/v2\/users\/2"}],"replies":[{"embeddable":true,"href":"https:\/\/www.sudoestehoje.com.br\/novoportal\/wp-json\/wp\/v2\/comments?post=59276"}],"version-history":[{"count":4,"href":"https:\/\/www.sudoestehoje.com.br\/novoportal\/wp-json\/wp\/v2\/posts\/59276\/revisions"}],"predecessor-version":[{"id":59287,"href":"https:\/\/www.sudoestehoje.com.br\/novoportal\/wp-json\/wp\/v2\/posts\/59276\/revisions\/59287"}],"wp:attachment":[{"href":"https:\/\/www.sudoestehoje.com.br\/novoportal\/wp-json\/wp\/v2\/media?parent=59276"}],"wp:term":[{"taxonomy":"category","embeddable":true,"href":"https:\/\/www.sudoestehoje.com.br\/novoportal\/wp-json\/wp\/v2\/categories?post=59276"},{"taxonomy":"post_tag","embeddable":true,"href":"https:\/\/www.sudoestehoje.com.br\/novoportal\/wp-json\/wp\/v2\/tags?post=59276"}],"curies":[{"name":"wp","href":"https:\/\/api.w.org\/{rel}","templated":true}]}}