
{"id":59272,"date":"2016-08-05T14:27:31","date_gmt":"2016-08-05T17:27:31","guid":{"rendered":"http:\/\/www.sudoestehoje.com.br\/novoportal\/?p=59272"},"modified":"2016-08-05T14:37:50","modified_gmt":"2016-08-05T17:37:50","slug":"eleicoes-candidatos-de-ze-carlos-fazem-convencao-nesta-sexta","status":"publish","type":"post","link":"https:\/\/www.sudoestehoje.com.br\/novoportal\/2016\/08\/05\/eleicoes-candidatos-de-ze-carlos-fazem-convencao-nesta-sexta\/","title":{"rendered":"ELEI\u00c7\u00d5ES: CANDIDATOS DE Z\u00c9 CARLOS FAZEM CONVEN\u00c7\u00c3O NESTA SEXTA"},"content":{"rendered":"<p><a href=\"http:\/\/www.sudoestehoje.com.br\/novoportal\/wp-content\/uploads\/2016\/08\/leo-e-tiquinho.jpg\" rel=\"attachment wp-att-59273\"><img loading=\"lazy\" decoding=\"async\" class=\"aligncenter size-medium wp-image-59273\" src=\"http:\/\/www.sudoestehoje.com.br\/novoportal\/wp-content\/uploads\/2016\/08\/leo-e-tiquinho-500x333.jpg\" alt=\"leo e tiquinho\" width=\"500\" height=\"333\" srcset=\"https:\/\/www.sudoestehoje.com.br\/novoportal\/wp-content\/uploads\/2016\/08\/leo-e-tiquinho-500x333.jpg 500w, https:\/\/www.sudoestehoje.com.br\/novoportal\/wp-content\/uploads\/2016\/08\/leo-e-tiquinho-768x512.jpg 768w, https:\/\/www.sudoestehoje.com.br\/novoportal\/wp-content\/uploads\/2016\/08\/leo-e-tiquinho-700x467.jpg 700w, https:\/\/www.sudoestehoje.com.br\/novoportal\/wp-content\/uploads\/2016\/08\/leo-e-tiquinho.jpg 960w\" sizes=\"auto, (max-width: 500px) 100vw, 500px\" \/><\/a><\/p>\n<p>Os pr\u00e9-candidatos do prefeito Jos\u00e9 Carlos Moura (PT), Tiquinho do SAAE, (PDT) e Leo Matos (PR), realizam nesta sexta-feira as conven\u00e7\u00f5es municipais dos seus partidos para oficializarem as suas candidaturas a prefeito e vice, bem como homologarem as coliga\u00e7\u00f5es para as elei\u00e7\u00f5es majorit\u00e1ria e proporcional.<\/p>\n<p>O evento, que ser\u00e1 realizado na C\u00e2mara de Vereadores de Itapetinga, a partir das 18 horas, dever\u00e1 contar com a presen\u00e7a do prefeito Z\u00e9 Carlos e a primeira dama Cida Moura, que dever\u00e3o estar acompanhados dos seus dedicados apoiadores Romildo Teixeira, Dadai do Biscoito, Bervan Riach\u00e3o, Gama Sobrinho, dentre outras lideran\u00e7as importantes da pol\u00edtica local.<\/p>\n<p>Os servidores contratados e nomeados para cargos de confian\u00e7a, assim como os professores da rede municipal de ensino, j\u00e1 foram devidamente intimados a comparecerem ao evento e ser\u00e3o liberados dos seus afazeres nas reparti\u00e7\u00f5es municipais, a partir das 15h, para essa finalidade.<\/p>\n<p>Circula a informa\u00e7\u00e3o de que uma lista de presen\u00e7a ser\u00e1 conferida momentos antes da democr\u00e1tica conven\u00e7\u00e3o, e que se der s\u00f3 um &#8220;tiquinho&#8221; de gente, cabe\u00e7as ir\u00e3o rolar.<\/p>\n<p><strong><em>Por Davi Ferraz<\/em><\/strong><\/p>\n<p><img decoding=\"async\" class=\"aligncenter\" src=\"http:\/\/www.sudoestehoje.com.br\/novoportal\/wp-content\/uploads\/2016\/06\/CRISTO-PLANSERV-500x167.jpg\" alt=\"CRISTO-PLANSERV\" \/><\/p>\n","protected":false},"excerpt":{"rendered":"<p>Os pr\u00e9-candidatos do prefeito Jos\u00e9 Carlos Moura (PT), Tiquinho do SAAE, (PDT) e Leo Matos (PR), realizam nesta sexta-feira as conven\u00e7\u00f5es municipais dos seus partidos para oficializarem as suas candidaturas a prefeito e vice, bem como homologarem as coliga\u00e7\u00f5es para as elei\u00e7\u00f5es majorit\u00e1ria e proporcional. O evento, que ser\u00e1 realizado na C\u00e2mara de Vereadores de [&hellip;]<\/p>\n","protected":false},"author":2,"featured_media":0,"comment_status":"open","ping_status":"open","sticky":false,"template":"","format":"standard","meta":{"footnotes":"","_links_to":"","_links_to_target":""},"categories":[1],"tags":[],"class_list":["post-59272","post","type-post","status-publish","format-standard","hentry","category-geral"],"views":1658,"_links":{"self":[{"href":"https:\/\/www.sudoestehoje.com.br\/novoportal\/wp-json\/wp\/v2\/posts\/59272","targetHints":{"allow":["GET"]}}],"collection":[{"href":"https:\/\/www.sudoestehoje.com.br\/novoportal\/wp-json\/wp\/v2\/posts"}],"about":[{"href":"https:\/\/www.sudoestehoje.com.br\/novoportal\/wp-json\/wp\/v2\/types\/post"}],"author":[{"embeddable":true,"href":"https:\/\/www.sudoestehoje.com.br\/novoportal\/wp-json\/wp\/v2\/users\/2"}],"replies":[{"embeddable":true,"href":"https:\/\/www.sudoestehoje.com.br\/novoportal\/wp-json\/wp\/v2\/comments?post=59272"}],"version-history":[{"count":2,"href":"https:\/\/www.sudoestehoje.com.br\/novoportal\/wp-json\/wp\/v2\/posts\/59272\/revisions"}],"predecessor-version":[{"id":59275,"href":"https:\/\/www.sudoestehoje.com.br\/novoportal\/wp-json\/wp\/v2\/posts\/59272\/revisions\/59275"}],"wp:attachment":[{"href":"https:\/\/www.sudoestehoje.com.br\/novoportal\/wp-json\/wp\/v2\/media?parent=59272"}],"wp:term":[{"taxonomy":"category","embeddable":true,"href":"https:\/\/www.sudoestehoje.com.br\/novoportal\/wp-json\/wp\/v2\/categories?post=59272"},{"taxonomy":"post_tag","embeddable":true,"href":"https:\/\/www.sudoestehoje.com.br\/novoportal\/wp-json\/wp\/v2\/tags?post=59272"}],"curies":[{"name":"wp","href":"https:\/\/api.w.org\/{rel}","templated":true}]}}