
{"id":5926,"date":"2011-06-20T00:09:34","date_gmt":"2011-06-20T03:09:34","guid":{"rendered":"http:\/\/www.sudoestehoje.com.br\/novoportal\/?p=5926"},"modified":"2011-06-20T00:42:41","modified_gmt":"2011-06-20T03:42:41","slug":"aecio-neves-caiu-do-cavalo","status":"publish","type":"post","link":"https:\/\/www.sudoestehoje.com.br\/novoportal\/2011\/06\/20\/aecio-neves-caiu-do-cavalo\/","title":{"rendered":"A\u00c9CIO NEVES CAIU DO CAVALO"},"content":{"rendered":"<p style=\"text-align: center;\"><a href=\"http:\/\/www.politicalivre.com.br\/wp-content\/uploads\/2011\/06\/apos-acidente-senador-aecio-neves-posa-para-foto-ao-lado-do-medico-ortopedista-rodrigo-lasmar-1308495586890_300x420.jpg\"><em><strong><img loading=\"lazy\" decoding=\"async\" title=\"apos-acidente-senador-aecio-neves-posa-para-foto-ao-lado-do-medico-ortopedista-rodrigo-lasmar-1308495586890_300x420\" src=\"http:\/\/www.politicalivre.com.br\/wp-content\/uploads\/2011\/06\/apos-acidente-senador-aecio-neves-posa-para-foto-ao-lado-do-medico-ortopedista-rodrigo-lasmar-1308495586890_300x420-214x300.jpg\" alt=\"\" width=\"214\" height=\"300\" \/><\/strong><\/em><\/a><em><strong> <\/strong><\/em><\/p>\n<p style=\"text-align: center;\"><em><strong>Ap\u00f3s acidente senador posa para foto<\/strong><\/em><\/p>\n<p>\u00a0<\/p>\n<p>O senador A\u00e9cio Neves (PSDB-MG) tem reclamado de muitas dores ap\u00f3s ter sofrido uma queda de cavalo, na \u00faltima sexta-feira (17), na fazenda de sua fam\u00edlia na cidade mineira de Cl\u00e1udio (133 km de Belo Horizonte). O senador quebrou cinco costelas e a clav\u00edcula do lado direito. O m\u00e9dico do tucano, Rodrigo Lasmar, informou que A\u00e9cio dever\u00e1 ficar em repouso absoluto por dez dias, prazo no qual n\u00e3o dever\u00e1 comparecer ao Senado. A\u00e9cio est\u00e1 usando uma tipoia para ajudar na recupera\u00e7\u00e3o da les\u00e3o na clav\u00edcula, informou o m\u00e9dico. \u201cEle est\u00e1 sentido dor. A fratura na costela d\u00f3i muito, porque s\u00f3 de respirar e se movimentar um pouco j\u00e1 causa dor. Esses dez primeiros dias s\u00e3o o per\u00edodo mais cr\u00edtico, mas s\u00e3o necess\u00e1rios para a diminui\u00e7\u00e3o da dor com o repouso quase que absoluto\u201d, informou Lasmar, que tamb\u00e9m \u00e9 m\u00e9dico da sele\u00e7\u00e3o brasileira de futebol. (UOl)<\/p>\n","protected":false},"excerpt":{"rendered":"<p>Ap\u00f3s acidente senador posa para foto \u00a0 O senador A\u00e9cio Neves (PSDB-MG) tem reclamado de muitas dores ap\u00f3s ter sofrido uma queda de cavalo, na \u00faltima sexta-feira (17), na fazenda de sua fam\u00edlia na cidade mineira de Cl\u00e1udio (133 km de Belo Horizonte). O senador quebrou cinco costelas e a clav\u00edcula do lado direito. O [&hellip;]<\/p>\n","protected":false},"author":2,"featured_media":0,"comment_status":"open","ping_status":"open","sticky":false,"template":"","format":"standard","meta":{"footnotes":"","_links_to":"","_links_to_target":""},"categories":[1],"tags":[],"class_list":["post-5926","post","type-post","status-publish","format-standard","hentry","category-geral"],"views":1265,"_links":{"self":[{"href":"https:\/\/www.sudoestehoje.com.br\/novoportal\/wp-json\/wp\/v2\/posts\/5926","targetHints":{"allow":["GET"]}}],"collection":[{"href":"https:\/\/www.sudoestehoje.com.br\/novoportal\/wp-json\/wp\/v2\/posts"}],"about":[{"href":"https:\/\/www.sudoestehoje.com.br\/novoportal\/wp-json\/wp\/v2\/types\/post"}],"author":[{"embeddable":true,"href":"https:\/\/www.sudoestehoje.com.br\/novoportal\/wp-json\/wp\/v2\/users\/2"}],"replies":[{"embeddable":true,"href":"https:\/\/www.sudoestehoje.com.br\/novoportal\/wp-json\/wp\/v2\/comments?post=5926"}],"version-history":[{"count":4,"href":"https:\/\/www.sudoestehoje.com.br\/novoportal\/wp-json\/wp\/v2\/posts\/5926\/revisions"}],"predecessor-version":[{"id":5929,"href":"https:\/\/www.sudoestehoje.com.br\/novoportal\/wp-json\/wp\/v2\/posts\/5926\/revisions\/5929"}],"wp:attachment":[{"href":"https:\/\/www.sudoestehoje.com.br\/novoportal\/wp-json\/wp\/v2\/media?parent=5926"}],"wp:term":[{"taxonomy":"category","embeddable":true,"href":"https:\/\/www.sudoestehoje.com.br\/novoportal\/wp-json\/wp\/v2\/categories?post=5926"},{"taxonomy":"post_tag","embeddable":true,"href":"https:\/\/www.sudoestehoje.com.br\/novoportal\/wp-json\/wp\/v2\/tags?post=5926"}],"curies":[{"name":"wp","href":"https:\/\/api.w.org\/{rel}","templated":true}]}}