
{"id":59247,"date":"2016-08-05T09:39:51","date_gmt":"2016-08-05T12:39:51","guid":{"rendered":"http:\/\/www.sudoestehoje.com.br\/novoportal\/?p=59247"},"modified":"2016-08-06T18:10:03","modified_gmt":"2016-08-06T21:10:04","slug":"eleicoes-pmdb-e-dem-oficializam-rodrigo-e-renan-em-grande-convencao","status":"publish","type":"post","link":"https:\/\/www.sudoestehoje.com.br\/novoportal\/2016\/08\/05\/eleicoes-pmdb-e-dem-oficializam-rodrigo-e-renan-em-grande-convencao\/","title":{"rendered":"ELEI\u00c7\u00d5ES: PMDB E DEM OFICIALIZAM RODRIGO E RENAN EM GRANDE CONVEN\u00c7\u00c3O"},"content":{"rendered":"<p><a href=\"http:\/\/www.sudoestehoje.com.br\/novoportal\/wp-content\/uploads\/2016\/08\/R-18.jpg\" rel=\"attachment wp-att-59266\"><img loading=\"lazy\" decoding=\"async\" class=\"aligncenter size-medium wp-image-59266\" src=\"http:\/\/www.sudoestehoje.com.br\/novoportal\/wp-content\/uploads\/2016\/08\/R-18-500x300.jpg\" alt=\"R 18\" width=\"500\" height=\"300\" srcset=\"https:\/\/www.sudoestehoje.com.br\/novoportal\/wp-content\/uploads\/2016\/08\/R-18-500x300.jpg 500w, https:\/\/www.sudoestehoje.com.br\/novoportal\/wp-content\/uploads\/2016\/08\/R-18-768x461.jpg 768w, https:\/\/www.sudoestehoje.com.br\/novoportal\/wp-content\/uploads\/2016\/08\/R-18-700x420.jpg 700w, https:\/\/www.sudoestehoje.com.br\/novoportal\/wp-content\/uploads\/2016\/08\/R-18.jpg 960w\" sizes=\"auto, (max-width: 500px) 100vw, 500px\" \/><\/a><\/p>\n<p>Em uma das maiores conven\u00e7\u00f5es j\u00e1 realizadas em Itapetinga, o PMDB e Democratas oficializaram as candidaturas de Rodrigo Hagge e Renan Pereira, para concorrerem a prefeito e vice no pleito de outubro.<a href=\"http:\/\/www.sudoestehoje.com.br\/novoportal\/wp-content\/uploads\/2016\/08\/R-16.jpg\" rel=\"attachment wp-att-59264\"><img loading=\"lazy\" decoding=\"async\" class=\"aligncenter size-medium wp-image-59264\" src=\"http:\/\/www.sudoestehoje.com.br\/novoportal\/wp-content\/uploads\/2016\/08\/R-16-500x300.jpg\" alt=\"R 16\" width=\"500\" height=\"300\" srcset=\"https:\/\/www.sudoestehoje.com.br\/novoportal\/wp-content\/uploads\/2016\/08\/R-16-500x300.jpg 500w, https:\/\/www.sudoestehoje.com.br\/novoportal\/wp-content\/uploads\/2016\/08\/R-16-768x461.jpg 768w, https:\/\/www.sudoestehoje.com.br\/novoportal\/wp-content\/uploads\/2016\/08\/R-16-700x420.jpg 700w, https:\/\/www.sudoestehoje.com.br\/novoportal\/wp-content\/uploads\/2016\/08\/R-16.jpg 960w\" sizes=\"auto, (max-width: 500px) 100vw, 500px\" \/><\/a><\/p>\n<p>As conven\u00e7\u00f5es das duas agremia\u00e7\u00f5es e partidos aliados aconteceram simultaneamente, no final da tarde desta quinta-feira, no Itapetinga T\u00eanis Clube, que ficou lotado por filiados, militantes, apoiadores e simpatizantes dos candidatos a prefeito, vice e vereador.<\/p>\n<p><a href=\"http:\/\/www.sudoestehoje.com.br\/novoportal\/wp-content\/uploads\/2016\/08\/R-7.jpg\" rel=\"attachment wp-att-59255\"><img loading=\"lazy\" decoding=\"async\" class=\"aligncenter size-medium wp-image-59255\" src=\"http:\/\/www.sudoestehoje.com.br\/novoportal\/wp-content\/uploads\/2016\/08\/R-7-500x300.jpg\" alt=\"R 7\" width=\"500\" height=\"300\" srcset=\"https:\/\/www.sudoestehoje.com.br\/novoportal\/wp-content\/uploads\/2016\/08\/R-7-500x300.jpg 500w, https:\/\/www.sudoestehoje.com.br\/novoportal\/wp-content\/uploads\/2016\/08\/R-7-768x461.jpg 768w, https:\/\/www.sudoestehoje.com.br\/novoportal\/wp-content\/uploads\/2016\/08\/R-7-700x420.jpg 700w, https:\/\/www.sudoestehoje.com.br\/novoportal\/wp-content\/uploads\/2016\/08\/R-7.jpg 960w\" sizes=\"auto, (max-width: 500px) 100vw, 500px\" \/><\/a><\/p>\n<p>Diante de uma plat\u00e9ia euf\u00f3rica, se revesaram nos discursos os deputados Sandro R\u00e9gis (DEM), Jos\u00e9 Carlos Aleluia (DEM), L\u00facio Vieira Lima (PMDB) e os ex-deputados Herzem Gusm\u00e3o e Heraldo Rocha, que tamb\u00e9m prestigiaram o evento.<\/p>\n<p><a href=\"http:\/\/www.sudoestehoje.com.br\/novoportal\/wp-content\/uploads\/2016\/08\/R-19.jpg\" rel=\"attachment wp-att-59267\"><img loading=\"lazy\" decoding=\"async\" class=\"aligncenter size-medium wp-image-59267\" src=\"http:\/\/www.sudoestehoje.com.br\/novoportal\/wp-content\/uploads\/2016\/08\/R-19-500x300.jpg\" alt=\"R 19\" width=\"500\" height=\"300\" srcset=\"https:\/\/www.sudoestehoje.com.br\/novoportal\/wp-content\/uploads\/2016\/08\/R-19-500x300.jpg 500w, https:\/\/www.sudoestehoje.com.br\/novoportal\/wp-content\/uploads\/2016\/08\/R-19-768x461.jpg 768w, https:\/\/www.sudoestehoje.com.br\/novoportal\/wp-content\/uploads\/2016\/08\/R-19-700x420.jpg 700w, https:\/\/www.sudoestehoje.com.br\/novoportal\/wp-content\/uploads\/2016\/08\/R-19.jpg 960w\" sizes=\"auto, (max-width: 500px) 100vw, 500px\" \/><\/a><\/p>\n<p>ACM NETO E GEDDEL FALARAM PELO TEL\u00c3O<\/p>\n<p>Depois do pronunciamento dos deputados, um v\u00eddeo com os pronunciamentos do prefeito de Salvador, ACM Neto, e do Ministro Chefe de Gabinete da Presid\u00eancia da Rep\u00fablica, Geddel Vieira Lima, foi exibido, onde os dois maiores l\u00edderes da pol\u00edtica baiana ressaltaram as qualidades de Rodrigo e Renan, al\u00e9m de manifestarem apoio irrestrito \u00e0s suas candidaturas.<\/p>\n<p><a href=\"http:\/\/www.sudoestehoje.com.br\/novoportal\/wp-content\/uploads\/2016\/08\/R-17.jpg\" rel=\"attachment wp-att-59265\"><img loading=\"lazy\" decoding=\"async\" class=\"aligncenter size-medium wp-image-59265\" src=\"http:\/\/www.sudoestehoje.com.br\/novoportal\/wp-content\/uploads\/2016\/08\/R-17-500x300.jpg\" alt=\"R 17\" width=\"500\" height=\"300\" srcset=\"https:\/\/www.sudoestehoje.com.br\/novoportal\/wp-content\/uploads\/2016\/08\/R-17-500x300.jpg 500w, https:\/\/www.sudoestehoje.com.br\/novoportal\/wp-content\/uploads\/2016\/08\/R-17-768x461.jpg 768w, https:\/\/www.sudoestehoje.com.br\/novoportal\/wp-content\/uploads\/2016\/08\/R-17-700x420.jpg 700w, https:\/\/www.sudoestehoje.com.br\/novoportal\/wp-content\/uploads\/2016\/08\/R-17.jpg 960w\" sizes=\"auto, (max-width: 500px) 100vw, 500px\" \/><\/a><\/p>\n<p>MICHEL E JOS\u00c9 OT\u00c1VIO OVACIONADOS<\/p>\n<p>O ponto alto da conven\u00e7\u00e3o foi sem d\u00favida os pronunciamentos dos dois l\u00edderes oposicionistas Jos\u00e9 Ot\u00e1vio Curvelo e Michel Hagge, que foram ovacionados pelo p\u00fablico, emocionando a plat\u00e9ia que n\u00e3o parava de gritar seus nomes, ressaltando seus feitos quando prefeitos do munic\u00edpio.<\/p>\n<p><a href=\"http:\/\/www.sudoestehoje.com.br\/novoportal\/wp-content\/uploads\/2016\/08\/R-6.jpg\" rel=\"attachment wp-att-59254\"><img loading=\"lazy\" decoding=\"async\" class=\"aligncenter size-medium wp-image-59254\" src=\"http:\/\/www.sudoestehoje.com.br\/novoportal\/wp-content\/uploads\/2016\/08\/R-6-500x300.jpg\" alt=\"R 6\" width=\"500\" height=\"300\" srcset=\"https:\/\/www.sudoestehoje.com.br\/novoportal\/wp-content\/uploads\/2016\/08\/R-6-500x300.jpg 500w, https:\/\/www.sudoestehoje.com.br\/novoportal\/wp-content\/uploads\/2016\/08\/R-6-768x461.jpg 768w, https:\/\/www.sudoestehoje.com.br\/novoportal\/wp-content\/uploads\/2016\/08\/R-6-700x420.jpg 700w, https:\/\/www.sudoestehoje.com.br\/novoportal\/wp-content\/uploads\/2016\/08\/R-6.jpg 960w\" sizes=\"auto, (max-width: 500px) 100vw, 500px\" \/><\/a><\/p>\n<p>Jos\u00e9 Ot\u00e1vio destacou a import\u00e2ncia da alian\u00e7a entre o seu partido e o PMDB, cujo objetivo \u00e9 resgatar o munic\u00edpio dos efeitos da administra\u00e7\u00e3o ca\u00f3tica do PT, que transformou Itapetinga em terra arrasada. Z\u00e9 Ot\u00e1vio tamb\u00e9m criticou a situa\u00e7\u00e3o de pen\u00faria do Hospital Cristo Redentor que, segundo ele, n\u00e3o faz pol\u00edtica de sa\u00fade, mas &#8220;pol\u00edtica partid\u00e1ria com a sa\u00fade&#8221;, o que levou o \u00fanico hospital do munic\u00edpio ao fracasso.<\/p>\n<p><a href=\"http:\/\/www.sudoestehoje.com.br\/novoportal\/wp-content\/uploads\/2016\/08\/R-15.jpg\" rel=\"attachment wp-att-59263\"><img loading=\"lazy\" decoding=\"async\" class=\"aligncenter size-medium wp-image-59263\" src=\"http:\/\/www.sudoestehoje.com.br\/novoportal\/wp-content\/uploads\/2016\/08\/R-15-500x300.jpg\" alt=\"R 15\" width=\"500\" height=\"300\" srcset=\"https:\/\/www.sudoestehoje.com.br\/novoportal\/wp-content\/uploads\/2016\/08\/R-15-500x300.jpg 500w, https:\/\/www.sudoestehoje.com.br\/novoportal\/wp-content\/uploads\/2016\/08\/R-15-768x461.jpg 768w, https:\/\/www.sudoestehoje.com.br\/novoportal\/wp-content\/uploads\/2016\/08\/R-15-700x420.jpg 700w, https:\/\/www.sudoestehoje.com.br\/novoportal\/wp-content\/uploads\/2016\/08\/R-15.jpg 960w\" sizes=\"auto, (max-width: 500px) 100vw, 500px\" \/><\/a><\/p>\n<p>Michel fez quest\u00e3o de lembar o trabalho importante de Z\u00e9 Ot\u00e1vio para a implanta\u00e7\u00e3o da Azal\u00e9ia em Itapetinga e regi\u00e3o, o que, segundo ele, n\u00e3o foi valorizado pelo governo petista. Michel se emocionou ao falar da candidatura do seu neto Rodrigo Hagge e sua prov\u00e1vel elei\u00e7\u00e3o em outubro, um sonho que ele e espera realizar aos seus 88 anos de idade.<\/p>\n<p><a href=\"http:\/\/www.sudoestehoje.com.br\/novoportal\/wp-content\/uploads\/2016\/08\/R-5.jpg\" rel=\"attachment wp-att-59253\"><img loading=\"lazy\" decoding=\"async\" class=\"aligncenter size-medium wp-image-59253\" src=\"http:\/\/www.sudoestehoje.com.br\/novoportal\/wp-content\/uploads\/2016\/08\/R-5-500x300.jpg\" alt=\"R 5\" width=\"500\" height=\"300\" srcset=\"https:\/\/www.sudoestehoje.com.br\/novoportal\/wp-content\/uploads\/2016\/08\/R-5-500x300.jpg 500w, https:\/\/www.sudoestehoje.com.br\/novoportal\/wp-content\/uploads\/2016\/08\/R-5-768x461.jpg 768w, https:\/\/www.sudoestehoje.com.br\/novoportal\/wp-content\/uploads\/2016\/08\/R-5-700x420.jpg 700w, https:\/\/www.sudoestehoje.com.br\/novoportal\/wp-content\/uploads\/2016\/08\/R-5.jpg 960w\" sizes=\"auto, (max-width: 500px) 100vw, 500px\" \/><\/a><\/p>\n<p>RENAN E RODRIGO NOS BRA\u00c7OS DO POVO<\/p>\n<p>O grande momento da conven\u00e7\u00e3o aconteceu durante os discursos de Renan e Rodrigo, que ao se dirigirem ao palco foram abra\u00e7ados e ovacionados por populares, antes dos seus pronunciamentos. Renan fez um discurso centrado na sua experi\u00eancia administrativa e pol\u00edtica, enquanto Rodrigo Hagge deu um verdadeiro show de orat\u00f3ria e conhecimento pol\u00edtico, agradando em cheio a plat\u00e9ia.<\/p>\n<p><a href=\"http:\/\/www.sudoestehoje.com.br\/novoportal\/wp-content\/uploads\/2016\/08\/R-8.jpg\" rel=\"attachment wp-att-59256\"><img loading=\"lazy\" decoding=\"async\" class=\"aligncenter size-medium wp-image-59256\" src=\"http:\/\/www.sudoestehoje.com.br\/novoportal\/wp-content\/uploads\/2016\/08\/R-8-500x300.jpg\" alt=\"R 8\" width=\"500\" height=\"300\" srcset=\"https:\/\/www.sudoestehoje.com.br\/novoportal\/wp-content\/uploads\/2016\/08\/R-8-500x300.jpg 500w, https:\/\/www.sudoestehoje.com.br\/novoportal\/wp-content\/uploads\/2016\/08\/R-8-768x461.jpg 768w, https:\/\/www.sudoestehoje.com.br\/novoportal\/wp-content\/uploads\/2016\/08\/R-8-700x420.jpg 700w, https:\/\/www.sudoestehoje.com.br\/novoportal\/wp-content\/uploads\/2016\/08\/R-8.jpg 960w\" sizes=\"auto, (max-width: 500px) 100vw, 500px\" \/><\/a><\/p>\n<p>No in\u00edcio do seu discurso, Rodrigo foi interrompido pela Juventude PMDB e veteranos dos dois partidos (DEM e PMDB), que lhes entregaram de surpresa as bandeiras de Itapetinga e da Bahia. Outro momento importante foi quando Rodrigo recebeu no palco todos os seus familiares, incluindo o seu pai e tios, que vieram a Itapetinga para homenage\u00e1-lo.<\/p>\n<p><a href=\"http:\/\/www.sudoestehoje.com.br\/novoportal\/wp-content\/uploads\/2016\/08\/R-14.jpg\" rel=\"attachment wp-att-59262\"><img loading=\"lazy\" decoding=\"async\" class=\"aligncenter size-medium wp-image-59262\" src=\"http:\/\/www.sudoestehoje.com.br\/novoportal\/wp-content\/uploads\/2016\/08\/R-14-500x300.jpg\" alt=\"R 14\" width=\"500\" height=\"300\" srcset=\"https:\/\/www.sudoestehoje.com.br\/novoportal\/wp-content\/uploads\/2016\/08\/R-14-500x300.jpg 500w, https:\/\/www.sudoestehoje.com.br\/novoportal\/wp-content\/uploads\/2016\/08\/R-14-768x461.jpg 768w, https:\/\/www.sudoestehoje.com.br\/novoportal\/wp-content\/uploads\/2016\/08\/R-14-700x420.jpg 700w, https:\/\/www.sudoestehoje.com.br\/novoportal\/wp-content\/uploads\/2016\/08\/R-14.jpg 960w\" sizes=\"auto, (max-width: 500px) 100vw, 500px\" \/><\/a><\/p>\n<p>No final do seu discurso, Rodrigo foi carregado nos ombros pelos militantes do PMDB e DEM, at\u00e9 a porta do clube, no momento final da conven\u00e7\u00e3o. CONFIRA MAIS FOTOS:<\/p>\n<p><span style=\"color: #0000ff;\"><strong><em><a style=\"color: #0000ff;\" href=\"https:\/\/www.facebook.com\/photo.php?fbid=1084086641682736&amp;set=pcb.1084088115015922&amp;type=3&amp;theater\">CLIQUE E VEJA MAIS FOTOS<\/a><\/em><\/strong><\/span><\/p>\n<p><a href=\"http:\/\/www.sudoestehoje.com.br\/novoportal\/wp-content\/uploads\/2016\/08\/R-1.jpg\" rel=\"attachment wp-att-59249\"><img loading=\"lazy\" decoding=\"async\" class=\"aligncenter size-medium wp-image-59249\" src=\"http:\/\/www.sudoestehoje.com.br\/novoportal\/wp-content\/uploads\/2016\/08\/R-1-500x281.jpg\" alt=\"R 1\" width=\"500\" height=\"281\" srcset=\"https:\/\/www.sudoestehoje.com.br\/novoportal\/wp-content\/uploads\/2016\/08\/R-1-500x281.jpg 500w, https:\/\/www.sudoestehoje.com.br\/novoportal\/wp-content\/uploads\/2016\/08\/R-1-768x432.jpg 768w, https:\/\/www.sudoestehoje.com.br\/novoportal\/wp-content\/uploads\/2016\/08\/R-1-700x394.jpg 700w, https:\/\/www.sudoestehoje.com.br\/novoportal\/wp-content\/uploads\/2016\/08\/R-1.jpg 960w\" sizes=\"auto, (max-width: 500px) 100vw, 500px\" \/><\/a><\/p>\n<p><a href=\"http:\/\/www.sudoestehoje.com.br\/novoportal\/wp-content\/uploads\/2016\/08\/RO-1.jpg\" rel=\"attachment wp-att-59305\"><img loading=\"lazy\" decoding=\"async\" class=\"aligncenter size-medium wp-image-59305\" src=\"http:\/\/www.sudoestehoje.com.br\/novoportal\/wp-content\/uploads\/2016\/08\/RO-1-500x367.jpg\" alt=\"RO 1\" width=\"500\" height=\"367\" srcset=\"https:\/\/www.sudoestehoje.com.br\/novoportal\/wp-content\/uploads\/2016\/08\/RO-1-500x367.jpg 500w, https:\/\/www.sudoestehoje.com.br\/novoportal\/wp-content\/uploads\/2016\/08\/RO-1-768x563.jpg 768w, https:\/\/www.sudoestehoje.com.br\/novoportal\/wp-content\/uploads\/2016\/08\/RO-1-700x514.jpg 700w, https:\/\/www.sudoestehoje.com.br\/novoportal\/wp-content\/uploads\/2016\/08\/RO-1.jpg 822w\" sizes=\"auto, (max-width: 500px) 100vw, 500px\" \/><\/a><\/p>\n<p><a href=\"http:\/\/www.sudoestehoje.com.br\/novoportal\/wp-content\/uploads\/2016\/08\/RO-2.jpg\" rel=\"attachment wp-att-59307\"><img loading=\"lazy\" decoding=\"async\" class=\"aligncenter size-medium wp-image-59307\" src=\"http:\/\/www.sudoestehoje.com.br\/novoportal\/wp-content\/uploads\/2016\/08\/RO-2-500x296.jpg\" alt=\"RO 2\" width=\"500\" height=\"296\" srcset=\"https:\/\/www.sudoestehoje.com.br\/novoportal\/wp-content\/uploads\/2016\/08\/RO-2-500x296.jpg 500w, https:\/\/www.sudoestehoje.com.br\/novoportal\/wp-content\/uploads\/2016\/08\/RO-2-768x454.jpg 768w, https:\/\/www.sudoestehoje.com.br\/novoportal\/wp-content\/uploads\/2016\/08\/RO-2-700x414.jpg 700w, https:\/\/www.sudoestehoje.com.br\/novoportal\/wp-content\/uploads\/2016\/08\/RO-2.jpg 960w\" sizes=\"auto, (max-width: 500px) 100vw, 500px\" \/><\/a><\/p>\n<p><a href=\"http:\/\/www.sudoestehoje.com.br\/novoportal\/wp-content\/uploads\/2016\/08\/RO-3.jpg\" rel=\"attachment wp-att-59308\"><img loading=\"lazy\" decoding=\"async\" class=\"aligncenter size-medium wp-image-59308\" src=\"http:\/\/www.sudoestehoje.com.br\/novoportal\/wp-content\/uploads\/2016\/08\/RO-3-500x331.jpg\" alt=\"RO 3\" width=\"500\" height=\"331\" srcset=\"https:\/\/www.sudoestehoje.com.br\/novoportal\/wp-content\/uploads\/2016\/08\/RO-3-500x331.jpg 500w, https:\/\/www.sudoestehoje.com.br\/novoportal\/wp-content\/uploads\/2016\/08\/RO-3-768x508.jpg 768w, https:\/\/www.sudoestehoje.com.br\/novoportal\/wp-content\/uploads\/2016\/08\/RO-3-700x463.jpg 700w, https:\/\/www.sudoestehoje.com.br\/novoportal\/wp-content\/uploads\/2016\/08\/RO-3.jpg 960w\" sizes=\"auto, (max-width: 500px) 100vw, 500px\" \/><\/a><\/p>\n<p><a href=\"http:\/\/www.sudoestehoje.com.br\/novoportal\/wp-content\/uploads\/2016\/08\/RO-6.jpg\" rel=\"attachment wp-att-59309\"><img loading=\"lazy\" decoding=\"async\" class=\"aligncenter size-medium wp-image-59309\" src=\"http:\/\/www.sudoestehoje.com.br\/novoportal\/wp-content\/uploads\/2016\/08\/RO-6-500x500.jpg\" alt=\"RO 6\" width=\"500\" height=\"500\" srcset=\"https:\/\/www.sudoestehoje.com.br\/novoportal\/wp-content\/uploads\/2016\/08\/RO-6-500x500.jpg 500w, https:\/\/www.sudoestehoje.com.br\/novoportal\/wp-content\/uploads\/2016\/08\/RO-6-150x150.jpg 150w, https:\/\/www.sudoestehoje.com.br\/novoportal\/wp-content\/uploads\/2016\/08\/RO-6-768x768.jpg 768w, https:\/\/www.sudoestehoje.com.br\/novoportal\/wp-content\/uploads\/2016\/08\/RO-6-700x700.jpg 700w, https:\/\/www.sudoestehoje.com.br\/novoportal\/wp-content\/uploads\/2016\/08\/RO-6.jpg 931w\" sizes=\"auto, (max-width: 500px) 100vw, 500px\" \/><\/a><\/p>\n<p><a href=\"http:\/\/www.sudoestehoje.com.br\/novoportal\/wp-content\/uploads\/2016\/08\/RO-5.jpg\" rel=\"attachment wp-att-59310\"><img loading=\"lazy\" decoding=\"async\" class=\"aligncenter size-medium wp-image-59310\" src=\"http:\/\/www.sudoestehoje.com.br\/novoportal\/wp-content\/uploads\/2016\/08\/RO-5-500x330.jpg\" alt=\"RO 5\" width=\"500\" height=\"330\" srcset=\"https:\/\/www.sudoestehoje.com.br\/novoportal\/wp-content\/uploads\/2016\/08\/RO-5-500x330.jpg 500w, https:\/\/www.sudoestehoje.com.br\/novoportal\/wp-content\/uploads\/2016\/08\/RO-5-768x508.jpg 768w, https:\/\/www.sudoestehoje.com.br\/novoportal\/wp-content\/uploads\/2016\/08\/RO-5-700x463.jpg 700w, https:\/\/www.sudoestehoje.com.br\/novoportal\/wp-content\/uploads\/2016\/08\/RO-5.jpg 873w\" sizes=\"auto, (max-width: 500px) 100vw, 500px\" \/><\/a><\/p>\n","protected":false},"excerpt":{"rendered":"<p>Em uma das maiores conven\u00e7\u00f5es j\u00e1 realizadas em Itapetinga, o PMDB e Democratas oficializaram as candidaturas de Rodrigo Hagge e Renan Pereira, para concorrerem a prefeito e vice no pleito de outubro. As conven\u00e7\u00f5es das duas agremia\u00e7\u00f5es e partidos aliados aconteceram simultaneamente, no final da tarde desta quinta-feira, no Itapetinga T\u00eanis Clube, que ficou lotado [&hellip;]<\/p>\n","protected":false},"author":2,"featured_media":0,"comment_status":"open","ping_status":"open","sticky":false,"template":"","format":"standard","meta":{"footnotes":"","_links_to":"","_links_to_target":""},"categories":[1],"tags":[],"class_list":["post-59247","post","type-post","status-publish","format-standard","hentry","category-geral"],"views":1894,"_links":{"self":[{"href":"https:\/\/www.sudoestehoje.com.br\/novoportal\/wp-json\/wp\/v2\/posts\/59247","targetHints":{"allow":["GET"]}}],"collection":[{"href":"https:\/\/www.sudoestehoje.com.br\/novoportal\/wp-json\/wp\/v2\/posts"}],"about":[{"href":"https:\/\/www.sudoestehoje.com.br\/novoportal\/wp-json\/wp\/v2\/types\/post"}],"author":[{"embeddable":true,"href":"https:\/\/www.sudoestehoje.com.br\/novoportal\/wp-json\/wp\/v2\/users\/2"}],"replies":[{"embeddable":true,"href":"https:\/\/www.sudoestehoje.com.br\/novoportal\/wp-json\/wp\/v2\/comments?post=59247"}],"version-history":[{"count":7,"href":"https:\/\/www.sudoestehoje.com.br\/novoportal\/wp-json\/wp\/v2\/posts\/59247\/revisions"}],"predecessor-version":[{"id":59312,"href":"https:\/\/www.sudoestehoje.com.br\/novoportal\/wp-json\/wp\/v2\/posts\/59247\/revisions\/59312"}],"wp:attachment":[{"href":"https:\/\/www.sudoestehoje.com.br\/novoportal\/wp-json\/wp\/v2\/media?parent=59247"}],"wp:term":[{"taxonomy":"category","embeddable":true,"href":"https:\/\/www.sudoestehoje.com.br\/novoportal\/wp-json\/wp\/v2\/categories?post=59247"},{"taxonomy":"post_tag","embeddable":true,"href":"https:\/\/www.sudoestehoje.com.br\/novoportal\/wp-json\/wp\/v2\/tags?post=59247"}],"curies":[{"name":"wp","href":"https:\/\/api.w.org\/{rel}","templated":true}]}}