
{"id":59230,"date":"2016-08-03T23:03:14","date_gmt":"2016-08-04T02:03:14","guid":{"rendered":"http:\/\/www.sudoestehoje.com.br\/novoportal\/?p=59230"},"modified":"2016-08-03T23:03:14","modified_gmt":"2016-08-04T02:03:14","slug":"senar-e-sindicato-rural-trazem-programa-saude-do-homem-a-itapetinga","status":"publish","type":"post","link":"https:\/\/www.sudoestehoje.com.br\/novoportal\/2016\/08\/03\/senar-e-sindicato-rural-trazem-programa-saude-do-homem-a-itapetinga\/","title":{"rendered":"SENAR E SINDICATO RURAL TRAZEM PROGRAMA SA\u00daDE DO HOMEM A ITAPETINGA"},"content":{"rendered":"<p><a href=\"http:\/\/www.sudoestehoje.com.br\/novoportal\/wp-content\/uploads\/2016\/08\/SS-1.jpg\" rel=\"attachment wp-att-59231\"><img loading=\"lazy\" decoding=\"async\" class=\"aligncenter size-medium wp-image-59231\" src=\"http:\/\/www.sudoestehoje.com.br\/novoportal\/wp-content\/uploads\/2016\/08\/SS-1-500x333.jpg\" alt=\"SS 1\" width=\"500\" height=\"333\" srcset=\"https:\/\/www.sudoestehoje.com.br\/novoportal\/wp-content\/uploads\/2016\/08\/SS-1-500x333.jpg 500w, https:\/\/www.sudoestehoje.com.br\/novoportal\/wp-content\/uploads\/2016\/08\/SS-1-768x512.jpg 768w, https:\/\/www.sudoestehoje.com.br\/novoportal\/wp-content\/uploads\/2016\/08\/SS-1-700x467.jpg 700w, https:\/\/www.sudoestehoje.com.br\/novoportal\/wp-content\/uploads\/2016\/08\/SS-1.jpg 960w\" sizes=\"auto, (max-width: 500px) 100vw, 500px\" \/><\/a><\/p>\n<p>Mais de mil atendimentos foram realizados no Programa Sa\u00fade do Homem, realizado nesta ter\u00e7a\u2013feira, (2), no Parque de Exposi\u00e7\u00f5es em Itapetinga. A iniciativa pioneira na regi\u00e3o foi atrav\u00e9s do SENAR \u2013 Servi\u00e7o Nacional de Aprendizado Rural \u2013 Bahia em parceria com o Sindicato Rural de Itapetinga e FAEB.<\/p>\n<p><a href=\"http:\/\/www.sudoestehoje.com.br\/novoportal\/wp-content\/uploads\/2016\/08\/SS-2.jpg\" rel=\"attachment wp-att-59232\"><img loading=\"lazy\" decoding=\"async\" class=\"aligncenter size-medium wp-image-59232\" src=\"http:\/\/www.sudoestehoje.com.br\/novoportal\/wp-content\/uploads\/2016\/08\/SS-2-500x333.jpg\" alt=\"SS 2\" width=\"500\" height=\"333\" srcset=\"https:\/\/www.sudoestehoje.com.br\/novoportal\/wp-content\/uploads\/2016\/08\/SS-2-500x333.jpg 500w, https:\/\/www.sudoestehoje.com.br\/novoportal\/wp-content\/uploads\/2016\/08\/SS-2-768x512.jpg 768w, https:\/\/www.sudoestehoje.com.br\/novoportal\/wp-content\/uploads\/2016\/08\/SS-2-700x467.jpg 700w, https:\/\/www.sudoestehoje.com.br\/novoportal\/wp-content\/uploads\/2016\/08\/SS-2.jpg 960w\" sizes=\"auto, (max-width: 500px) 100vw, 500px\" \/><\/a><\/p>\n<p>Foram oferecidos v\u00e1rios servi\u00e7os de sa\u00fade, como coleta de sangue, PSA, aferi\u00e7\u00e3o da press\u00e3o arterial, exames de vis\u00e3o, cortes de cabelo e entre outros. A mulher tamb\u00e9m teve espa\u00e7o com exames preventivos e at\u00e9 cuidados com a beleza.\u00a0Ao todo, foram mais de mil atendimentos realizados, em diversas especialidades. CONTINUE LENDO&#8230;<!--more--><\/p>\n<p><a href=\"http:\/\/www.sudoestehoje.com.br\/novoportal\/wp-content\/uploads\/2016\/08\/SS-3.jpg\" rel=\"attachment wp-att-59233\"><img loading=\"lazy\" decoding=\"async\" class=\"aligncenter size-medium wp-image-59233\" src=\"http:\/\/www.sudoestehoje.com.br\/novoportal\/wp-content\/uploads\/2016\/08\/SS-3-500x333.jpg\" alt=\"SS 3\" width=\"500\" height=\"333\" srcset=\"https:\/\/www.sudoestehoje.com.br\/novoportal\/wp-content\/uploads\/2016\/08\/SS-3-500x333.jpg 500w, https:\/\/www.sudoestehoje.com.br\/novoportal\/wp-content\/uploads\/2016\/08\/SS-3-768x512.jpg 768w, https:\/\/www.sudoestehoje.com.br\/novoportal\/wp-content\/uploads\/2016\/08\/SS-3-700x467.jpg 700w, https:\/\/www.sudoestehoje.com.br\/novoportal\/wp-content\/uploads\/2016\/08\/SS-3.jpg 960w\" sizes=\"auto, (max-width: 500px) 100vw, 500px\" \/><\/a><\/p>\n<p>Esse foi o primeiro evento sob o comando de \u00c9der Rezende, novo presidente do Sindicato Rural de Itapetinga. \u201cAtrav\u00e9s da realiza\u00e7\u00e3o do SENAR e FAEB em parceria com o Sindicato Rural de Itapetinga, foi o nosso primeiro evento e superou todas as nossas expectativas. Mais de 500 pessoas foram atendidas em diversas especialidades. E o que me deixou muito feliz, pois as pessoas vieram da zona rural atendendo o nosso convite&#8221;.<\/p>\n<p><a href=\"http:\/\/www.sudoestehoje.com.br\/novoportal\/wp-content\/uploads\/2016\/08\/SS.jpg\" rel=\"attachment wp-att-59234\"><img loading=\"lazy\" decoding=\"async\" class=\"aligncenter size-medium wp-image-59234\" src=\"http:\/\/www.sudoestehoje.com.br\/novoportal\/wp-content\/uploads\/2016\/08\/SS-500x333.jpg\" alt=\"SS\" width=\"500\" height=\"333\" srcset=\"https:\/\/www.sudoestehoje.com.br\/novoportal\/wp-content\/uploads\/2016\/08\/SS-500x333.jpg 500w, https:\/\/www.sudoestehoje.com.br\/novoportal\/wp-content\/uploads\/2016\/08\/SS-768x512.jpg 768w, https:\/\/www.sudoestehoje.com.br\/novoportal\/wp-content\/uploads\/2016\/08\/SS-700x467.jpg 700w, https:\/\/www.sudoestehoje.com.br\/novoportal\/wp-content\/uploads\/2016\/08\/SS.jpg 960w\" sizes=\"auto, (max-width: 500px) 100vw, 500px\" \/><\/a><\/p>\n<p>Eder agradeceu aos colaboradores, dentre eles a \u00a0Transnacional, IFBaiano, UESB, DIRES, Caf\u00e9 Dagente, Arlene Salgados, Non\u00f4 Restaurante, UNOPAR, CEOQ, Pr\u00f3-Riso, Frigor\u00edfico Sudoeste, Colorgraf, Rede PAG Menos, COOPARDO, Ritinha Coiffer, Recicla, Tina Restaurante, Hamilton cabeleireiro, C\u00e9sar Cabeleireiro e todos que ajudaram para o sucesso do evento<\/p>\n<p><a href=\"http:\/\/www.sudoestehoje.com.br\/novoportal\/wp-content\/uploads\/2016\/08\/SS-4.jpg\" rel=\"attachment wp-att-59235\"><img loading=\"lazy\" decoding=\"async\" class=\"aligncenter size-medium wp-image-59235\" src=\"http:\/\/www.sudoestehoje.com.br\/novoportal\/wp-content\/uploads\/2016\/08\/SS-4-500x333.jpg\" alt=\"SS 4\" width=\"500\" height=\"333\" srcset=\"https:\/\/www.sudoestehoje.com.br\/novoportal\/wp-content\/uploads\/2016\/08\/SS-4-500x333.jpg 500w, https:\/\/www.sudoestehoje.com.br\/novoportal\/wp-content\/uploads\/2016\/08\/SS-4-768x512.jpg 768w, https:\/\/www.sudoestehoje.com.br\/novoportal\/wp-content\/uploads\/2016\/08\/SS-4-700x467.jpg 700w, https:\/\/www.sudoestehoje.com.br\/novoportal\/wp-content\/uploads\/2016\/08\/SS-4.jpg 960w\" sizes=\"auto, (max-width: 500px) 100vw, 500px\" \/><\/a><\/p>\n<p>Jaqueline \u00c9rrico, coordenadora t\u00e9cnica do SENAR, destacou o sucesso do evento: \u201cFoi muito salutar a participa\u00e7\u00e3o do Sindicato Rural que foi em busca de parceiros para o projeto. Muitas pessoas foram beneficiadas, sairemos daqui satisfeitos com a repercuss\u00e3o que j\u00e1 est\u00e1 tendo o evento\u201d, destacou ela.<\/p>\n<p><a href=\"http:\/\/www.sudoestehoje.com.br\/novoportal\/wp-content\/uploads\/2016\/08\/SS-9.jpg\" rel=\"attachment wp-att-59241\"><img loading=\"lazy\" decoding=\"async\" class=\"aligncenter size-medium wp-image-59241\" src=\"http:\/\/www.sudoestehoje.com.br\/novoportal\/wp-content\/uploads\/2016\/08\/SS-9-500x333.jpg\" alt=\"SS 9\" width=\"500\" height=\"333\" srcset=\"https:\/\/www.sudoestehoje.com.br\/novoportal\/wp-content\/uploads\/2016\/08\/SS-9-500x333.jpg 500w, https:\/\/www.sudoestehoje.com.br\/novoportal\/wp-content\/uploads\/2016\/08\/SS-9-768x512.jpg 768w, https:\/\/www.sudoestehoje.com.br\/novoportal\/wp-content\/uploads\/2016\/08\/SS-9-700x467.jpg 700w, https:\/\/www.sudoestehoje.com.br\/novoportal\/wp-content\/uploads\/2016\/08\/SS-9.jpg 960w\" sizes=\"auto, (max-width: 500px) 100vw, 500px\" \/><\/a><\/p>\n<p>O sucesso e repercuss\u00e3o do evento foi t\u00e3o grande que as pessoas sa\u00edram do Parque de Exposi\u00e7\u00f5es agradecidas pelos servi\u00e7os. \u201cFoi tudo muito bom, fui muito bem atendido. Todo homem tem que fazer exames na primeira oportunidade. Eu j\u00e1 nesta idade nunca tinha feito exame como o PSA, \u00e9 melhor prevenir. Temos que fazer os exames. Est\u00e1 de parab\u00e9ns o Sindicato Rural\u201d, disse Valdomiro Pereira da Silva, 74 anos, morador da zona rural de Itapetinga.<\/p>\n<p><a href=\"http:\/\/www.sudoestehoje.com.br\/novoportal\/wp-content\/uploads\/2016\/08\/SS-6.jpg\" rel=\"attachment wp-att-59237\"><img loading=\"lazy\" decoding=\"async\" class=\"aligncenter size-medium wp-image-59237\" src=\"http:\/\/www.sudoestehoje.com.br\/novoportal\/wp-content\/uploads\/2016\/08\/SS-6-500x333.jpg\" alt=\"SS 6\" width=\"500\" height=\"333\" srcset=\"https:\/\/www.sudoestehoje.com.br\/novoportal\/wp-content\/uploads\/2016\/08\/SS-6-500x333.jpg 500w, https:\/\/www.sudoestehoje.com.br\/novoportal\/wp-content\/uploads\/2016\/08\/SS-6-768x512.jpg 768w, https:\/\/www.sudoestehoje.com.br\/novoportal\/wp-content\/uploads\/2016\/08\/SS-6-700x467.jpg 700w, https:\/\/www.sudoestehoje.com.br\/novoportal\/wp-content\/uploads\/2016\/08\/SS-6.jpg 960w\" sizes=\"auto, (max-width: 500px) 100vw, 500px\" \/><\/a><\/p>\n<p>O m\u00e9dico urologista Alan Pascoal, elogiou a iniciativa. Segundo ele, a atitude da popula\u00e7\u00e3o em comparecer ao evento fez uma enorme diferen\u00e7a. \u201cMuitos homens compareceram isso foi muito bom.<span style=\"line-height: 1.5;\">Tamb\u00e9m atrav\u00e9s desses exames como o PSA, podemos rastrear outros tipos de doen\u00e7as que alguns homens nem sabem que t\u00eam. Parab\u00e9ns aos organizadores pela iniciativas e espero que esse evento se repita por muitos e muitos anos pois quem ganha com isso \u00e9 a popula\u00e7\u00e3o mais carente\u201d, disse Pascoal.<\/span><\/p>\n<p><a href=\"http:\/\/www.sudoestehoje.com.br\/novoportal\/wp-content\/uploads\/2016\/08\/SS-7.jpg\" rel=\"attachment wp-att-59238\"><img loading=\"lazy\" decoding=\"async\" class=\"aligncenter size-medium wp-image-59238\" src=\"http:\/\/www.sudoestehoje.com.br\/novoportal\/wp-content\/uploads\/2016\/08\/SS-7-500x333.jpg\" alt=\"SS 7\" width=\"500\" height=\"333\" srcset=\"https:\/\/www.sudoestehoje.com.br\/novoportal\/wp-content\/uploads\/2016\/08\/SS-7-500x333.jpg 500w, https:\/\/www.sudoestehoje.com.br\/novoportal\/wp-content\/uploads\/2016\/08\/SS-7-768x512.jpg 768w, https:\/\/www.sudoestehoje.com.br\/novoportal\/wp-content\/uploads\/2016\/08\/SS-7-700x467.jpg 700w, https:\/\/www.sudoestehoje.com.br\/novoportal\/wp-content\/uploads\/2016\/08\/SS-7.jpg 960w\" sizes=\"auto, (max-width: 500px) 100vw, 500px\" \/><\/a><\/p>\n<p><a href=\"http:\/\/www.sudoestehoje.com.br\/novoportal\/wp-content\/uploads\/2016\/08\/SS-8-1.jpg\" rel=\"attachment wp-att-59240\"><img loading=\"lazy\" decoding=\"async\" class=\"aligncenter size-medium wp-image-59240\" src=\"http:\/\/www.sudoestehoje.com.br\/novoportal\/wp-content\/uploads\/2016\/08\/SS-8-1-500x333.jpg\" alt=\"SS 8\" width=\"500\" height=\"333\" srcset=\"https:\/\/www.sudoestehoje.com.br\/novoportal\/wp-content\/uploads\/2016\/08\/SS-8-1-500x333.jpg 500w, https:\/\/www.sudoestehoje.com.br\/novoportal\/wp-content\/uploads\/2016\/08\/SS-8-1-768x512.jpg 768w, https:\/\/www.sudoestehoje.com.br\/novoportal\/wp-content\/uploads\/2016\/08\/SS-8-1-700x467.jpg 700w, https:\/\/www.sudoestehoje.com.br\/novoportal\/wp-content\/uploads\/2016\/08\/SS-8-1.jpg 960w\" sizes=\"auto, (max-width: 500px) 100vw, 500px\" \/><\/a><\/p>\n<p><strong><em>Ascom Sindicato Rural<\/em><\/strong><\/p>\n","protected":false},"excerpt":{"rendered":"<p>Mais de mil atendimentos foram realizados no Programa Sa\u00fade do Homem, realizado nesta ter\u00e7a\u2013feira, (2), no Parque de Exposi\u00e7\u00f5es em Itapetinga. A iniciativa pioneira na regi\u00e3o foi atrav\u00e9s do SENAR \u2013 Servi\u00e7o Nacional de Aprendizado Rural \u2013 Bahia em parceria com o Sindicato Rural de Itapetinga e FAEB. Foram oferecidos v\u00e1rios servi\u00e7os de sa\u00fade, como [&hellip;]<\/p>\n","protected":false},"author":2,"featured_media":0,"comment_status":"open","ping_status":"open","sticky":false,"template":"","format":"standard","meta":{"footnotes":"","_links_to":"","_links_to_target":""},"categories":[1],"tags":[],"class_list":["post-59230","post","type-post","status-publish","format-standard","hentry","category-geral"],"views":2512,"_links":{"self":[{"href":"https:\/\/www.sudoestehoje.com.br\/novoportal\/wp-json\/wp\/v2\/posts\/59230","targetHints":{"allow":["GET"]}}],"collection":[{"href":"https:\/\/www.sudoestehoje.com.br\/novoportal\/wp-json\/wp\/v2\/posts"}],"about":[{"href":"https:\/\/www.sudoestehoje.com.br\/novoportal\/wp-json\/wp\/v2\/types\/post"}],"author":[{"embeddable":true,"href":"https:\/\/www.sudoestehoje.com.br\/novoportal\/wp-json\/wp\/v2\/users\/2"}],"replies":[{"embeddable":true,"href":"https:\/\/www.sudoestehoje.com.br\/novoportal\/wp-json\/wp\/v2\/comments?post=59230"}],"version-history":[{"count":2,"href":"https:\/\/www.sudoestehoje.com.br\/novoportal\/wp-json\/wp\/v2\/posts\/59230\/revisions"}],"predecessor-version":[{"id":59243,"href":"https:\/\/www.sudoestehoje.com.br\/novoportal\/wp-json\/wp\/v2\/posts\/59230\/revisions\/59243"}],"wp:attachment":[{"href":"https:\/\/www.sudoestehoje.com.br\/novoportal\/wp-json\/wp\/v2\/media?parent=59230"}],"wp:term":[{"taxonomy":"category","embeddable":true,"href":"https:\/\/www.sudoestehoje.com.br\/novoportal\/wp-json\/wp\/v2\/categories?post=59230"},{"taxonomy":"post_tag","embeddable":true,"href":"https:\/\/www.sudoestehoje.com.br\/novoportal\/wp-json\/wp\/v2\/tags?post=59230"}],"curies":[{"name":"wp","href":"https:\/\/api.w.org\/{rel}","templated":true}]}}