
{"id":59220,"date":"2016-08-03T21:45:21","date_gmt":"2016-08-04T00:45:21","guid":{"rendered":"http:\/\/www.sudoestehoje.com.br\/novoportal\/?p=59220"},"modified":"2016-08-03T21:47:19","modified_gmt":"2016-08-04T00:47:19","slug":"votacao-de-impeachment-de-dilma-e-antecipada-para-as-9h-desta-quinta","status":"publish","type":"post","link":"https:\/\/www.sudoestehoje.com.br\/novoportal\/2016\/08\/03\/votacao-de-impeachment-de-dilma-e-antecipada-para-as-9h-desta-quinta\/","title":{"rendered":"VOTA\u00c7\u00c3O DO IMPEACHMENT \u00c9 ANTECIPADA PARA AS 9H DESTA QUINTA"},"content":{"rendered":"<p><a href=\"http:\/\/www.sudoestehoje.com.br\/novoportal\/wp-content\/uploads\/2016\/08\/Dilma-foto-marcelo-camargo-abr.jpg\" rel=\"attachment wp-att-59221\"><img loading=\"lazy\" decoding=\"async\" class=\"aligncenter size-medium wp-image-59221\" src=\"http:\/\/www.sudoestehoje.com.br\/novoportal\/wp-content\/uploads\/2016\/08\/Dilma-foto-marcelo-camargo-abr-500x333.jpg\" alt=\"Dilma foto marcelo camargo abr\" width=\"500\" height=\"333\" srcset=\"https:\/\/www.sudoestehoje.com.br\/novoportal\/wp-content\/uploads\/2016\/08\/Dilma-foto-marcelo-camargo-abr-500x333.jpg 500w, https:\/\/www.sudoestehoje.com.br\/novoportal\/wp-content\/uploads\/2016\/08\/Dilma-foto-marcelo-camargo-abr-768x511.jpg 768w, https:\/\/www.sudoestehoje.com.br\/novoportal\/wp-content\/uploads\/2016\/08\/Dilma-foto-marcelo-camargo-abr-700x466.jpg 700w, https:\/\/www.sudoestehoje.com.br\/novoportal\/wp-content\/uploads\/2016\/08\/Dilma-foto-marcelo-camargo-abr.jpg 850w\" sizes=\"auto, (max-width: 500px) 100vw, 500px\" \/><\/a><\/p>\n<p>A sess\u00e3o de vota\u00e7\u00e3o do relat\u00f3rio do senador Antonio Anastasia (PSDB-MG), favor\u00e1vel ao impeachment de Dilma Rousseff, foi antecipada para esta quinta-feira, 4, \u00e0s 9h. Anteriormente, a reuni\u00e3o estava marcada para as 11h.<\/p>\n<p>Apenas l\u00edderes ter\u00e3o direito a falar por um tempo m\u00e1ximo de 5 minutos cada. O presidente da comiss\u00e3o, Raimundo Lira (PMDB-PB), espera que a sess\u00e3o dure de 2 a 3 horas. Ele pondera que os senadores podem falar como l\u00edderes de partido ou de blocos e relembra que, na \u00faltima vota\u00e7\u00e3o, 20 senadores foram ouvidos. A comiss\u00e3o possui 21 membros.<\/p>\n<p>Em seguida, os senadores votar\u00e3o por meio de painel eletr\u00f4nico, sem discurso. O presidente do colegiado n\u00e3o participar\u00e1 da vota\u00e7\u00e3o, apenas em caso de empate, o que n\u00e3o \u00e9 esperado. \u00c0 semelhan\u00e7a da vota\u00e7\u00e3o da primeira fase, o placar esperado \u00e9 de 15 a 5 em favor do impeachment.\u00a0(AE)<\/p>\n<p><img decoding=\"async\" class=\"aligncenter\" src=\"http:\/\/www.sudoestehoje.com.br\/novoportal\/wp-content\/uploads\/2016\/06\/CRISTO-PLANSERV-500x167.jpg\" alt=\"CRISTO-PLANSERV\" \/><\/p>\n","protected":false},"excerpt":{"rendered":"<p>A sess\u00e3o de vota\u00e7\u00e3o do relat\u00f3rio do senador Antonio Anastasia (PSDB-MG), favor\u00e1vel ao impeachment de Dilma Rousseff, foi antecipada para esta quinta-feira, 4, \u00e0s 9h. Anteriormente, a reuni\u00e3o estava marcada para as 11h. Apenas l\u00edderes ter\u00e3o direito a falar por um tempo m\u00e1ximo de 5 minutos cada. O presidente da comiss\u00e3o, Raimundo Lira (PMDB-PB), espera [&hellip;]<\/p>\n","protected":false},"author":2,"featured_media":0,"comment_status":"open","ping_status":"open","sticky":false,"template":"","format":"standard","meta":{"footnotes":"","_links_to":"","_links_to_target":""},"categories":[1],"tags":[],"class_list":["post-59220","post","type-post","status-publish","format-standard","hentry","category-geral"],"views":1255,"_links":{"self":[{"href":"https:\/\/www.sudoestehoje.com.br\/novoportal\/wp-json\/wp\/v2\/posts\/59220","targetHints":{"allow":["GET"]}}],"collection":[{"href":"https:\/\/www.sudoestehoje.com.br\/novoportal\/wp-json\/wp\/v2\/posts"}],"about":[{"href":"https:\/\/www.sudoestehoje.com.br\/novoportal\/wp-json\/wp\/v2\/types\/post"}],"author":[{"embeddable":true,"href":"https:\/\/www.sudoestehoje.com.br\/novoportal\/wp-json\/wp\/v2\/users\/2"}],"replies":[{"embeddable":true,"href":"https:\/\/www.sudoestehoje.com.br\/novoportal\/wp-json\/wp\/v2\/comments?post=59220"}],"version-history":[{"count":4,"href":"https:\/\/www.sudoestehoje.com.br\/novoportal\/wp-json\/wp\/v2\/posts\/59220\/revisions"}],"predecessor-version":[{"id":59225,"href":"https:\/\/www.sudoestehoje.com.br\/novoportal\/wp-json\/wp\/v2\/posts\/59220\/revisions\/59225"}],"wp:attachment":[{"href":"https:\/\/www.sudoestehoje.com.br\/novoportal\/wp-json\/wp\/v2\/media?parent=59220"}],"wp:term":[{"taxonomy":"category","embeddable":true,"href":"https:\/\/www.sudoestehoje.com.br\/novoportal\/wp-json\/wp\/v2\/categories?post=59220"},{"taxonomy":"post_tag","embeddable":true,"href":"https:\/\/www.sudoestehoje.com.br\/novoportal\/wp-json\/wp\/v2\/tags?post=59220"}],"curies":[{"name":"wp","href":"https:\/\/api.w.org\/{rel}","templated":true}]}}