
{"id":59204,"date":"2016-08-03T18:06:33","date_gmt":"2016-08-03T21:06:33","guid":{"rendered":"http:\/\/www.sudoestehoje.com.br\/novoportal\/?p=59204"},"modified":"2016-08-03T18:06:33","modified_gmt":"2016-08-03T21:06:33","slug":"eleicoes-juscelino-gomes-visita-o-comercio-ao-lado-de-rodrigo-e-renan","status":"publish","type":"post","link":"https:\/\/www.sudoestehoje.com.br\/novoportal\/2016\/08\/03\/eleicoes-juscelino-gomes-visita-o-comercio-ao-lado-de-rodrigo-e-renan\/","title":{"rendered":"ELEI\u00c7\u00d5ES: JUSCELINO GOMES VISITA O COM\u00c9RCIO AO LADO DE RODRIGO E RENAN"},"content":{"rendered":"<p><a href=\"http:\/\/www.sudoestehoje.com.br\/novoportal\/wp-content\/uploads\/2016\/08\/jusc-1.jpg\" rel=\"attachment wp-att-59205\"><img loading=\"lazy\" decoding=\"async\" class=\"aligncenter size-medium wp-image-59205\" src=\"http:\/\/www.sudoestehoje.com.br\/novoportal\/wp-content\/uploads\/2016\/08\/jusc-1-500x281.jpg\" alt=\"jusc 1\" width=\"500\" height=\"281\" srcset=\"https:\/\/www.sudoestehoje.com.br\/novoportal\/wp-content\/uploads\/2016\/08\/jusc-1-500x281.jpg 500w, https:\/\/www.sudoestehoje.com.br\/novoportal\/wp-content\/uploads\/2016\/08\/jusc-1-768x431.jpg 768w, https:\/\/www.sudoestehoje.com.br\/novoportal\/wp-content\/uploads\/2016\/08\/jusc-1-700x393.jpg 700w, https:\/\/www.sudoestehoje.com.br\/novoportal\/wp-content\/uploads\/2016\/08\/jusc-1.jpg 960w\" sizes=\"auto, (max-width: 500px) 100vw, 500px\" \/><\/a><\/p>\n<p>Na manh\u00e3 desta quarta-feira (3), o pr\u00e9-candidato a vereador Juscelino Gomes (DEM) acompanhou Rodrigo Hagge (PMDB) e Renan Pereira (DEM), pr\u00e9-candidatos a prefeito e vice, em uma visita ao centro comercial de Itapetinga.<\/p>\n<p><a href=\"http:\/\/www.sudoestehoje.com.br\/novoportal\/wp-content\/uploads\/2016\/08\/jusc-3.jpg\" rel=\"attachment wp-att-59206\"><img loading=\"lazy\" decoding=\"async\" class=\"aligncenter size-medium wp-image-59206\" src=\"http:\/\/www.sudoestehoje.com.br\/novoportal\/wp-content\/uploads\/2016\/08\/jusc-3-500x281.jpg\" alt=\"jusc 3\" width=\"500\" height=\"281\" srcset=\"https:\/\/www.sudoestehoje.com.br\/novoportal\/wp-content\/uploads\/2016\/08\/jusc-3-500x281.jpg 500w, https:\/\/www.sudoestehoje.com.br\/novoportal\/wp-content\/uploads\/2016\/08\/jusc-3-768x431.jpg 768w, https:\/\/www.sudoestehoje.com.br\/novoportal\/wp-content\/uploads\/2016\/08\/jusc-3-700x393.jpg 700w, https:\/\/www.sudoestehoje.com.br\/novoportal\/wp-content\/uploads\/2016\/08\/jusc-3.jpg 960w\" sizes=\"auto, (max-width: 500px) 100vw, 500px\" \/><\/a><\/p>\n<p>Juscelino Gomes \u00e9 um nome muito querido e respeitado no com\u00e9rcio local, tendo exercido por muitos anos a atividade de comerciante como s\u00f3cio gerente da loja &#8216;O Paulist\u00e3o&#8217;, uma das maiores e mais bem conceituadas at\u00e9 os anos 90.<\/p>\n<p><a href=\"http:\/\/www.sudoestehoje.com.br\/novoportal\/wp-content\/uploads\/2016\/08\/jusc-2.jpg\" rel=\"attachment wp-att-59207\"><img loading=\"lazy\" decoding=\"async\" class=\"aligncenter size-medium wp-image-59207\" src=\"http:\/\/www.sudoestehoje.com.br\/novoportal\/wp-content\/uploads\/2016\/08\/jusc-2-500x281.jpg\" alt=\"jusc 2\" width=\"500\" height=\"281\" srcset=\"https:\/\/www.sudoestehoje.com.br\/novoportal\/wp-content\/uploads\/2016\/08\/jusc-2-500x281.jpg 500w, https:\/\/www.sudoestehoje.com.br\/novoportal\/wp-content\/uploads\/2016\/08\/jusc-2-768x431.jpg 768w, https:\/\/www.sudoestehoje.com.br\/novoportal\/wp-content\/uploads\/2016\/08\/jusc-2-700x393.jpg 700w, https:\/\/www.sudoestehoje.com.br\/novoportal\/wp-content\/uploads\/2016\/08\/jusc-2.jpg 960w\" sizes=\"auto, (max-width: 500px) 100vw, 500px\" \/><\/a><\/p>\n<p>No per\u00edodo em que exerceu a atividade do com\u00e9rcio, Juscelino Gomes foi dirigente da CDL e adquiriu grande prest\u00edgio pela sua dedica\u00e7\u00e3o e pioneirismo na defesa da classe, gozando tamb\u00e9m de grande admira\u00e7\u00e3o junto aos comerci\u00e1rios.<\/p>\n<p><a href=\"http:\/\/www.sudoestehoje.com.br\/novoportal\/wp-content\/uploads\/2016\/08\/jusc-4-1.jpg\" rel=\"attachment wp-att-59209\"><img loading=\"lazy\" decoding=\"async\" class=\"aligncenter size-medium wp-image-59209\" src=\"http:\/\/www.sudoestehoje.com.br\/novoportal\/wp-content\/uploads\/2016\/08\/jusc-4-1-500x281.jpg\" alt=\"jusc 4\" width=\"500\" height=\"281\" srcset=\"https:\/\/www.sudoestehoje.com.br\/novoportal\/wp-content\/uploads\/2016\/08\/jusc-4-1-500x281.jpg 500w, https:\/\/www.sudoestehoje.com.br\/novoportal\/wp-content\/uploads\/2016\/08\/jusc-4-1-768x431.jpg 768w, https:\/\/www.sudoestehoje.com.br\/novoportal\/wp-content\/uploads\/2016\/08\/jusc-4-1-700x393.jpg 700w, https:\/\/www.sudoestehoje.com.br\/novoportal\/wp-content\/uploads\/2016\/08\/jusc-4-1.jpg 960w\" sizes=\"auto, (max-width: 500px) 100vw, 500px\" \/><\/a><\/p>\n<p>Juscelino Gomes\u00a0\u00e9 muito querido e respeitado tamb\u00e9m no meio agropecu\u00e1rio e empresarial. <strong><em>Ascom<\/em><\/strong><\/p>\n<p><img decoding=\"async\" class=\"aligncenter\" src=\"http:\/\/www.sudoestehoje.com.br\/novoportal\/wp-content\/uploads\/2014\/07\/Feira-do-Lar-1.png\" alt=\"Feira-do-Lar (1)\" \/><\/p>\n","protected":false},"excerpt":{"rendered":"<p>Na manh\u00e3 desta quarta-feira (3), o pr\u00e9-candidato a vereador Juscelino Gomes (DEM) acompanhou Rodrigo Hagge (PMDB) e Renan Pereira (DEM), pr\u00e9-candidatos a prefeito e vice, em uma visita ao centro comercial de Itapetinga. Juscelino Gomes \u00e9 um nome muito querido e respeitado no com\u00e9rcio local, tendo exercido por muitos anos a atividade de comerciante como [&hellip;]<\/p>\n","protected":false},"author":2,"featured_media":0,"comment_status":"open","ping_status":"open","sticky":false,"template":"","format":"standard","meta":{"footnotes":"","_links_to":"","_links_to_target":""},"categories":[1],"tags":[],"class_list":["post-59204","post","type-post","status-publish","format-standard","hentry","category-geral"],"views":1422,"_links":{"self":[{"href":"https:\/\/www.sudoestehoje.com.br\/novoportal\/wp-json\/wp\/v2\/posts\/59204","targetHints":{"allow":["GET"]}}],"collection":[{"href":"https:\/\/www.sudoestehoje.com.br\/novoportal\/wp-json\/wp\/v2\/posts"}],"about":[{"href":"https:\/\/www.sudoestehoje.com.br\/novoportal\/wp-json\/wp\/v2\/types\/post"}],"author":[{"embeddable":true,"href":"https:\/\/www.sudoestehoje.com.br\/novoportal\/wp-json\/wp\/v2\/users\/2"}],"replies":[{"embeddable":true,"href":"https:\/\/www.sudoestehoje.com.br\/novoportal\/wp-json\/wp\/v2\/comments?post=59204"}],"version-history":[{"count":2,"href":"https:\/\/www.sudoestehoje.com.br\/novoportal\/wp-json\/wp\/v2\/posts\/59204\/revisions"}],"predecessor-version":[{"id":59211,"href":"https:\/\/www.sudoestehoje.com.br\/novoportal\/wp-json\/wp\/v2\/posts\/59204\/revisions\/59211"}],"wp:attachment":[{"href":"https:\/\/www.sudoestehoje.com.br\/novoportal\/wp-json\/wp\/v2\/media?parent=59204"}],"wp:term":[{"taxonomy":"category","embeddable":true,"href":"https:\/\/www.sudoestehoje.com.br\/novoportal\/wp-json\/wp\/v2\/categories?post=59204"},{"taxonomy":"post_tag","embeddable":true,"href":"https:\/\/www.sudoestehoje.com.br\/novoportal\/wp-json\/wp\/v2\/tags?post=59204"}],"curies":[{"name":"wp","href":"https:\/\/api.w.org\/{rel}","templated":true}]}}