
{"id":59160,"date":"2016-08-02T17:35:36","date_gmt":"2016-08-02T20:35:36","guid":{"rendered":"http:\/\/www.sudoestehoje.com.br\/novoportal\/?p=59160"},"modified":"2016-08-02T18:05:43","modified_gmt":"2016-08-02T21:05:43","slug":"alfredo-cabral-convencao-do-psd-de-itapetinga-supera-expectativas","status":"publish","type":"post","link":"https:\/\/www.sudoestehoje.com.br\/novoportal\/2016\/08\/02\/alfredo-cabral-convencao-do-psd-de-itapetinga-supera-expectativas\/","title":{"rendered":"ALFREDO CABRAL: &#8220;CONVEN\u00c7\u00c3O DO PSD SUPEROU TODAS AS EXPECTATIVAS&#8221;"},"content":{"rendered":"<p class=\"yiv1636194867msonormal\" style=\"margin: 0cm; margin-bottom: .0001pt; text-align: justify; line-height: 13.8pt;\"><a href=\"http:\/\/www.sudoestehoje.com.br\/novoportal\/wp-content\/uploads\/2016\/08\/conv-psd-1.jpg\" rel=\"attachment wp-att-59167\"><img loading=\"lazy\" decoding=\"async\" class=\"aligncenter size-medium wp-image-59167\" src=\"http:\/\/www.sudoestehoje.com.br\/novoportal\/wp-content\/uploads\/2016\/08\/conv-psd-1-500x300.jpg\" alt=\"conv psd 1\" width=\"500\" height=\"300\" srcset=\"https:\/\/www.sudoestehoje.com.br\/novoportal\/wp-content\/uploads\/2016\/08\/conv-psd-1-500x300.jpg 500w, https:\/\/www.sudoestehoje.com.br\/novoportal\/wp-content\/uploads\/2016\/08\/conv-psd-1-768x461.jpg 768w, https:\/\/www.sudoestehoje.com.br\/novoportal\/wp-content\/uploads\/2016\/08\/conv-psd-1-700x420.jpg 700w, https:\/\/www.sudoestehoje.com.br\/novoportal\/wp-content\/uploads\/2016\/08\/conv-psd-1.jpg 960w\" sizes=\"auto, (max-width: 500px) 100vw, 500px\" \/><\/a><\/p>\n<p class=\"yiv1636194867msonormal\" style=\"margin: 0cm; margin-bottom: .0001pt; text-align: justify; line-height: 13.8pt;\"><span style=\"font-family: 'Arial','sans-serif'; color: black;\">O presidente do Diret\u00f3rio Municipal do PSD de Itapetinga, Vereador Alfredo Cabral de Assis, avaliou a conven\u00e7\u00e3o realizada no \u00faltimo domingo 31\/07\/2016, visando as elei\u00e7\u00f5es municipais que acontecer\u00e1 no dia 02 de outubro do corrente ano.<\/span><\/p>\n<p class=\"yiv1636194867msonormal\" style=\"margin: 0cm; margin-bottom: .0001pt; text-align: justify; line-height: 13.8pt;\"><span style=\"font-family: 'Arial','sans-serif'; color: black;\">\u00a0<\/span><\/p>\n<p id=\"yui_3_16_0_ym19_1_1470101547286_2580\" class=\"yiv1636194867msonormal\" style=\"margin: 0cm; margin-bottom: .0001pt; text-align: justify; line-height: 13.8pt; -webkit-padding-start: 0px; orphans: auto; widows: 1; -webkit-text-stroke-width: 0px; word-spacing: 0px;\"><span id=\"yui_3_16_0_ym19_1_1470101547286_2579\" style=\"-webkit-padding-start: 0px;\"><span style=\"font-family: 'Arial','sans-serif'; color: black;\">Segundo Alfredo, o evento superou as expectativas, considerando a presen\u00e7a de v\u00e1rias pessoas, lideran\u00e7as pol\u00edticas, familiares, al\u00e9m de amigos e simpatizantes. O PSD est\u00e1 trabalhando firme com o objetivo de contribuir politicamente com o futuro de Itapetinga, unindo for\u00e7as atrav\u00e9s de alian\u00e7as e pessoas que t\u00eam o perfil de fazer o munic\u00edpio avan\u00e7ar no desenvolvimento.<\/span><\/span><\/p>\n<p class=\"yiv1636194867msonormal\" style=\"margin: 0cm; margin-bottom: .0001pt; text-align: justify; line-height: 13.8pt; -webkit-padding-start: 0px; orphans: auto; widows: 1; -webkit-text-stroke-width: 0px; word-spacing: 0px;\"><a href=\"http:\/\/www.sudoestehoje.com.br\/novoportal\/wp-content\/uploads\/2016\/08\/conven\u00e7\u00e3o-psd-2.jpg\" rel=\"attachment wp-att-59168\"><img loading=\"lazy\" decoding=\"async\" class=\"aligncenter size-medium wp-image-59168\" src=\"http:\/\/www.sudoestehoje.com.br\/novoportal\/wp-content\/uploads\/2016\/08\/conven\u00e7\u00e3o-psd-2-500x300.jpg\" alt=\"conven\u00e7\u00e3o psd 2\" width=\"500\" height=\"300\" srcset=\"https:\/\/www.sudoestehoje.com.br\/novoportal\/wp-content\/uploads\/2016\/08\/conven\u00e7\u00e3o-psd-2-500x300.jpg 500w, https:\/\/www.sudoestehoje.com.br\/novoportal\/wp-content\/uploads\/2016\/08\/conven\u00e7\u00e3o-psd-2-768x461.jpg 768w, https:\/\/www.sudoestehoje.com.br\/novoportal\/wp-content\/uploads\/2016\/08\/conven\u00e7\u00e3o-psd-2-700x420.jpg 700w, https:\/\/www.sudoestehoje.com.br\/novoportal\/wp-content\/uploads\/2016\/08\/conven\u00e7\u00e3o-psd-2.jpg 960w\" sizes=\"auto, (max-width: 500px) 100vw, 500px\" \/><\/a><\/p>\n<p class=\"yiv1636194867msonormal\" style=\"margin: 0cm; margin-bottom: .0001pt; text-align: justify; line-height: 13.8pt;\"><span style=\"font-family: 'Arial','sans-serif'; color: black;\">O PSD \u00e9 um partido que cresce a cada dia com coer\u00eancia, qualidade e for\u00e7a pol\u00edtica. A conven\u00e7\u00e3o que homologou a candidatura para Prefeito do Professor Al\u00e9cio Chaves e do Vice-Prefeito o Empres\u00e1rio Miraldo Mota e ainda dos Candidatos a Vereadores dos Partidos Coligados, PSD, PSC, PCdoB e REDE Sustentabilidade, transformando uma simples Conven\u00e7\u00e3o em uma grande festa pela empolga\u00e7\u00e3o que as pessoas estavam.<\/span><\/p>\n<p class=\"yiv1636194867msonormal\" style=\"margin: 0cm; margin-bottom: .0001pt; text-align: justify; line-height: 13.8pt;\"><span style=\"font-family: 'Arial','sans-serif'; color: black;\">\u00a0<\/span><\/p>\n<p id=\"yui_3_16_0_ym19_1_1470101547286_2562\" class=\"yiv1636194867msonormal\" style=\"margin: 0cm; margin-bottom: .0001pt; text-align: justify; line-height: 13.8pt; -webkit-padding-start: 0px; orphans: auto; widows: 1; -webkit-text-stroke-width: 0px; word-spacing: 0px;\"><span id=\"yui_3_16_0_ym19_1_1470101547286_2561\" style=\"-webkit-padding-start: 0px;\"><span style=\"font-family: 'Arial','sans-serif'; color: black;\">A Coliga\u00e7\u00e3o Majorit\u00e1ria ficou com a denomina\u00e7\u00e3o de &#8220;A MUDAN\u00c7A \u00c9 A GENTE QUE FAZ&#8221; na Proporcional PSD e PSC, com a denomina\u00e7\u00e3o &#8220;ITAPETINGA PODE MAIS&#8221; e na Coliga\u00e7\u00e3o Proporcional PCdoB e REDE Sustentabilidade, com a denomina\u00e7\u00e3o &#8220;COMPROMISSO E SERIEDADE&#8221;.<\/span><\/span><br \/>\n<a href=\"http:\/\/www.sudoestehoje.com.br\/novoportal\/wp-content\/uploads\/2016\/08\/conven\u00e7\u00e3o-psd-3.jpg\" rel=\"attachment wp-att-59169\"><img loading=\"lazy\" decoding=\"async\" class=\"aligncenter size-medium wp-image-59169\" src=\"http:\/\/www.sudoestehoje.com.br\/novoportal\/wp-content\/uploads\/2016\/08\/conven\u00e7\u00e3o-psd-3-500x300.jpg\" alt=\"conven\u00e7\u00e3o psd 3\" width=\"500\" height=\"300\" srcset=\"https:\/\/www.sudoestehoje.com.br\/novoportal\/wp-content\/uploads\/2016\/08\/conven\u00e7\u00e3o-psd-3-500x300.jpg 500w, https:\/\/www.sudoestehoje.com.br\/novoportal\/wp-content\/uploads\/2016\/08\/conven\u00e7\u00e3o-psd-3-768x461.jpg 768w, https:\/\/www.sudoestehoje.com.br\/novoportal\/wp-content\/uploads\/2016\/08\/conven\u00e7\u00e3o-psd-3-700x420.jpg 700w, https:\/\/www.sudoestehoje.com.br\/novoportal\/wp-content\/uploads\/2016\/08\/conven\u00e7\u00e3o-psd-3.jpg 960w\" sizes=\"auto, (max-width: 500px) 100vw, 500px\" \/><\/a><\/p>\n<p class=\"yiv1636194867msonormal\" style=\"margin: 0cm; margin-bottom: .0001pt; text-align: justify; line-height: 13.8pt; -webkit-padding-start: 0px; orphans: auto; widows: 1; -webkit-text-stroke-width: 0px; word-spacing: 0px;\"><span style=\"-webkit-padding-start: 0px;\"><span style=\"font-family: 'Arial','sans-serif'; color: black;\">Por falta de espa\u00e7o, muitos simpatizantes se acomodaram nas adjac\u00eancias do Pr\u00e9dio da C\u00e2mara, localidade onde ocorreu a Conven\u00e7\u00e3o, sendo disponibilizado um tel\u00e3o para as pessoas que ficaram do lado de fora do Pr\u00e9dio.<\/span><\/span><\/p>\n<p class=\"yiv1636194867msonormal\" style=\"margin: 0cm; margin-bottom: .0001pt; text-align: justify; line-height: 13.8pt;\"><span style=\"font-family: 'Arial','sans-serif'; color: black;\">\u00a0<\/span><\/p>\n<p id=\"yui_3_16_0_ym19_1_1470101547286_2278\" class=\"yiv1636194867msonormal\" style=\"margin: 0cm; margin-bottom: .0001pt; text-align: justify; line-height: 13.8pt; -webkit-padding-start: 0px; orphans: auto; widows: 1; -webkit-text-stroke-width: 0px; word-spacing: 0px;\"><span id=\"yui_3_16_0_ym19_1_1470101547286_2277\" style=\"-webkit-padding-start: 0px;\"><span style=\"font-family: 'Arial','sans-serif'; color: black;\">A mudan\u00e7a \u00e9 poss\u00edvel, mas precisa de ampla participa\u00e7\u00e3o popular e de agentes pol\u00edticos que est\u00e3o fora dos esquemas viciados. Todos que foram a C\u00e2mara Municipal neste domingo, desejam uma cidade diferente, mais humana, democr\u00e1tica e justa socialmente. O PSD e os partidos aliados PSC, PCdoB e REDE Sustentabilidade, n\u00e3o disponibilizaram bebidas alco\u00f3licas, salgados, refei\u00e7\u00e3o, Trio El\u00e9trico, Carro de Som, nada que pudesse influenciar a ida de pessoas a Conven\u00e7\u00e3o.<\/span><\/span><\/p>\n<p class=\"yiv1636194867msonormal\" style=\"margin: 0cm; margin-bottom: .0001pt; text-align: justify; line-height: 13.8pt; -webkit-padding-start: 0px; orphans: auto; widows: 1; -webkit-text-stroke-width: 0px; word-spacing: 0px;\"><a href=\"http:\/\/www.sudoestehoje.com.br\/novoportal\/wp-content\/uploads\/2016\/08\/WhatsApp-Image-2016-08-02-at-09.40.42-1.jpeg\" rel=\"attachment wp-att-59161\"><img loading=\"lazy\" decoding=\"async\" class=\"aligncenter size-medium wp-image-59161\" src=\"http:\/\/www.sudoestehoje.com.br\/novoportal\/wp-content\/uploads\/2016\/08\/WhatsApp-Image-2016-08-02-at-09.40.42-1-500x281.jpeg\" alt=\"WhatsApp Image 2016-08-02 at 09.40.42 (1)\" width=\"500\" height=\"281\" srcset=\"https:\/\/www.sudoestehoje.com.br\/novoportal\/wp-content\/uploads\/2016\/08\/WhatsApp-Image-2016-08-02-at-09.40.42-1-500x281.jpeg 500w, https:\/\/www.sudoestehoje.com.br\/novoportal\/wp-content\/uploads\/2016\/08\/WhatsApp-Image-2016-08-02-at-09.40.42-1-768x432.jpeg 768w, https:\/\/www.sudoestehoje.com.br\/novoportal\/wp-content\/uploads\/2016\/08\/WhatsApp-Image-2016-08-02-at-09.40.42-1-700x394.jpeg 700w, https:\/\/www.sudoestehoje.com.br\/novoportal\/wp-content\/uploads\/2016\/08\/WhatsApp-Image-2016-08-02-at-09.40.42-1.jpeg 1040w\" sizes=\"auto, (max-width: 500px) 100vw, 500px\" \/><\/a><\/p>\n<p id=\"yui_3_16_0_ym19_1_1470101547286_2337\" class=\"yiv1636194867msonormal\" style=\"margin: 0cm; margin-bottom: .0001pt; text-align: justify; line-height: 13.8pt; -webkit-padding-start: 0px; orphans: auto; widows: 1; -webkit-text-stroke-width: 0px; word-spacing: 0px;\"><span id=\"yui_3_16_0_ym19_1_1470101547286_2336\" style=\"-webkit-padding-start: 0px;\"><span style=\"font-family: 'Arial','sans-serif'; color: black;\">No dia de ontem 01\/08\/2016 o vereador Alfredo Cabral, juntamente com o Professor Al\u00e9cio Chaves, sua Esposa Eliene Chaves, se encontraram com a Deputada \u00c2ngela Sousa PSD e o Senador do PSD Dr. Otto Alencar, o qual ficou satisfeito com as informa\u00e7\u00f5es recebidas a respeito da nossa conven\u00e7\u00e3o,<span class=\"apple-converted-space\">\u00a0<span id=\"yui_3_16_0_ym19_1_1470101547286_2554\" style=\"-webkit-padding-start: 0px;\"><\/span><\/span><span style=\"font-family: 'Arial','sans-serif'; color: #1d2129;\">nos orientando a fazer a diferen\u00e7a na pol\u00edtica. <strong><em>Ascom PSD<\/em><\/strong><\/span><\/span><\/span><\/p>\n<p class=\"yiv1636194867msonormal\" style=\"margin: 0cm; margin-bottom: .0001pt; text-align: justify; line-height: 13.8pt; -webkit-padding-start: 0px; orphans: auto; widows: 1; -webkit-text-stroke-width: 0px; word-spacing: 0px;\">\n","protected":false},"excerpt":{"rendered":"<p>O presidente do Diret\u00f3rio Municipal do PSD de Itapetinga, Vereador Alfredo Cabral de Assis, avaliou a conven\u00e7\u00e3o realizada no \u00faltimo domingo 31\/07\/2016, visando as elei\u00e7\u00f5es municipais que acontecer\u00e1 no dia 02 de outubro do corrente ano. \u00a0 Segundo Alfredo, o evento superou as expectativas, considerando a presen\u00e7a de v\u00e1rias pessoas, lideran\u00e7as pol\u00edticas, familiares, al\u00e9m de [&hellip;]<\/p>\n","protected":false},"author":2,"featured_media":0,"comment_status":"open","ping_status":"open","sticky":false,"template":"","format":"standard","meta":{"footnotes":"","_links_to":"","_links_to_target":""},"categories":[1],"tags":[],"class_list":["post-59160","post","type-post","status-publish","format-standard","hentry","category-geral"],"views":1622,"_links":{"self":[{"href":"https:\/\/www.sudoestehoje.com.br\/novoportal\/wp-json\/wp\/v2\/posts\/59160","targetHints":{"allow":["GET"]}}],"collection":[{"href":"https:\/\/www.sudoestehoje.com.br\/novoportal\/wp-json\/wp\/v2\/posts"}],"about":[{"href":"https:\/\/www.sudoestehoje.com.br\/novoportal\/wp-json\/wp\/v2\/types\/post"}],"author":[{"embeddable":true,"href":"https:\/\/www.sudoestehoje.com.br\/novoportal\/wp-json\/wp\/v2\/users\/2"}],"replies":[{"embeddable":true,"href":"https:\/\/www.sudoestehoje.com.br\/novoportal\/wp-json\/wp\/v2\/comments?post=59160"}],"version-history":[{"count":6,"href":"https:\/\/www.sudoestehoje.com.br\/novoportal\/wp-json\/wp\/v2\/posts\/59160\/revisions"}],"predecessor-version":[{"id":59172,"href":"https:\/\/www.sudoestehoje.com.br\/novoportal\/wp-json\/wp\/v2\/posts\/59160\/revisions\/59172"}],"wp:attachment":[{"href":"https:\/\/www.sudoestehoje.com.br\/novoportal\/wp-json\/wp\/v2\/media?parent=59160"}],"wp:term":[{"taxonomy":"category","embeddable":true,"href":"https:\/\/www.sudoestehoje.com.br\/novoportal\/wp-json\/wp\/v2\/categories?post=59160"},{"taxonomy":"post_tag","embeddable":true,"href":"https:\/\/www.sudoestehoje.com.br\/novoportal\/wp-json\/wp\/v2\/tags?post=59160"}],"curies":[{"name":"wp","href":"https:\/\/api.w.org\/{rel}","templated":true}]}}