
{"id":59149,"date":"2016-08-02T09:59:28","date_gmt":"2016-08-02T12:59:28","guid":{"rendered":"http:\/\/www.sudoestehoje.com.br\/novoportal\/?p=59149"},"modified":"2016-08-02T09:59:28","modified_gmt":"2016-08-02T12:59:28","slug":"lula-cogita-virar-exilado-para-denunciar-perseguicao-das-elites","status":"publish","type":"post","link":"https:\/\/www.sudoestehoje.com.br\/novoportal\/2016\/08\/02\/lula-cogita-virar-exilado-para-denunciar-perseguicao-das-elites\/","title":{"rendered":"LULA COGITA VIRAR EXILADO PARA DENUNCIAR &#8220;PERSEGUI\u00c7\u00c3O DAS ELITES&#8221;"},"content":{"rendered":"<div id=\"attachment_59150\" style=\"width: 510px\" class=\"wp-caption aligncenter\"><a href=\"http:\/\/www.sudoestehoje.com.br\/novoportal\/wp-content\/uploads\/2016\/08\/lula-italia.jpg\" rel=\"attachment wp-att-59150\"><img loading=\"lazy\" decoding=\"async\" aria-describedby=\"caption-attachment-59150\" class=\"size-medium wp-image-59150\" src=\"http:\/\/www.sudoestehoje.com.br\/novoportal\/wp-content\/uploads\/2016\/08\/lula-italia-500x311.jpg\" alt=\"LULA AGORA TENTA ESTREITAR RELA\u00c7\u00d5ES COM MATTEO RENZI, PRIMEIRO-MINISTRO DA IT\u00c1LIA, PA\u00cdS PREFERIDO DA SUA FAM\u00cdLIA.\" width=\"500\" height=\"311\" srcset=\"https:\/\/www.sudoestehoje.com.br\/novoportal\/wp-content\/uploads\/2016\/08\/lula-italia-500x311.jpg 500w, https:\/\/www.sudoestehoje.com.br\/novoportal\/wp-content\/uploads\/2016\/08\/lula-italia-768x478.jpg 768w, https:\/\/www.sudoestehoje.com.br\/novoportal\/wp-content\/uploads\/2016\/08\/lula-italia-700x436.jpg 700w, https:\/\/www.sudoestehoje.com.br\/novoportal\/wp-content\/uploads\/2016\/08\/lula-italia.jpg 840w\" sizes=\"auto, (max-width: 500px) 100vw, 500px\" \/><\/a><p id=\"caption-attachment-59150\" class=\"wp-caption-text\"><strong>LULA AGORA TENTA ESTREITAR RELA\u00c7\u00d5ES COM MATTEO RENZI, PRIMEIRO-MINISTRO DA IT\u00c1LIA, PA\u00cdS PREFERIDO DA SUA FAM\u00cdLIA.<\/strong><\/p><\/div>\n<p>Petistas ilustres afirmam que o ex-presidente Lula cogita de novo sair do Brasil e pedir asilo a um pa\u00eds \u201camigo\u201d. A decis\u00e3o de denunciar o juiz S\u00e9rgio Moro \u00e0 ONU faz parte da estrat\u00e9gia de buscar \u201csolidariedade internacional\u201d contra a \u201cpersegui\u00e7\u00e3o das elites\u201d.<\/p>\n<p>A fam\u00edlia prefere viver na It\u00e1lia, onde sua mulher Marisa e os filhos j\u00e1 t\u00eam cidadania. Lula tenta agora estreitar rela\u00e7\u00f5es com o primeiro-ministro italiano Matteo Renzi, que disse admir\u00e1-lo e o recebeu em almo\u00e7o em junho de 2015. A informa\u00e7\u00e3o \u00e9 do colunista Cl\u00e1udio Humberto, do <strong>Di\u00e1rio do Poder<\/strong>.<\/p>\n<p>A decis\u00e3o de S\u00e9rgio Moro de soltar o casal Jo\u00e3o Santana foi vista no PT como mau sinal: pode precipitar o impeachment e a pris\u00e3o de Lula.<\/p>\n<p>Lula foi alertado que a dela\u00e7\u00e3o de Jo\u00e3o Santana e M\u00f4nica Moura compromete profundamente Dilma e sobretudo Lula.<\/p>\n<p>Amigos mais sensatos avisaram a Lula sua sa\u00edda do Brasil pode ser interpretada como fuga, o que o deixaria sujeito a ca\u00e7ada da Interpol.<\/p>\n<p>Lula poderia escolher Bol\u00edvia, Cuba, Equador, Venezuela ou Uruguai, governados por \u201camigos\u201d, mas ele prefere, \u00e9 claro, a Europa.<\/p>\n<p><img decoding=\"async\" class=\"aligncenter\" src=\"http:\/\/www.sudoestehoje.com.br\/novoportal\/wp-content\/uploads\/2014\/09\/supermoda.png\" alt=\"supermoda\" \/><\/p>\n","protected":false},"excerpt":{"rendered":"<p>Petistas ilustres afirmam que o ex-presidente Lula cogita de novo sair do Brasil e pedir asilo a um pa\u00eds \u201camigo\u201d. A decis\u00e3o de denunciar o juiz S\u00e9rgio Moro \u00e0 ONU faz parte da estrat\u00e9gia de buscar \u201csolidariedade internacional\u201d contra a \u201cpersegui\u00e7\u00e3o das elites\u201d. A fam\u00edlia prefere viver na It\u00e1lia, onde sua mulher Marisa e os [&hellip;]<\/p>\n","protected":false},"author":2,"featured_media":0,"comment_status":"open","ping_status":"open","sticky":false,"template":"","format":"standard","meta":{"footnotes":"","_links_to":"","_links_to_target":""},"categories":[1],"tags":[],"class_list":["post-59149","post","type-post","status-publish","format-standard","hentry","category-geral"],"views":1397,"_links":{"self":[{"href":"https:\/\/www.sudoestehoje.com.br\/novoportal\/wp-json\/wp\/v2\/posts\/59149","targetHints":{"allow":["GET"]}}],"collection":[{"href":"https:\/\/www.sudoestehoje.com.br\/novoportal\/wp-json\/wp\/v2\/posts"}],"about":[{"href":"https:\/\/www.sudoestehoje.com.br\/novoportal\/wp-json\/wp\/v2\/types\/post"}],"author":[{"embeddable":true,"href":"https:\/\/www.sudoestehoje.com.br\/novoportal\/wp-json\/wp\/v2\/users\/2"}],"replies":[{"embeddable":true,"href":"https:\/\/www.sudoestehoje.com.br\/novoportal\/wp-json\/wp\/v2\/comments?post=59149"}],"version-history":[{"count":2,"href":"https:\/\/www.sudoestehoje.com.br\/novoportal\/wp-json\/wp\/v2\/posts\/59149\/revisions"}],"predecessor-version":[{"id":59152,"href":"https:\/\/www.sudoestehoje.com.br\/novoportal\/wp-json\/wp\/v2\/posts\/59149\/revisions\/59152"}],"wp:attachment":[{"href":"https:\/\/www.sudoestehoje.com.br\/novoportal\/wp-json\/wp\/v2\/media?parent=59149"}],"wp:term":[{"taxonomy":"category","embeddable":true,"href":"https:\/\/www.sudoestehoje.com.br\/novoportal\/wp-json\/wp\/v2\/categories?post=59149"},{"taxonomy":"post_tag","embeddable":true,"href":"https:\/\/www.sudoestehoje.com.br\/novoportal\/wp-json\/wp\/v2\/tags?post=59149"}],"curies":[{"name":"wp","href":"https:\/\/api.w.org\/{rel}","templated":true}]}}