
{"id":59144,"date":"2016-08-02T00:58:02","date_gmt":"2016-08-02T03:58:02","guid":{"rendered":"http:\/\/www.sudoestehoje.com.br\/novoportal\/?p=59144"},"modified":"2016-08-02T00:58:49","modified_gmt":"2016-08-02T03:58:49","slug":"psd-homologa-candidatura-de-marcos-galvao-a-prefeito-de-ibicui","status":"publish","type":"post","link":"https:\/\/www.sudoestehoje.com.br\/novoportal\/2016\/08\/02\/psd-homologa-candidatura-de-marcos-galvao-a-prefeito-de-ibicui\/","title":{"rendered":"PSD HOMOLOGA CANDIDATURA DE MARCOS GALV\u00c3O A PREFEITO DE IBICU\u00cd"},"content":{"rendered":"<p><a href=\"http:\/\/www.sudoestehoje.com.br\/novoportal\/wp-content\/uploads\/2016\/08\/galvao-768x512.jpg\" rel=\"attachment wp-att-59145\"><img loading=\"lazy\" decoding=\"async\" class=\"aligncenter size-medium wp-image-59145\" src=\"http:\/\/www.sudoestehoje.com.br\/novoportal\/wp-content\/uploads\/2016\/08\/galvao-768x512-500x333.jpg\" alt=\"galvao-768x512\" width=\"500\" height=\"333\" srcset=\"https:\/\/www.sudoestehoje.com.br\/novoportal\/wp-content\/uploads\/2016\/08\/galvao-768x512-500x333.jpg 500w, https:\/\/www.sudoestehoje.com.br\/novoportal\/wp-content\/uploads\/2016\/08\/galvao-768x512.jpg 768w, https:\/\/www.sudoestehoje.com.br\/novoportal\/wp-content\/uploads\/2016\/08\/galvao-768x512-700x467.jpg 700w\" sizes=\"auto, (max-width: 500px) 100vw, 500px\" \/><\/a>Em Ibicu\u00ed o Partido Social Democr\u00e1tico (PSD) homologou a candidatura de Marcos Galv\u00e3o (PSD), a prefeito, tendo como vice Salom\u00e3o (PSDB).<\/p>\n<p>Salom\u00e3o foi indicado pelo grupo de Rony, que \u00e9 sobrinho do ex-prefeito Corn\u00e9lio, que faleceu em 2013.<\/p>\n<p>Marcos Galv\u00e3o foi candidato a prefeito em 2012 e ficou na segunda coloca\u00e7\u00e3o. Ele \u00e9 empres\u00e1rio e dono do Brega Light, uma das maiores festas de camisa do interior do estado.<\/p>\n<p>Marcos Galv\u00e3o \u00e9 filho do vereador itapetinguense Alfredo Cabral de Assis.<em> Informa\u00e7\u00f5es do Pol\u00edticos do Sul da Bahia<\/em><\/p>\n<p><img decoding=\"async\" class=\"aligncenter\" src=\"http:\/\/www.sudoestehoje.com.br\/novoportal\/wp-content\/uploads\/2016\/06\/CRISTO-PLANSERV-500x167.jpg\" alt=\"CRISTO-PLANSERV\" \/><\/p>\n","protected":false},"excerpt":{"rendered":"<p>Em Ibicu\u00ed o Partido Social Democr\u00e1tico (PSD) homologou a candidatura de Marcos Galv\u00e3o (PSD), a prefeito, tendo como vice Salom\u00e3o (PSDB). Salom\u00e3o foi indicado pelo grupo de Rony, que \u00e9 sobrinho do ex-prefeito Corn\u00e9lio, que faleceu em 2013. Marcos Galv\u00e3o foi candidato a prefeito em 2012 e ficou na segunda coloca\u00e7\u00e3o. Ele \u00e9 empres\u00e1rio e [&hellip;]<\/p>\n","protected":false},"author":2,"featured_media":0,"comment_status":"open","ping_status":"open","sticky":false,"template":"","format":"standard","meta":{"footnotes":"","_links_to":"","_links_to_target":""},"categories":[1],"tags":[],"class_list":["post-59144","post","type-post","status-publish","format-standard","hentry","category-geral"],"views":2481,"_links":{"self":[{"href":"https:\/\/www.sudoestehoje.com.br\/novoportal\/wp-json\/wp\/v2\/posts\/59144","targetHints":{"allow":["GET"]}}],"collection":[{"href":"https:\/\/www.sudoestehoje.com.br\/novoportal\/wp-json\/wp\/v2\/posts"}],"about":[{"href":"https:\/\/www.sudoestehoje.com.br\/novoportal\/wp-json\/wp\/v2\/types\/post"}],"author":[{"embeddable":true,"href":"https:\/\/www.sudoestehoje.com.br\/novoportal\/wp-json\/wp\/v2\/users\/2"}],"replies":[{"embeddable":true,"href":"https:\/\/www.sudoestehoje.com.br\/novoportal\/wp-json\/wp\/v2\/comments?post=59144"}],"version-history":[{"count":3,"href":"https:\/\/www.sudoestehoje.com.br\/novoportal\/wp-json\/wp\/v2\/posts\/59144\/revisions"}],"predecessor-version":[{"id":59148,"href":"https:\/\/www.sudoestehoje.com.br\/novoportal\/wp-json\/wp\/v2\/posts\/59144\/revisions\/59148"}],"wp:attachment":[{"href":"https:\/\/www.sudoestehoje.com.br\/novoportal\/wp-json\/wp\/v2\/media?parent=59144"}],"wp:term":[{"taxonomy":"category","embeddable":true,"href":"https:\/\/www.sudoestehoje.com.br\/novoportal\/wp-json\/wp\/v2\/categories?post=59144"},{"taxonomy":"post_tag","embeddable":true,"href":"https:\/\/www.sudoestehoje.com.br\/novoportal\/wp-json\/wp\/v2\/tags?post=59144"}],"curies":[{"name":"wp","href":"https:\/\/api.w.org\/{rel}","templated":true}]}}