
{"id":59127,"date":"2016-08-01T09:35:07","date_gmt":"2016-08-01T12:35:07","guid":{"rendered":"http:\/\/www.sudoestehoje.com.br\/novoportal\/?p=59127"},"modified":"2016-08-01T09:35:07","modified_gmt":"2016-08-01T12:35:07","slug":"eleicoes-pastor-da-universal-declara-apoio-a-chapa-tiquinho-e-leo-matos","status":"publish","type":"post","link":"https:\/\/www.sudoestehoje.com.br\/novoportal\/2016\/08\/01\/eleicoes-pastor-da-universal-declara-apoio-a-chapa-tiquinho-e-leo-matos\/","title":{"rendered":"ELEI\u00c7\u00d5ES: PASTOR DA UNIVERSAL DECLARA APOIO \u00c0 CHAPA TIQUINHO E L\u00c9O MATOS"},"content":{"rendered":"<p><a href=\"http:\/\/www.sudoestehoje.com.br\/novoportal\/wp-content\/uploads\/2016\/08\/pastor-univ.jpg\" rel=\"attachment wp-att-59128\"><img loading=\"lazy\" decoding=\"async\" class=\"aligncenter size-medium wp-image-59128\" src=\"http:\/\/www.sudoestehoje.com.br\/novoportal\/wp-content\/uploads\/2016\/08\/pastor-univ-500x375.jpg\" alt=\"pastor univ\" width=\"500\" height=\"375\" srcset=\"https:\/\/www.sudoestehoje.com.br\/novoportal\/wp-content\/uploads\/2016\/08\/pastor-univ-500x375.jpg 500w, https:\/\/www.sudoestehoje.com.br\/novoportal\/wp-content\/uploads\/2016\/08\/pastor-univ-768x576.jpg 768w, https:\/\/www.sudoestehoje.com.br\/novoportal\/wp-content\/uploads\/2016\/08\/pastor-univ-700x525.jpg 700w, https:\/\/www.sudoestehoje.com.br\/novoportal\/wp-content\/uploads\/2016\/08\/pastor-univ.jpg 960w\" sizes=\"auto, (max-width: 500px) 100vw, 500px\" \/><\/a><\/p>\n<p>O pastor da Igreja Universal, Josemar Ferreira, que chegou a ser lan\u00e7ado como pr\u00e9 candidato a prefeito pelo PRB, declarou neste final de semana apoio \u00e0 chapa de situa\u00e7\u00e3o, formada pelos advogados Hild\u00e9rico Nogueira (PDT) e Leonardo Matos (PR).<\/p>\n<p>Antes de assumir o compromisso com os governistas, Josemar consultou os seus correligion\u00e1rios, tendo em vista que alguns deles j\u00e1 haviam assumido compromisso com outros partidos, lan\u00e7ando-se pr\u00e9 candidatos a vereador pelo PRB.<\/p>\n<p>Assim, o PRB dever\u00e1 concorrer isoladamente na elei\u00e7\u00e3o proporcional, sem coligar formalmente com nenhum outro partido pol\u00edtico. <strong><em>Ascom PRB<\/em><\/strong><\/p>\n<p><img decoding=\"async\" class=\"aligncenter\" src=\"http:\/\/www.sudoestehoje.com.br\/novoportal\/wp-content\/uploads\/2015\/05\/rezende-500x163-500x163.jpg\" alt=\"\" \/><\/p>\n","protected":false},"excerpt":{"rendered":"<p>O pastor da Igreja Universal, Josemar Ferreira, que chegou a ser lan\u00e7ado como pr\u00e9 candidato a prefeito pelo PRB, declarou neste final de semana apoio \u00e0 chapa de situa\u00e7\u00e3o, formada pelos advogados Hild\u00e9rico Nogueira (PDT) e Leonardo Matos (PR). Antes de assumir o compromisso com os governistas, Josemar consultou os seus correligion\u00e1rios, tendo em vista [&hellip;]<\/p>\n","protected":false},"author":2,"featured_media":0,"comment_status":"open","ping_status":"open","sticky":false,"template":"","format":"standard","meta":{"footnotes":"","_links_to":"","_links_to_target":""},"categories":[1],"tags":[],"class_list":["post-59127","post","type-post","status-publish","format-standard","hentry","category-geral"],"views":1821,"_links":{"self":[{"href":"https:\/\/www.sudoestehoje.com.br\/novoportal\/wp-json\/wp\/v2\/posts\/59127","targetHints":{"allow":["GET"]}}],"collection":[{"href":"https:\/\/www.sudoestehoje.com.br\/novoportal\/wp-json\/wp\/v2\/posts"}],"about":[{"href":"https:\/\/www.sudoestehoje.com.br\/novoportal\/wp-json\/wp\/v2\/types\/post"}],"author":[{"embeddable":true,"href":"https:\/\/www.sudoestehoje.com.br\/novoportal\/wp-json\/wp\/v2\/users\/2"}],"replies":[{"embeddable":true,"href":"https:\/\/www.sudoestehoje.com.br\/novoportal\/wp-json\/wp\/v2\/comments?post=59127"}],"version-history":[{"count":2,"href":"https:\/\/www.sudoestehoje.com.br\/novoportal\/wp-json\/wp\/v2\/posts\/59127\/revisions"}],"predecessor-version":[{"id":59130,"href":"https:\/\/www.sudoestehoje.com.br\/novoportal\/wp-json\/wp\/v2\/posts\/59127\/revisions\/59130"}],"wp:attachment":[{"href":"https:\/\/www.sudoestehoje.com.br\/novoportal\/wp-json\/wp\/v2\/media?parent=59127"}],"wp:term":[{"taxonomy":"category","embeddable":true,"href":"https:\/\/www.sudoestehoje.com.br\/novoportal\/wp-json\/wp\/v2\/categories?post=59127"},{"taxonomy":"post_tag","embeddable":true,"href":"https:\/\/www.sudoestehoje.com.br\/novoportal\/wp-json\/wp\/v2\/tags?post=59127"}],"curies":[{"name":"wp","href":"https:\/\/api.w.org\/{rel}","templated":true}]}}