
{"id":5893,"date":"2011-06-18T09:55:02","date_gmt":"2011-06-18T12:55:02","guid":{"rendered":"http:\/\/www.sudoestehoje.com.br\/novoportal\/?p=5893"},"modified":"2011-06-18T09:55:03","modified_gmt":"2011-06-18T12:55:03","slug":"itororo-2","status":"publish","type":"post","link":"https:\/\/www.sudoestehoje.com.br\/novoportal\/2011\/06\/18\/itororo-2\/","title":{"rendered":"ITOROR\u00d3"},"content":{"rendered":"<p style=\"text-align: center;\"><span style=\"font-size: small; font-family: Calibri;\"><a rel=\"attachment wp-att-5899\" href=\"http:\/\/www.sudoestehoje.com.br\/novoportal\/2011\/06\/18\/itororo-2\/miltonmarinho_itororo\/\"><img loading=\"lazy\" decoding=\"async\" class=\"size-medium wp-image-5899 aligncenter\" title=\"miltonmarinho_itororo\" src=\"http:\/\/www.sudoestehoje.com.br\/novoportal\/wp-content\/uploads\/2011\/06\/miltonmarinho_itororo-500x361.jpg\" alt=\"\" width=\"500\" height=\"361\" srcset=\"https:\/\/www.sudoestehoje.com.br\/novoportal\/wp-content\/uploads\/2011\/06\/miltonmarinho_itororo-500x361.jpg 500w, https:\/\/www.sudoestehoje.com.br\/novoportal\/wp-content\/uploads\/2011\/06\/miltonmarinho_itororo-1024x740.jpg 1024w\" sizes=\"auto, (max-width: 500px) 100vw, 500px\" \/><\/a><br \/>\n<\/span><\/p>\n<p><span style=\"font-size: small; font-family: Calibri;\">Esta edi\u00e7\u00e3o do Festsol est\u00e1 mais para mais para carne de pesco\u00e7o que para fil\u00e9.<\/span><span style=\"font-size: small; font-family: Calibri;\">\u201cFESTSOL-FIL\u00c9\u201d, termo alcunhado pelo prefeito para designar a festa elitista que a<\/span><span style=\"font-size: small; font-family: Calibri;\">contece no Clube de Campo do Gameleira, regada a cerveja, carne-de-sol e forr\u00f3. <\/span><span style=\"font-size: small; font-family: Calibri;\">Mas, por incr\u00edvel que possa parecer, este ano o prefeito de Itoror\u00f3 e a prefeita de S\u00e3o Francisco do Conde, prestigiam em demasia a ind\u00fastria do \u201cAx\u00e9 music\u201d trazendo para nossos palcos as bandas: <strong>Timbalada e Psirico<\/strong>.<\/span><\/p>\n<p><span style=\"font-size: small; font-family: Calibri;\">Com esse gesto, o prefeito Adroaldo Almeida engrossa o coro dos prefeitos que fazem mis\u00e9ria com o dinheiro p\u00fablico, a exemplo de S\u00e3o Francisco do Conde, que antecipa violentamente esse holocausto cultural, levando para os seus festejos juninos m\u00fasicos virtuais, com cach\u00eas de R$ 500,000,00 (QUINHENTOS MIL REAIS). Um tal de Luan Santana, Chiclete com Banana e os mesmos <strong>Timbalada e Psirico<\/strong> que tocar\u00e3o em Itoror\u00f3. <\/span><\/p>\n<p><span style=\"font-size: small; font-family: Calibri;\">O significado desse gesto n\u00e3o fica s\u00f3 nisso, significa que essa gera\u00e7\u00e3o de prefeitos decreta a morte do forr\u00f3 na Bahia, promovem um genoc\u00eddio cultural jamais visto em nossa hist\u00f3ria, fazendo o mestre Luis Gonzaga se revirar na eternidade. <\/span><\/p>\n<p><span style=\"font-size: small; font-family: Calibri;\">Esta, \u00e9 na realidade, uma cruzada da alian\u00e7a de compromisso desses gestores com os resultados das urnas de 2012, e sem nenhum compromisso com as pol\u00edticas p\u00fablicas reais e leais ao povo. Essa \u00e9 a tend\u00eancia de um mercado impiedoso que prop\u00f5e, com as verbas p\u00fablicas, o lucro excessivo e a gan\u00e2ncia para poucos, e a mis\u00e9ria para muitos, al\u00e9m do genoc\u00eddio cultural de uma ra\u00e7a. Enfim, o dinheiro p\u00fablico sa\u00fada os novos s\u00f3cios dessas firmas infal\u00edveis: As prefeituras do Brasil. <\/span><\/p>\n<p><span style=\"font-size: small; font-family: Calibri;\">FORROZEIROS DE TODA A BAHIA, UN\u00cd-VOS SE AINDA TIVERES TEMPO!<\/span><\/p>\n","protected":false},"excerpt":{"rendered":"<p>Esta edi\u00e7\u00e3o do Festsol est\u00e1 mais para mais para carne de pesco\u00e7o que para fil\u00e9.\u201cFESTSOL-FIL\u00c9\u201d, termo alcunhado pelo prefeito para designar a festa elitista que acontece no Clube de Campo do Gameleira, regada a cerveja, carne-de-sol e forr\u00f3. Mas, por incr\u00edvel que possa parecer, este ano o prefeito de Itoror\u00f3 e a prefeita de S\u00e3o [&hellip;]<\/p>\n","protected":false},"author":2,"featured_media":0,"comment_status":"open","ping_status":"open","sticky":false,"template":"","format":"standard","meta":{"footnotes":"","_links_to":"","_links_to_target":""},"categories":[1],"tags":[],"class_list":["post-5893","post","type-post","status-publish","format-standard","hentry","category-geral"],"views":1579,"_links":{"self":[{"href":"https:\/\/www.sudoestehoje.com.br\/novoportal\/wp-json\/wp\/v2\/posts\/5893","targetHints":{"allow":["GET"]}}],"collection":[{"href":"https:\/\/www.sudoestehoje.com.br\/novoportal\/wp-json\/wp\/v2\/posts"}],"about":[{"href":"https:\/\/www.sudoestehoje.com.br\/novoportal\/wp-json\/wp\/v2\/types\/post"}],"author":[{"embeddable":true,"href":"https:\/\/www.sudoestehoje.com.br\/novoportal\/wp-json\/wp\/v2\/users\/2"}],"replies":[{"embeddable":true,"href":"https:\/\/www.sudoestehoje.com.br\/novoportal\/wp-json\/wp\/v2\/comments?post=5893"}],"version-history":[{"count":5,"href":"https:\/\/www.sudoestehoje.com.br\/novoportal\/wp-json\/wp\/v2\/posts\/5893\/revisions"}],"predecessor-version":[{"id":5902,"href":"https:\/\/www.sudoestehoje.com.br\/novoportal\/wp-json\/wp\/v2\/posts\/5893\/revisions\/5902"}],"wp:attachment":[{"href":"https:\/\/www.sudoestehoje.com.br\/novoportal\/wp-json\/wp\/v2\/media?parent=5893"}],"wp:term":[{"taxonomy":"category","embeddable":true,"href":"https:\/\/www.sudoestehoje.com.br\/novoportal\/wp-json\/wp\/v2\/categories?post=5893"},{"taxonomy":"post_tag","embeddable":true,"href":"https:\/\/www.sudoestehoje.com.br\/novoportal\/wp-json\/wp\/v2\/tags?post=5893"}],"curies":[{"name":"wp","href":"https:\/\/api.w.org\/{rel}","templated":true}]}}