
{"id":58794,"date":"2016-08-01T00:01:29","date_gmt":"2016-08-01T03:01:29","guid":{"rendered":"http:\/\/www.sudoestehoje.com.br\/novoportal\/?p=58794"},"modified":"2016-08-01T09:16:37","modified_gmt":"2016-08-01T12:16:37","slug":"eleicoes-pmdb-e-dem-oficializam-nomes-de-rodrigo-e-renan-em-convencao-nesta-quinta","status":"publish","type":"post","link":"https:\/\/www.sudoestehoje.com.br\/novoportal\/2016\/08\/01\/eleicoes-pmdb-e-dem-oficializam-nomes-de-rodrigo-e-renan-em-convencao-nesta-quinta\/","title":{"rendered":"ELEI\u00c7\u00d5ES: PMDB E DEM OFICIALIZAM NOMES DE RODRIGO E RENAN EM CONVEN\u00c7\u00c3O NESTA QUINTA"},"content":{"rendered":"<p><a href=\"http:\/\/www.sudoestehoje.com.br\/novoportal\/wp-content\/uploads\/2016\/07\/renan-e-rodrigo.jpg\" rel=\"attachment wp-att-59109\"><img loading=\"lazy\" decoding=\"async\" class=\"aligncenter size-full wp-image-59109\" src=\"http:\/\/www.sudoestehoje.com.br\/novoportal\/wp-content\/uploads\/2016\/07\/renan-e-rodrigo.jpg\" alt=\"renan e rodrigo\" width=\"479\" height=\"364\" \/><\/a><\/p>\n<p>Est\u00e1 agendada para a pr\u00f3ximo quinta (4) as conven\u00e7\u00f5es partid\u00e1rias do PMDB e DEM, para homolar as chapas majorit\u00e1ria e proporcional que concorrer\u00e3o \u00e0s elei\u00e7\u00f5es de outubro. O evento \u00e9 considerado o ponto de partida para a campanha eleitoral que deve eleger prefeito, vice-prefeito e vereadores de Itapetinga.<\/p>\n<p>A conven\u00e7\u00e3o acontece\u00a0a partir das 13h\u00a0no Itapetinga T\u00eanis Clube &#8211; ITC, quando os nomes de Rodrigo Hagge (PMDB) e Renan Pereira (DEM) dever\u00e3o ser confirmados para concorrer aos cargos de prefeito e vice, nas elei\u00e7\u00f5es de 2 de outubro.<\/p>\n<p>Est\u00e3o convocados para o ato \u00a0membros titulares e suplentes dos diret\u00f3rios municipais das duas agremia\u00e7\u00f5es e dos partidos coligados que tamb\u00e9m realizar\u00e3o as suas conven\u00e7\u00f5es, conjuntamente. al\u00e9m de correligion\u00e1rios e simpatizantes \u00e0 luta dos partidos de oposi\u00e7\u00e3o.<\/p>\n<p>Durante a conven\u00e7\u00e3o, ser\u00e3o oficializados nomes de pr\u00e9-candidatos que pleiteiam vagas no executivo e legislativo municipal, al\u00e9m das coliga\u00e7\u00f5es na majorit\u00e1ria e proporcional.<\/p>\n<p>O momento ser\u00e1 tamb\u00e9m de apresenta\u00e7\u00e3o de propostas de governo e alinhamento pol\u00edtico entre os correligion\u00e1rios e candidatos.<\/p>\n<p><strong><em>Por Davi Ferraz<\/em><\/strong><\/p>\n<p><img decoding=\"async\" class=\"aligncenter\" src=\"http:\/\/www.sudoestehoje.com.br\/novoportal\/wp-content\/uploads\/2016\/07\/PMDB-CONV-500x419.jpg\" alt=\"ITAPETINGA - BAHIA\" \/><\/p>\n","protected":false},"excerpt":{"rendered":"<p>Est\u00e1 agendada para a pr\u00f3ximo quinta (4) as conven\u00e7\u00f5es partid\u00e1rias do PMDB e DEM, para homolar as chapas majorit\u00e1ria e proporcional que concorrer\u00e3o \u00e0s elei\u00e7\u00f5es de outubro. O evento \u00e9 considerado o ponto de partida para a campanha eleitoral que deve eleger prefeito, vice-prefeito e vereadores de Itapetinga. A conven\u00e7\u00e3o acontece\u00a0a partir das 13h\u00a0no Itapetinga [&hellip;]<\/p>\n","protected":false},"author":2,"featured_media":0,"comment_status":"open","ping_status":"open","sticky":false,"template":"","format":"standard","meta":{"footnotes":"","_links_to":"","_links_to_target":""},"categories":[1],"tags":[],"class_list":["post-58794","post","type-post","status-publish","format-standard","hentry","category-geral"],"views":1813,"_links":{"self":[{"href":"https:\/\/www.sudoestehoje.com.br\/novoportal\/wp-json\/wp\/v2\/posts\/58794","targetHints":{"allow":["GET"]}}],"collection":[{"href":"https:\/\/www.sudoestehoje.com.br\/novoportal\/wp-json\/wp\/v2\/posts"}],"about":[{"href":"https:\/\/www.sudoestehoje.com.br\/novoportal\/wp-json\/wp\/v2\/types\/post"}],"author":[{"embeddable":true,"href":"https:\/\/www.sudoestehoje.com.br\/novoportal\/wp-json\/wp\/v2\/users\/2"}],"replies":[{"embeddable":true,"href":"https:\/\/www.sudoestehoje.com.br\/novoportal\/wp-json\/wp\/v2\/comments?post=58794"}],"version-history":[{"count":6,"href":"https:\/\/www.sudoestehoje.com.br\/novoportal\/wp-json\/wp\/v2\/posts\/58794\/revisions"}],"predecessor-version":[{"id":59126,"href":"https:\/\/www.sudoestehoje.com.br\/novoportal\/wp-json\/wp\/v2\/posts\/58794\/revisions\/59126"}],"wp:attachment":[{"href":"https:\/\/www.sudoestehoje.com.br\/novoportal\/wp-json\/wp\/v2\/media?parent=58794"}],"wp:term":[{"taxonomy":"category","embeddable":true,"href":"https:\/\/www.sudoestehoje.com.br\/novoportal\/wp-json\/wp\/v2\/categories?post=58794"},{"taxonomy":"post_tag","embeddable":true,"href":"https:\/\/www.sudoestehoje.com.br\/novoportal\/wp-json\/wp\/v2\/tags?post=58794"}],"curies":[{"name":"wp","href":"https:\/\/api.w.org\/{rel}","templated":true}]}}