
{"id":58553,"date":"2016-07-12T16:19:50","date_gmt":"2016-07-12T19:19:50","guid":{"rendered":"http:\/\/www.sudoestehoje.com.br\/novoportal\/?p=58553"},"modified":"2016-07-12T19:21:20","modified_gmt":"2016-07-12T22:21:20","slug":"camaca-multidao-comparece-ao-sepultamento-de-dr-rubem","status":"publish","type":"post","link":"https:\/\/www.sudoestehoje.com.br\/novoportal\/2016\/07\/12\/camaca-multidao-comparece-ao-sepultamento-de-dr-rubem\/","title":{"rendered":"CAMAC\u00c3: MULTID\u00c3O COMPARECE AO SEPULTAMENTO DE DR. RUBEM MOREIRA"},"content":{"rendered":"<p><a href=\"http:\/\/www.sudoestehoje.com.br\/novoportal\/wp-content\/uploads\/2016\/07\/R-1.jpg\" rel=\"attachment wp-att-58554\"><img loading=\"lazy\" decoding=\"async\" class=\"aligncenter size-medium wp-image-58554\" src=\"http:\/\/www.sudoestehoje.com.br\/novoportal\/wp-content\/uploads\/2016\/07\/R-1-500x282.jpg\" alt=\"R 1\" width=\"500\" height=\"282\" srcset=\"https:\/\/www.sudoestehoje.com.br\/novoportal\/wp-content\/uploads\/2016\/07\/R-1-500x282.jpg 500w, https:\/\/www.sudoestehoje.com.br\/novoportal\/wp-content\/uploads\/2016\/07\/R-1-768x433.jpg 768w, https:\/\/www.sudoestehoje.com.br\/novoportal\/wp-content\/uploads\/2016\/07\/R-1-700x394.jpg 700w, https:\/\/www.sudoestehoje.com.br\/novoportal\/wp-content\/uploads\/2016\/07\/R-1.jpg 960w\" sizes=\"auto, (max-width: 500px) 100vw, 500px\" \/><\/a><\/p>\n<p>Na manh\u00e3 de hoje, a Comunidade Camacaense se despediu do Dr. <a class=\"profileLink\" href=\"https:\/\/www.facebook.com\/rubem.moreira.94\" data-hovercard=\"\/ajax\/hovercard\/user.php?id=100005624820432\">Rubem Moreira<\/a>. O corpo foi velado no Gin\u00e1sio de Esportes.<\/p>\n<p>O cortejo f\u00fanebre percorreu o centro da c<span class=\"text_exposed_show\">idade e o corpo foi saudado com salva de palmas em frente a resid\u00eancia de Dr. Rubem e de sua esposa D\u00e9bora Borges.<\/span><\/p>\n<p><a href=\"http:\/\/www.sudoestehoje.com.br\/novoportal\/wp-content\/uploads\/2016\/07\/R-2.jpg\" rel=\"attachment wp-att-58558\"><img loading=\"lazy\" decoding=\"async\" class=\"aligncenter size-medium wp-image-58558\" src=\"http:\/\/www.sudoestehoje.com.br\/novoportal\/wp-content\/uploads\/2016\/07\/R-2-500x282.jpg\" alt=\"R 2\" width=\"500\" height=\"282\" srcset=\"https:\/\/www.sudoestehoje.com.br\/novoportal\/wp-content\/uploads\/2016\/07\/R-2-500x282.jpg 500w, https:\/\/www.sudoestehoje.com.br\/novoportal\/wp-content\/uploads\/2016\/07\/R-2-768x433.jpg 768w, https:\/\/www.sudoestehoje.com.br\/novoportal\/wp-content\/uploads\/2016\/07\/R-2-700x394.jpg 700w, https:\/\/www.sudoestehoje.com.br\/novoportal\/wp-content\/uploads\/2016\/07\/R-2.jpg 960w\" sizes=\"auto, (max-width: 500px) 100vw, 500px\" \/><\/a><\/p>\n<p><span class=\"text_exposed_show\">Na entrada do cemit\u00e9rio, a comunidade tamb\u00e9m aplaudiu o m\u00e9dico, em seu momento final de despedida! Que DEUS receba este ilustre Camacaense e conforte familiares e amigos.<\/span><\/p>\n<p>Rubinho, como era chamado carinhosamente pelos amigos, era itapetinguense radicado em Camac\u00e3, onde gozava de excelente conceito como m\u00e9dico e pol\u00edtico, e pretendia disputar as elei\u00e7\u00f5es de outubro como candidato a prefeito.<\/p>\n<p><img decoding=\"async\" class=\"aligncenter\" src=\"http:\/\/www.sudoestehoje.com.br\/novoportal\/wp-content\/uploads\/2014\/12\/skala-novo.jpg\" alt=\"\" \/><\/p>\n","protected":false},"excerpt":{"rendered":"<p>Na manh\u00e3 de hoje, a Comunidade Camacaense se despediu do Dr. Rubem Moreira. O corpo foi velado no Gin\u00e1sio de Esportes. O cortejo f\u00fanebre percorreu o centro da cidade e o corpo foi saudado com salva de palmas em frente a resid\u00eancia de Dr. Rubem e de sua esposa D\u00e9bora Borges. Na entrada do cemit\u00e9rio, [&hellip;]<\/p>\n","protected":false},"author":2,"featured_media":0,"comment_status":"open","ping_status":"open","sticky":false,"template":"","format":"standard","meta":{"footnotes":"","_links_to":"","_links_to_target":""},"categories":[1],"tags":[],"class_list":["post-58553","post","type-post","status-publish","format-standard","hentry","category-geral"],"views":2574,"_links":{"self":[{"href":"https:\/\/www.sudoestehoje.com.br\/novoportal\/wp-json\/wp\/v2\/posts\/58553","targetHints":{"allow":["GET"]}}],"collection":[{"href":"https:\/\/www.sudoestehoje.com.br\/novoportal\/wp-json\/wp\/v2\/posts"}],"about":[{"href":"https:\/\/www.sudoestehoje.com.br\/novoportal\/wp-json\/wp\/v2\/types\/post"}],"author":[{"embeddable":true,"href":"https:\/\/www.sudoestehoje.com.br\/novoportal\/wp-json\/wp\/v2\/users\/2"}],"replies":[{"embeddable":true,"href":"https:\/\/www.sudoestehoje.com.br\/novoportal\/wp-json\/wp\/v2\/comments?post=58553"}],"version-history":[{"count":5,"href":"https:\/\/www.sudoestehoje.com.br\/novoportal\/wp-json\/wp\/v2\/posts\/58553\/revisions"}],"predecessor-version":[{"id":58571,"href":"https:\/\/www.sudoestehoje.com.br\/novoportal\/wp-json\/wp\/v2\/posts\/58553\/revisions\/58571"}],"wp:attachment":[{"href":"https:\/\/www.sudoestehoje.com.br\/novoportal\/wp-json\/wp\/v2\/media?parent=58553"}],"wp:term":[{"taxonomy":"category","embeddable":true,"href":"https:\/\/www.sudoestehoje.com.br\/novoportal\/wp-json\/wp\/v2\/categories?post=58553"},{"taxonomy":"post_tag","embeddable":true,"href":"https:\/\/www.sudoestehoje.com.br\/novoportal\/wp-json\/wp\/v2\/tags?post=58553"}],"curies":[{"name":"wp","href":"https:\/\/api.w.org\/{rel}","templated":true}]}}