
{"id":585,"date":"2010-07-11T16:49:05","date_gmt":"2010-07-11T19:49:05","guid":{"rendered":"http:\/\/sudoestehoje.tempsite.ws\/novoportal\/?p=585"},"modified":"2010-09-22T16:52:40","modified_gmt":"2010-09-22T19:52:40","slug":"sem-uso-motos-da-pm-continuam-paradas","status":"publish","type":"post","link":"https:\/\/www.sudoestehoje.com.br\/novoportal\/2010\/07\/11\/sem-uso-motos-da-pm-continuam-paradas\/","title":{"rendered":"SEM USO, MOTOS DA PM CONTINUAM PARADAS"},"content":{"rendered":"<div><a href=\"http:\/\/www.politicalivre.com.br\/wp-content\/uploads\/2010\/07\/181910.jpg\"><\/a><\/p>\n<div style=\"text-align: center;\"><a href=\"http:\/\/www.politicalivre.com.br\/wp-content\/uploads\/2010\/07\/181910.jpg\"><img decoding=\"async\" src=\"http:\/\/www.politicalivre.com.br\/wp-content\/uploads\/2010\/07\/181910.jpg\" border=\"0\" alt=\"\" \/><\/a><\/div>\n<p style=\"text-align: center;\">Motos est\u00e3o paradas em Ondina desde o dia 31 de maio<\/p>\n<p>Em  meio \u00e0 onda de crimes praticados no Estado por pessoas que se utilizam  de motocicletas nas a\u00e7\u00f5es, a Pol\u00edcia Militar mant\u00e9m 326 motocicletas  novas, paradas sob sol e chuva, a exatos 40 dias, por falta de  emplacamento e de PMs aptos a pilot\u00e1-las. Adquiridas por cerca de R$ 6  milh\u00f5es, as motos n\u00e3o est\u00e3o sendo usadas no policiamento por causa da  demora na licita\u00e7\u00e3o para a compra das placas e porque a PM s\u00f3 possui 212  homens com curso para pilotar ve\u00edculos de emerg\u00eancia, como determina o  c\u00f3digo de tr\u00e2nsito.<\/p>\n<p>As 326 motocicletas da marca  Yamaha, modelo Lander 250 cilindradas, foram entregues pelo pr\u00f3prio  governador Jaques Wagner \u00e0 Secretaria da Seguran\u00e7a P\u00fablica (SSP), no dia  31 de maio deste ano. Transportadas em caminh\u00f5es, as motos foram  colocadas em exposi\u00e7\u00e3o no canteiro central da Avenida Paralela durante  os dois finais de semana seguintes, mas sem policiais militares para  pilot\u00e1-las. Desde o dia 31 de maio, as 326 motocicletas est\u00e3o  estacionadas no p\u00e1tio do Esquadr\u00e3o \u00c1guia, pelot\u00e3o da PM especializado em  motos, situado no Alto de Ondina. Segundo o jornal A Tarde, as Yamahas  est\u00e3o paradas sob sol e chuva, sem utiliza\u00e7\u00e3o. (A Tarde)<\/p>\n<\/div>\n","protected":false},"excerpt":{"rendered":"<p>Motos est\u00e3o paradas em Ondina desde o dia 31 de maio Em meio \u00e0 onda de crimes praticados no Estado por pessoas que se utilizam de motocicletas nas a\u00e7\u00f5es, a Pol\u00edcia Militar mant\u00e9m 326 motocicletas novas, paradas sob sol e chuva, a exatos 40 dias, por falta de emplacamento e de PMs aptos a pilot\u00e1-las. [&hellip;]<\/p>\n","protected":false},"author":1,"featured_media":0,"comment_status":"open","ping_status":"open","sticky":false,"template":"","format":"standard","meta":{"footnotes":"","_links_to":"","_links_to_target":""},"categories":[1],"tags":[],"class_list":["post-585","post","type-post","status-publish","format-standard","hentry","category-geral"],"views":1441,"_links":{"self":[{"href":"https:\/\/www.sudoestehoje.com.br\/novoportal\/wp-json\/wp\/v2\/posts\/585","targetHints":{"allow":["GET"]}}],"collection":[{"href":"https:\/\/www.sudoestehoje.com.br\/novoportal\/wp-json\/wp\/v2\/posts"}],"about":[{"href":"https:\/\/www.sudoestehoje.com.br\/novoportal\/wp-json\/wp\/v2\/types\/post"}],"author":[{"embeddable":true,"href":"https:\/\/www.sudoestehoje.com.br\/novoportal\/wp-json\/wp\/v2\/users\/1"}],"replies":[{"embeddable":true,"href":"https:\/\/www.sudoestehoje.com.br\/novoportal\/wp-json\/wp\/v2\/comments?post=585"}],"version-history":[{"count":3,"href":"https:\/\/www.sudoestehoje.com.br\/novoportal\/wp-json\/wp\/v2\/posts\/585\/revisions"}],"predecessor-version":[{"id":587,"href":"https:\/\/www.sudoestehoje.com.br\/novoportal\/wp-json\/wp\/v2\/posts\/585\/revisions\/587"}],"wp:attachment":[{"href":"https:\/\/www.sudoestehoje.com.br\/novoportal\/wp-json\/wp\/v2\/media?parent=585"}],"wp:term":[{"taxonomy":"category","embeddable":true,"href":"https:\/\/www.sudoestehoje.com.br\/novoportal\/wp-json\/wp\/v2\/categories?post=585"},{"taxonomy":"post_tag","embeddable":true,"href":"https:\/\/www.sudoestehoje.com.br\/novoportal\/wp-json\/wp\/v2\/tags?post=585"}],"curies":[{"name":"wp","href":"https:\/\/api.w.org\/{rel}","templated":true}]}}