
{"id":58447,"date":"2016-07-04T22:41:27","date_gmt":"2016-07-05T01:41:27","guid":{"rendered":"http:\/\/www.sudoestehoje.com.br\/novoportal\/?p=58447"},"modified":"2016-07-04T22:41:27","modified_gmt":"2016-07-05T01:41:27","slug":"deputados-do-pmdb-dem-e-psdb-discutem-uniao-das-oposicoes-na-bahia","status":"publish","type":"post","link":"https:\/\/www.sudoestehoje.com.br\/novoportal\/2016\/07\/04\/deputados-do-pmdb-dem-e-psdb-discutem-uniao-das-oposicoes-na-bahia\/","title":{"rendered":"DEPUTADOS DO PMDB, DEM E PSDB DISCUTEM UNI\u00c3O DAS OPOSI\u00c7\u00d5ES NA BAHIA"},"content":{"rendered":"<div id=\"attachment_58448\" style=\"width: 462px\" class=\"wp-caption aligncenter\"><a href=\"http:\/\/www.sudoestehoje.com.br\/novoportal\/wp-content\/uploads\/2016\/07\/oposi.jpg\" rel=\"attachment wp-att-58448\"><img loading=\"lazy\" decoding=\"async\" aria-describedby=\"caption-attachment-58448\" class=\" wp-image-58448\" src=\"http:\/\/www.sudoestehoje.com.br\/novoportal\/wp-content\/uploads\/2016\/07\/oposi.jpg\" alt=\"\u00b4LIDERES DE OPOSI\u00c7\u00c3O ACERTAM DETALHES PARA UNI\u00c3O DO PMDB, DEM E PSDB EM TODO O ESTADO\" width=\"452\" height=\"468\" \/><\/a><p id=\"caption-attachment-58448\" class=\"wp-caption-text\">\u00b4LIDERES DE OPOSI\u00c7\u00c3O ACERTAM DETALHES PARA UNI\u00c3O EM TODO O ESTADO<\/p><\/div>\n<p>Na noite desta segunda-feira, foi realizada uma reuni\u00e3o em Bras\u00edlia que teve como pauta a uni\u00e3o das oposi\u00e7\u00f5es da Bahia, nas elei\u00e7\u00f5es municipais deste ano.<\/p>\n<p>Na reuni\u00e3o contou com representantes das tr\u00eas maiores legendas de oposi\u00e7\u00e3o no Estado, participaram os\u00a0deputados Jutahy Magalh\u00e3es (PSDB), L\u00facio Vieira Lima(PMDB), Jos\u00e9 Carlos Aleluia (DEM) e Paulo Azi (DEM).<\/p>\n<p>Dessa reuni\u00e3o dever\u00e1 sair algumas delibera\u00e7\u00f5es para composi\u00e7\u00f5es nos 30 maiores munic\u00edpios da Bahia, al\u00e9m de diretrizes para unificar as legendas oposicionistas.<\/p>\n<p>Como 26\u00ba munic\u00edpio do Estado, Itapetinga entrar\u00e1 na pauta de discuss\u00e3o, sob o comando da c\u00fapula estadual, para definir a uni\u00e3o das tr\u00eas legendas de oposi\u00e7\u00e3o, numa \u00fanica chapa.<\/p>\n","protected":false},"excerpt":{"rendered":"<p>Na noite desta segunda-feira, foi realizada uma reuni\u00e3o em Bras\u00edlia que teve como pauta a uni\u00e3o das oposi\u00e7\u00f5es da Bahia, nas elei\u00e7\u00f5es municipais deste ano. Na reuni\u00e3o contou com representantes das tr\u00eas maiores legendas de oposi\u00e7\u00e3o no Estado, participaram os\u00a0deputados Jutahy Magalh\u00e3es (PSDB), L\u00facio Vieira Lima(PMDB), Jos\u00e9 Carlos Aleluia (DEM) e Paulo Azi (DEM). Dessa [&hellip;]<\/p>\n","protected":false},"author":2,"featured_media":0,"comment_status":"open","ping_status":"open","sticky":false,"template":"","format":"standard","meta":{"footnotes":"","_links_to":"","_links_to_target":""},"categories":[1],"tags":[],"class_list":["post-58447","post","type-post","status-publish","format-standard","hentry","category-geral"],"views":1530,"_links":{"self":[{"href":"https:\/\/www.sudoestehoje.com.br\/novoportal\/wp-json\/wp\/v2\/posts\/58447","targetHints":{"allow":["GET"]}}],"collection":[{"href":"https:\/\/www.sudoestehoje.com.br\/novoportal\/wp-json\/wp\/v2\/posts"}],"about":[{"href":"https:\/\/www.sudoestehoje.com.br\/novoportal\/wp-json\/wp\/v2\/types\/post"}],"author":[{"embeddable":true,"href":"https:\/\/www.sudoestehoje.com.br\/novoportal\/wp-json\/wp\/v2\/users\/2"}],"replies":[{"embeddable":true,"href":"https:\/\/www.sudoestehoje.com.br\/novoportal\/wp-json\/wp\/v2\/comments?post=58447"}],"version-history":[{"count":3,"href":"https:\/\/www.sudoestehoje.com.br\/novoportal\/wp-json\/wp\/v2\/posts\/58447\/revisions"}],"predecessor-version":[{"id":58451,"href":"https:\/\/www.sudoestehoje.com.br\/novoportal\/wp-json\/wp\/v2\/posts\/58447\/revisions\/58451"}],"wp:attachment":[{"href":"https:\/\/www.sudoestehoje.com.br\/novoportal\/wp-json\/wp\/v2\/media?parent=58447"}],"wp:term":[{"taxonomy":"category","embeddable":true,"href":"https:\/\/www.sudoestehoje.com.br\/novoportal\/wp-json\/wp\/v2\/categories?post=58447"},{"taxonomy":"post_tag","embeddable":true,"href":"https:\/\/www.sudoestehoje.com.br\/novoportal\/wp-json\/wp\/v2\/tags?post=58447"}],"curies":[{"name":"wp","href":"https:\/\/api.w.org\/{rel}","templated":true}]}}