
{"id":58319,"date":"2016-06-27T20:58:46","date_gmt":"2016-06-27T23:58:46","guid":{"rendered":"http:\/\/www.sudoestehoje.com.br\/novoportal\/?p=58319"},"modified":"2016-06-27T23:00:35","modified_gmt":"2016-06-28T02:00:35","slug":"eleicoes-partidarios-de-alecio-chaves-rejeitam-composicao-com-o-pt","status":"publish","type":"post","link":"https:\/\/www.sudoestehoje.com.br\/novoportal\/2016\/06\/27\/eleicoes-partidarios-de-alecio-chaves-rejeitam-composicao-com-o-pt\/","title":{"rendered":"ELEI\u00c7\u00d5ES: PARTID\u00c1RIOS DE AL\u00c9CIO CHAVES REJEITAM COMPOSI\u00c7\u00c3O COM O PT"},"content":{"rendered":"<p><a href=\"http:\/\/www.sudoestehoje.com.br\/novoportal\/wp-content\/uploads\/2016\/06\/ale-e-rosa.jpg\" rel=\"attachment wp-att-58320\"><img loading=\"lazy\" decoding=\"async\" class=\"wp-image-58320 alignleft\" src=\"http:\/\/www.sudoestehoje.com.br\/novoportal\/wp-content\/uploads\/2016\/06\/ale-e-rosa.jpg\" alt=\"ale-e-rosa\" width=\"301\" height=\"334\" \/><\/a><\/p>\n<p>Caiu como uma bomba nos meios pol\u00edticos, as especula\u00e7\u00f5es sobre uma prov\u00e1vel composi\u00e7\u00e3o entre o pr\u00e9-candidato Al\u00e9cio Chaves, do PSD, e a pr\u00e9 candidata do PT, Sibele Nery.<\/p>\n<p>Assim que foram divulgadas nos blogs essa possibilidade, fruto de uma pseudo articula\u00e7\u00e3o entre o deputado Rosemberg Pinto (PT) e o senador Otto Alencar (PSD), os partid\u00e1rios do vice-prefeito reagiram com indigna\u00e7\u00e3o nas redes sociais e conversas de bastidores, afirmando que Al\u00e9cio jamais aceitaria compor com o PT, partido do qual se desligou no ano passado.<\/p>\n<p>O problema \u00e9 que a base do governo em Itapetinga ficou esfacelada com o rompimento entre Al\u00e9cio e o prefeito Z\u00e9 Carlos, e posteriormente entre o prefeito e Sibele Nery (PT), o que deixou o PT de Rosemberg Pinto em m\u00e1 situa\u00e7\u00e3o.<\/p>\n<p>Com isto, Al\u00e9cio ganhou pontos, mas o PT ficou isolado no munic\u00edpio. O deputado petista certamente vai tentar recompor o seu grupo, for\u00e7ando uma aproxima\u00e7\u00e3o com Al\u00e9cio, mas o &#8216;alecistas&#8217; garantem que as portas est\u00e3o fechadas para ele e Sibele Nery, e que uma composi\u00e7\u00e3o com o PT seria o caminho para a derrota. Mas segundo informa\u00e7\u00f5es, a articula\u00e7\u00e3o dever\u00e1 passar pelo governador Rui Costa, Otto e deputados dos dois partidos (PT e PSD).<\/p>\n<p>A coordena\u00e7\u00e3o de campanha de Al\u00e9cio n\u00e3o se pronunciou.<\/p>\n<p><strong><em>Por Davi Ferraz<\/em><\/strong><\/p>\n<p><img decoding=\"async\" class=\"aligncenter\" src=\"http:\/\/www.sudoestehoje.com.br\/novoportal\/wp-content\/uploads\/2015\/05\/rezende-500x163-500x163.jpg\" alt=\"\" \/><\/p>\n","protected":false},"excerpt":{"rendered":"<p>Caiu como uma bomba nos meios pol\u00edticos, as especula\u00e7\u00f5es sobre uma prov\u00e1vel composi\u00e7\u00e3o entre o pr\u00e9-candidato Al\u00e9cio Chaves, do PSD, e a pr\u00e9 candidata do PT, Sibele Nery. Assim que foram divulgadas nos blogs essa possibilidade, fruto de uma pseudo articula\u00e7\u00e3o entre o deputado Rosemberg Pinto (PT) e o senador Otto Alencar (PSD), os partid\u00e1rios [&hellip;]<\/p>\n","protected":false},"author":2,"featured_media":0,"comment_status":"open","ping_status":"open","sticky":false,"template":"","format":"standard","meta":{"footnotes":"","_links_to":"","_links_to_target":""},"categories":[1],"tags":[],"class_list":["post-58319","post","type-post","status-publish","format-standard","hentry","category-geral"],"views":2286,"_links":{"self":[{"href":"https:\/\/www.sudoestehoje.com.br\/novoportal\/wp-json\/wp\/v2\/posts\/58319","targetHints":{"allow":["GET"]}}],"collection":[{"href":"https:\/\/www.sudoestehoje.com.br\/novoportal\/wp-json\/wp\/v2\/posts"}],"about":[{"href":"https:\/\/www.sudoestehoje.com.br\/novoportal\/wp-json\/wp\/v2\/types\/post"}],"author":[{"embeddable":true,"href":"https:\/\/www.sudoestehoje.com.br\/novoportal\/wp-json\/wp\/v2\/users\/2"}],"replies":[{"embeddable":true,"href":"https:\/\/www.sudoestehoje.com.br\/novoportal\/wp-json\/wp\/v2\/comments?post=58319"}],"version-history":[{"count":7,"href":"https:\/\/www.sudoestehoje.com.br\/novoportal\/wp-json\/wp\/v2\/posts\/58319\/revisions"}],"predecessor-version":[{"id":58328,"href":"https:\/\/www.sudoestehoje.com.br\/novoportal\/wp-json\/wp\/v2\/posts\/58319\/revisions\/58328"}],"wp:attachment":[{"href":"https:\/\/www.sudoestehoje.com.br\/novoportal\/wp-json\/wp\/v2\/media?parent=58319"}],"wp:term":[{"taxonomy":"category","embeddable":true,"href":"https:\/\/www.sudoestehoje.com.br\/novoportal\/wp-json\/wp\/v2\/categories?post=58319"},{"taxonomy":"post_tag","embeddable":true,"href":"https:\/\/www.sudoestehoje.com.br\/novoportal\/wp-json\/wp\/v2\/tags?post=58319"}],"curies":[{"name":"wp","href":"https:\/\/api.w.org\/{rel}","templated":true}]}}