
{"id":583,"date":"2010-07-11T16:48:31","date_gmt":"2010-07-11T19:48:31","guid":{"rendered":"http:\/\/sudoestehoje.tempsite.ws\/novoportal\/?p=583"},"modified":"2010-09-22T16:48:55","modified_gmt":"2010-09-22T19:48:55","slug":"paulo-souto-prestigiou-a-exposicao-de-barreiras","status":"publish","type":"post","link":"https:\/\/www.sudoestehoje.com.br\/novoportal\/2010\/07\/11\/paulo-souto-prestigiou-a-exposicao-de-barreiras\/","title":{"rendered":"PAULO SOUTO PRESTIGIOU A EXPOSI\u00c7\u00c3O DE BARREIRAS"},"content":{"rendered":"<div><img loading=\"lazy\" decoding=\"async\" src=\"http:\/\/www.bahianoticias.com.br\/fotos\/editor\/Image\/paulo_souto_viola_barreiras.jpg\" border=\"0\" alt=\"\" width=\"350\" height=\"243\" \/><\/div>\n<div><\/div>\n<p>Paulo  Souto, candidato do DEM ao Governo da Bahia, esteve na noite de s\u00e1bado  na cidade de Barreiras, onde acompanhou a realiza\u00e7\u00e3o da Expobarreiras,  feira agropecu\u00e1ria que neste fim de semana chega ao fim depois de duas  semanas de neg\u00f3cios, grande visita\u00e7\u00e3o e shows realizados durante todas  as noites. Ele estava acompanhado de uma comitiva que inclu\u00eda os  candidatos ao Senado Jos\u00e9 Carlos Aleluia e Jos\u00e9 Ronaldo, al\u00e9m de  lideran\u00e7as estaduais da Assembleia Legislativa e de prefeitos da regi\u00e3o.  O postulante ao Pal\u00e1cio de Ondina conheceu agricultores, os  realizadores da feira e tamb\u00e9m aproveitou para curtir um grupo de  modinhas de viola eu veio especialmente para se apresentar para o  democrata. Na feira, aproveitou para elogiar a estrutura do evento e  prometeu trabalhar para que a regi\u00e3o de Barreiras possa ter um maior  n\u00edvel de desenvolvimento, o que continuar\u00e1 a ser exposto nas pr\u00f3ximas  edi\u00e7\u00f5es da Expobarreiras.<\/p>\n","protected":false},"excerpt":{"rendered":"<p>Paulo Souto, candidato do DEM ao Governo da Bahia, esteve na noite de s\u00e1bado na cidade de Barreiras, onde acompanhou a realiza\u00e7\u00e3o da Expobarreiras, feira agropecu\u00e1ria que neste fim de semana chega ao fim depois de duas semanas de neg\u00f3cios, grande visita\u00e7\u00e3o e shows realizados durante todas as noites. Ele estava acompanhado de uma comitiva [&hellip;]<\/p>\n","protected":false},"author":1,"featured_media":0,"comment_status":"open","ping_status":"open","sticky":false,"template":"","format":"standard","meta":{"footnotes":"","_links_to":"","_links_to_target":""},"categories":[1],"tags":[],"class_list":["post-583","post","type-post","status-publish","format-standard","hentry","category-geral"],"views":1420,"_links":{"self":[{"href":"https:\/\/www.sudoestehoje.com.br\/novoportal\/wp-json\/wp\/v2\/posts\/583","targetHints":{"allow":["GET"]}}],"collection":[{"href":"https:\/\/www.sudoestehoje.com.br\/novoportal\/wp-json\/wp\/v2\/posts"}],"about":[{"href":"https:\/\/www.sudoestehoje.com.br\/novoportal\/wp-json\/wp\/v2\/types\/post"}],"author":[{"embeddable":true,"href":"https:\/\/www.sudoestehoje.com.br\/novoportal\/wp-json\/wp\/v2\/users\/1"}],"replies":[{"embeddable":true,"href":"https:\/\/www.sudoestehoje.com.br\/novoportal\/wp-json\/wp\/v2\/comments?post=583"}],"version-history":[{"count":1,"href":"https:\/\/www.sudoestehoje.com.br\/novoportal\/wp-json\/wp\/v2\/posts\/583\/revisions"}],"predecessor-version":[{"id":584,"href":"https:\/\/www.sudoestehoje.com.br\/novoportal\/wp-json\/wp\/v2\/posts\/583\/revisions\/584"}],"wp:attachment":[{"href":"https:\/\/www.sudoestehoje.com.br\/novoportal\/wp-json\/wp\/v2\/media?parent=583"}],"wp:term":[{"taxonomy":"category","embeddable":true,"href":"https:\/\/www.sudoestehoje.com.br\/novoportal\/wp-json\/wp\/v2\/categories?post=583"},{"taxonomy":"post_tag","embeddable":true,"href":"https:\/\/www.sudoestehoje.com.br\/novoportal\/wp-json\/wp\/v2\/tags?post=583"}],"curies":[{"name":"wp","href":"https:\/\/api.w.org\/{rel}","templated":true}]}}