
{"id":58279,"date":"2016-06-26T19:16:32","date_gmt":"2016-06-26T22:16:32","guid":{"rendered":"http:\/\/www.sudoestehoje.com.br\/novoportal\/?p=58279"},"modified":"2016-06-27T23:01:47","modified_gmt":"2016-06-28T02:01:47","slug":"ze-elias-sibele-esta-sendo-empurrada-para-uma-composicao-com-alecio","status":"publish","type":"post","link":"https:\/\/www.sudoestehoje.com.br\/novoportal\/2016\/06\/26\/ze-elias-sibele-esta-sendo-empurrada-para-uma-composicao-com-alecio\/","title":{"rendered":"Z\u00c9 ELIAS: &#8220;SIBELE EST\u00c1 SENDO EMPURRADA PARA UMA COMPOSI\u00c7\u00c3O COM AL\u00c9CIO&#8221;"},"content":{"rendered":"<p><a href=\"http:\/\/www.sudoestehoje.com.br\/novoportal\/wp-content\/uploads\/2016\/05\/jose-elias-1.jpg\" rel=\"attachment wp-att-57818\"><img loading=\"lazy\" decoding=\"async\" class=\"size-full wp-image-57818 alignleft\" src=\"http:\/\/www.sudoestehoje.com.br\/novoportal\/wp-content\/uploads\/2016\/05\/jose-elias-1.jpg\" alt=\"jose elias\" width=\"190\" height=\"193\" \/><\/a><\/p>\n<p>Quando o PT convidou Z\u00e9 Carlos para ser o candidato do partido na disputa eleitoral de 2008, estava colocando em pratica um projeto hegem\u00f4nico de poder e para alcan\u00e7ar a prefeitura de Itapetinga, n\u00e3o se importou com o fato de Z\u00e9 Carlos ter constru\u00eddo ao longo da vida la\u00e7os pol\u00edticos e afetivos com a fam\u00edlia Magalh\u00e3es. O PT naquela oportunidade usou Z\u00e9 Carlos de maneira pragm\u00e1tica para fins eleitoreiros.<\/p>\n<p>Z\u00e9 Carlos tamb\u00e9m foi pragm\u00e1tico ao aceitar o apoio do PT e ingressar na legenda, que naquele momento da vida nacional vivia o apogeu eleitoral na esfera federal e estadual. Registre-se que para os candidatos petistas n\u00e3o faltaram recursos para as campanhas eleitorais e de uma certa forma, Z\u00e9 Carlos que nunca foi petista de carteirinha, tamb\u00e9m usou o PT.\u00a0 Agora, quando finda oito anos de poder e Z\u00e9 Carlos precisa lan\u00e7ar um candidato para sua sucess\u00e3o, deixa de lado o pragmatismo \u00fatil do passado e se deixa levar pelo cora\u00e7\u00e3o.<\/p>\n<p>Ao descartar Sibele e Katia como pr\u00e9-candidatas e acenar por Tiquinho e L\u00e9o Matos, o prefeito n\u00e3o demonstra habilidade para conduzir o processo de sua sucess\u00e3o, sem causar traumas e animosidades entre aqueles que est\u00e3o sendo preteridos.<\/p>\n<p>No caso de Sibele que se descompatibilizou para trabalhar por sua candidatura com o apoio do PT municipal, cria-se uma situa\u00e7\u00e3o constrangedora, j\u00e1 que o PT estadual aprovou resolu\u00e7\u00e3o de lan\u00e7ar candidato pr\u00f3prio nas cidades em que o partido estivesse no poder.<\/p>\n<p>O prefeito precisa encontrar uma sa\u00edda honrosa para aqueles que est\u00e3o sendo preteridos ou vai esfacelar ainda mais o agrupamento que o levou ao poder.<\/p>\n<p>Al\u00e9cio j\u00e1 saiu e Sibele pode estar sendo empurrada para uma composi\u00e7\u00e3o com o vice-prefeito.<\/p>\n<p><strong><em>Por Jos\u00e9 Elias<\/em><\/strong><\/p>\n<p><img decoding=\"async\" class=\"aligncenter\" src=\"http:\/\/www.sudoestehoje.com.br\/novoportal\/wp-content\/uploads\/2014\/07\/Feira-do-Lar-1.png\" alt=\"Feira-do-Lar (1)\" \/><\/p>\n","protected":false},"excerpt":{"rendered":"<p>Quando o PT convidou Z\u00e9 Carlos para ser o candidato do partido na disputa eleitoral de 2008, estava colocando em pratica um projeto hegem\u00f4nico de poder e para alcan\u00e7ar a prefeitura de Itapetinga, n\u00e3o se importou com o fato de Z\u00e9 Carlos ter constru\u00eddo ao longo da vida la\u00e7os pol\u00edticos e afetivos com a fam\u00edlia [&hellip;]<\/p>\n","protected":false},"author":2,"featured_media":0,"comment_status":"open","ping_status":"open","sticky":false,"template":"","format":"standard","meta":{"footnotes":"","_links_to":"","_links_to_target":""},"categories":[1],"tags":[],"class_list":["post-58279","post","type-post","status-publish","format-standard","hentry","category-geral"],"views":1606,"_links":{"self":[{"href":"https:\/\/www.sudoestehoje.com.br\/novoportal\/wp-json\/wp\/v2\/posts\/58279","targetHints":{"allow":["GET"]}}],"collection":[{"href":"https:\/\/www.sudoestehoje.com.br\/novoportal\/wp-json\/wp\/v2\/posts"}],"about":[{"href":"https:\/\/www.sudoestehoje.com.br\/novoportal\/wp-json\/wp\/v2\/types\/post"}],"author":[{"embeddable":true,"href":"https:\/\/www.sudoestehoje.com.br\/novoportal\/wp-json\/wp\/v2\/users\/2"}],"replies":[{"embeddable":true,"href":"https:\/\/www.sudoestehoje.com.br\/novoportal\/wp-json\/wp\/v2\/comments?post=58279"}],"version-history":[{"count":2,"href":"https:\/\/www.sudoestehoje.com.br\/novoportal\/wp-json\/wp\/v2\/posts\/58279\/revisions"}],"predecessor-version":[{"id":58329,"href":"https:\/\/www.sudoestehoje.com.br\/novoportal\/wp-json\/wp\/v2\/posts\/58279\/revisions\/58329"}],"wp:attachment":[{"href":"https:\/\/www.sudoestehoje.com.br\/novoportal\/wp-json\/wp\/v2\/media?parent=58279"}],"wp:term":[{"taxonomy":"category","embeddable":true,"href":"https:\/\/www.sudoestehoje.com.br\/novoportal\/wp-json\/wp\/v2\/categories?post=58279"},{"taxonomy":"post_tag","embeddable":true,"href":"https:\/\/www.sudoestehoje.com.br\/novoportal\/wp-json\/wp\/v2\/tags?post=58279"}],"curies":[{"name":"wp","href":"https:\/\/api.w.org\/{rel}","templated":true}]}}