
{"id":58170,"date":"2016-06-16T22:11:38","date_gmt":"2016-06-17T01:11:38","guid":{"rendered":"http:\/\/www.sudoestehoje.com.br\/novoportal\/?p=58170"},"modified":"2016-06-17T17:11:32","modified_gmt":"2016-06-17T20:11:32","slug":"itapetinga-cdl-anuncia-atracoes-do-sao-joao-patrocinado-por-empresarios","status":"publish","type":"post","link":"https:\/\/www.sudoestehoje.com.br\/novoportal\/2016\/06\/16\/itapetinga-cdl-anuncia-atracoes-do-sao-joao-patrocinado-por-empresarios\/","title":{"rendered":"ITAPETINGA: CDL ANUNCIA ATRA\u00c7\u00d5ES DO S\u00c3O JO\u00c3O PATROCINADO POR EMPRES\u00c1RIOS"},"content":{"rendered":"<p><a href=\"http:\/\/www.sudoestehoje.com.br\/novoportal\/wp-content\/uploads\/2016\/06\/sao_joao_de_itapetinga.jpg\" rel=\"attachment wp-att-58171\"><img loading=\"lazy\" decoding=\"async\" class=\"aligncenter size-medium wp-image-58171\" src=\"http:\/\/www.sudoestehoje.com.br\/novoportal\/wp-content\/uploads\/2016\/06\/sao_joao_de_itapetinga-500x300.jpg\" alt=\"sao_joao_de_itapetinga\" width=\"500\" height=\"300\" \/><\/a><\/p>\n<p>Desde 2015, o S\u00e3o Jo\u00e3o de Itapetinga perdeu a tradi\u00e7\u00e3o de atrair um grande p\u00fablico dos outros munic\u00edpios baianos. A festa que vinha perigando em n\u00e3o mais acontecer, ganhou uma sobrevida com a ajuda de empres\u00e1rios locais.<\/p>\n<p>J\u00e1 na prorroga\u00e7\u00e3o, quando j\u00e1 era dada como certa o cancelamento das comemora\u00e7\u00f5es juninas na Capital da Pecu\u00e1ria, surgiu o an\u00fancio de que a C\u00e2mara de Dirigentes Lojistas (CDL) iriam investir no evento.<\/p>\n<p>As atra\u00e7\u00f5es foram divulgadas na manh\u00e3 desta quinta-feira (16) e t\u00eam a frente a cantora sertaneja <strong>Paula Fernandes<\/strong> e o forrozeiro Targino Gondim.<\/p>\n<p>Confira a programa\u00e7\u00e3o:<\/p>\n<p><strong>Quinta (23) \u2013 <\/strong>Ju\u00e1 da Bahia, Levanta Saia e Targino Gondim<br \/>\n<strong>Sexta (24) \u2013 Kaio Oliveira<\/strong> e <strong>Paula Fernandes<\/strong><br \/>\n<strong>S\u00e1bado (25) \u2013\u00a0<\/strong>Luiz Bento e Netinho do Forr\u00f3<\/p>\n<p>Bandas locais e regionais\u00a0completam a festa todos os dias.<\/p>\n","protected":false},"excerpt":{"rendered":"<p>Desde 2015, o S\u00e3o Jo\u00e3o de Itapetinga perdeu a tradi\u00e7\u00e3o de atrair um grande p\u00fablico dos outros munic\u00edpios baianos. A festa que vinha perigando em n\u00e3o mais acontecer, ganhou uma sobrevida com a ajuda de empres\u00e1rios locais. J\u00e1 na prorroga\u00e7\u00e3o, quando j\u00e1 era dada como certa o cancelamento das comemora\u00e7\u00f5es juninas na Capital da Pecu\u00e1ria, [&hellip;]<\/p>\n","protected":false},"author":2,"featured_media":0,"comment_status":"open","ping_status":"open","sticky":false,"template":"","format":"standard","meta":{"footnotes":"","_links_to":"","_links_to_target":""},"categories":[1],"tags":[],"class_list":["post-58170","post","type-post","status-publish","format-standard","hentry","category-geral"],"views":5136,"_links":{"self":[{"href":"https:\/\/www.sudoestehoje.com.br\/novoportal\/wp-json\/wp\/v2\/posts\/58170","targetHints":{"allow":["GET"]}}],"collection":[{"href":"https:\/\/www.sudoestehoje.com.br\/novoportal\/wp-json\/wp\/v2\/posts"}],"about":[{"href":"https:\/\/www.sudoestehoje.com.br\/novoportal\/wp-json\/wp\/v2\/types\/post"}],"author":[{"embeddable":true,"href":"https:\/\/www.sudoestehoje.com.br\/novoportal\/wp-json\/wp\/v2\/users\/2"}],"replies":[{"embeddable":true,"href":"https:\/\/www.sudoestehoje.com.br\/novoportal\/wp-json\/wp\/v2\/comments?post=58170"}],"version-history":[{"count":3,"href":"https:\/\/www.sudoestehoje.com.br\/novoportal\/wp-json\/wp\/v2\/posts\/58170\/revisions"}],"predecessor-version":[{"id":58184,"href":"https:\/\/www.sudoestehoje.com.br\/novoportal\/wp-json\/wp\/v2\/posts\/58170\/revisions\/58184"}],"wp:attachment":[{"href":"https:\/\/www.sudoestehoje.com.br\/novoportal\/wp-json\/wp\/v2\/media?parent=58170"}],"wp:term":[{"taxonomy":"category","embeddable":true,"href":"https:\/\/www.sudoestehoje.com.br\/novoportal\/wp-json\/wp\/v2\/categories?post=58170"},{"taxonomy":"post_tag","embeddable":true,"href":"https:\/\/www.sudoestehoje.com.br\/novoportal\/wp-json\/wp\/v2\/tags?post=58170"}],"curies":[{"name":"wp","href":"https:\/\/api.w.org\/{rel}","templated":true}]}}