
{"id":58149,"date":"2016-06-15T22:58:58","date_gmt":"2016-06-16T01:58:58","guid":{"rendered":"http:\/\/www.sudoestehoje.com.br\/novoportal\/?p=58149"},"modified":"2016-06-15T22:59:19","modified_gmt":"2016-06-16T01:59:19","slug":"itapetinga-show-de-paula-fernandes-e-confirmado-para-o-dia-24-na-lagoa","status":"publish","type":"post","link":"https:\/\/www.sudoestehoje.com.br\/novoportal\/2016\/06\/15\/itapetinga-show-de-paula-fernandes-e-confirmado-para-o-dia-24-na-lagoa\/","title":{"rendered":"ITAPETINGA: SHOW DE PAULA FERNANDES \u00c9 CONFIRMADO PARA O DIA 24 NA LAGOA"},"content":{"rendered":"<p><a href=\"http:\/\/www.sudoestehoje.com.br\/novoportal\/wp-content\/uploads\/2016\/06\/paula.jpg\" rel=\"attachment wp-att-58150\"><img loading=\"lazy\" decoding=\"async\" class=\"aligncenter size-medium wp-image-58150\" src=\"http:\/\/www.sudoestehoje.com.br\/novoportal\/wp-content\/uploads\/2016\/06\/paula-500x313.jpg\" alt=\"paula\" width=\"500\" height=\"313\" srcset=\"https:\/\/www.sudoestehoje.com.br\/novoportal\/wp-content\/uploads\/2016\/06\/paula-500x313.jpg 500w, https:\/\/www.sudoestehoje.com.br\/novoportal\/wp-content\/uploads\/2016\/06\/paula-700x438.jpg 700w, https:\/\/www.sudoestehoje.com.br\/novoportal\/wp-content\/uploads\/2016\/06\/paula.jpg 720w\" sizes=\"auto, (max-width: 500px) 100vw, 500px\" \/><\/a><\/p>\n<p>O S\u00e3o Jo\u00e3o de Itapetinga, que estava condenado a n\u00e3o acontecer, tomou f\u00f4lego e tem tudo para ser uma grande festa. Tudo gra\u00e7as \u00e0 mobiliza\u00e7\u00e3o da CDL e comerciantes de Itapetinga, que atrav\u00e9s de parcerias importantes viabilizaram a realiza\u00e7\u00e3o da festa.<\/p>\n<p>A principal atra\u00e7\u00e3o, a cantora sertaneja Paula Fernandes, j\u00e1 est\u00e1 confirmada e consta na agenda, no seu site oficial (foto).<\/p>\n<p>A apresenta\u00e7\u00e3o da cantora, prevista para o dia 24 de junho, dever\u00e1 atrair para Itapetinga uma enorme quantidade de visitantes de todo o Estado, movimentando a cidade e alavancando as vendas no com\u00e9rcio local.<\/p>\n<p>Aguarde a grade completa da festa.<\/p>\n<p><strong><em>Por Davi Ferraz\u00a0<\/em><\/strong><\/p>\n","protected":false},"excerpt":{"rendered":"<p>O S\u00e3o Jo\u00e3o de Itapetinga, que estava condenado a n\u00e3o acontecer, tomou f\u00f4lego e tem tudo para ser uma grande festa. Tudo gra\u00e7as \u00e0 mobiliza\u00e7\u00e3o da CDL e comerciantes de Itapetinga, que atrav\u00e9s de parcerias importantes viabilizaram a realiza\u00e7\u00e3o da festa. A principal atra\u00e7\u00e3o, a cantora sertaneja Paula Fernandes, j\u00e1 est\u00e1 confirmada e consta na [&hellip;]<\/p>\n","protected":false},"author":2,"featured_media":0,"comment_status":"open","ping_status":"open","sticky":false,"template":"","format":"standard","meta":{"footnotes":"","_links_to":"","_links_to_target":""},"categories":[1],"tags":[],"class_list":["post-58149","post","type-post","status-publish","format-standard","hentry","category-geral"],"views":3256,"_links":{"self":[{"href":"https:\/\/www.sudoestehoje.com.br\/novoportal\/wp-json\/wp\/v2\/posts\/58149","targetHints":{"allow":["GET"]}}],"collection":[{"href":"https:\/\/www.sudoestehoje.com.br\/novoportal\/wp-json\/wp\/v2\/posts"}],"about":[{"href":"https:\/\/www.sudoestehoje.com.br\/novoportal\/wp-json\/wp\/v2\/types\/post"}],"author":[{"embeddable":true,"href":"https:\/\/www.sudoestehoje.com.br\/novoportal\/wp-json\/wp\/v2\/users\/2"}],"replies":[{"embeddable":true,"href":"https:\/\/www.sudoestehoje.com.br\/novoportal\/wp-json\/wp\/v2\/comments?post=58149"}],"version-history":[{"count":3,"href":"https:\/\/www.sudoestehoje.com.br\/novoportal\/wp-json\/wp\/v2\/posts\/58149\/revisions"}],"predecessor-version":[{"id":58153,"href":"https:\/\/www.sudoestehoje.com.br\/novoportal\/wp-json\/wp\/v2\/posts\/58149\/revisions\/58153"}],"wp:attachment":[{"href":"https:\/\/www.sudoestehoje.com.br\/novoportal\/wp-json\/wp\/v2\/media?parent=58149"}],"wp:term":[{"taxonomy":"category","embeddable":true,"href":"https:\/\/www.sudoestehoje.com.br\/novoportal\/wp-json\/wp\/v2\/categories?post=58149"},{"taxonomy":"post_tag","embeddable":true,"href":"https:\/\/www.sudoestehoje.com.br\/novoportal\/wp-json\/wp\/v2\/tags?post=58149"}],"curies":[{"name":"wp","href":"https:\/\/api.w.org\/{rel}","templated":true}]}}