
{"id":58139,"date":"2016-06-14T22:44:13","date_gmt":"2016-06-15T01:44:13","guid":{"rendered":"http:\/\/www.sudoestehoje.com.br\/novoportal\/?p=58139"},"modified":"2016-06-14T22:44:13","modified_gmt":"2016-06-15T01:44:13","slug":"para-tentar-recuperar-cargo-dunga-contrata-militancia-do-pt","status":"publish","type":"post","link":"https:\/\/www.sudoestehoje.com.br\/novoportal\/2016\/06\/14\/para-tentar-recuperar-cargo-dunga-contrata-militancia-do-pt\/","title":{"rendered":"PARA TENTAR RECUPERAR CARGO, DUNGA CONTRATA MILIT\u00c2NCIA DO PT"},"content":{"rendered":"<p><a href=\"http:\/\/www.sudoestehoje.com.br\/novoportal\/wp-content\/uploads\/2016\/06\/DUNGA-FICA-660x330.jpg\" rel=\"attachment wp-att-58140\"><img loading=\"lazy\" decoding=\"async\" class=\"aligncenter size-medium wp-image-58140\" src=\"http:\/\/www.sudoestehoje.com.br\/novoportal\/wp-content\/uploads\/2016\/06\/DUNGA-FICA-660x330-500x250.jpg\" alt=\"DUNGA-FICA-660x330\" width=\"500\" height=\"250\" srcset=\"https:\/\/www.sudoestehoje.com.br\/novoportal\/wp-content\/uploads\/2016\/06\/DUNGA-FICA-660x330-500x250.jpg 500w, https:\/\/www.sudoestehoje.com.br\/novoportal\/wp-content\/uploads\/2016\/06\/DUNGA-FICA-660x330.jpg 660w\" sizes=\"auto, (max-width: 500px) 100vw, 500px\" \/><\/a><\/p>\n<p>Rec\u00e9m-demitido do cargo de treinador da sele\u00e7\u00e3o brasileira de futebol, Dunga est\u00e1 inconformado.\u00a0Em entrevista coletiva logo ap\u00f3s a demiss\u00e3o, o treinador atirou para todos os lados, prometeu que n\u00e3o vai se entregar e que vai continuar lutando pelo cargo que lhe \u00e9 de direito:<\/p>\n<p>\u2014 Sofro a mais devastadora injusti\u00e7a. N\u00e3o paira sobre mim nenhuma suspeita de crime. N\u00e3o tenho contas no exterior. Tenho sido alvo de intensa e incessante sabotagem. O objetivo evidente tem sido me impedir de escalar tr\u00eas volantes de conten\u00e7\u00e3o. Essa demiss\u00e3o \u00e9 golpe!<\/p>\n<p>A partir da pr\u00f3xima semana, Dunga promete comandar manifesta\u00e7\u00f5es por todo o pa\u00eds. Questionado sobre como pretende conseguir apoio apesar de sua alt\u00edssima rejei\u00e7\u00e3o, o agora ex-treinador brasileiro afirma que j\u00e1 tem a solu\u00e7\u00e3o:<\/p>\n<p>\u2014 Encomendei 50 kg de mortadela e entrei em contato com dois diret\u00f3rios regionais do PT e com a CUT. O m\u00ednimo que eu espero \u00e9 fechar a Paulista. <em>Esc\u00e2ndalo Hoje<\/em><\/p>\n","protected":false},"excerpt":{"rendered":"<p>Rec\u00e9m-demitido do cargo de treinador da sele\u00e7\u00e3o brasileira de futebol, Dunga est\u00e1 inconformado.\u00a0Em entrevista coletiva logo ap\u00f3s a demiss\u00e3o, o treinador atirou para todos os lados, prometeu que n\u00e3o vai se entregar e que vai continuar lutando pelo cargo que lhe \u00e9 de direito: \u2014 Sofro a mais devastadora injusti\u00e7a. N\u00e3o paira sobre mim nenhuma [&hellip;]<\/p>\n","protected":false},"author":2,"featured_media":0,"comment_status":"open","ping_status":"open","sticky":false,"template":"","format":"standard","meta":{"footnotes":"","_links_to":"","_links_to_target":""},"categories":[1],"tags":[],"class_list":["post-58139","post","type-post","status-publish","format-standard","hentry","category-geral"],"views":1713,"_links":{"self":[{"href":"https:\/\/www.sudoestehoje.com.br\/novoportal\/wp-json\/wp\/v2\/posts\/58139","targetHints":{"allow":["GET"]}}],"collection":[{"href":"https:\/\/www.sudoestehoje.com.br\/novoportal\/wp-json\/wp\/v2\/posts"}],"about":[{"href":"https:\/\/www.sudoestehoje.com.br\/novoportal\/wp-json\/wp\/v2\/types\/post"}],"author":[{"embeddable":true,"href":"https:\/\/www.sudoestehoje.com.br\/novoportal\/wp-json\/wp\/v2\/users\/2"}],"replies":[{"embeddable":true,"href":"https:\/\/www.sudoestehoje.com.br\/novoportal\/wp-json\/wp\/v2\/comments?post=58139"}],"version-history":[{"count":2,"href":"https:\/\/www.sudoestehoje.com.br\/novoportal\/wp-json\/wp\/v2\/posts\/58139\/revisions"}],"predecessor-version":[{"id":58142,"href":"https:\/\/www.sudoestehoje.com.br\/novoportal\/wp-json\/wp\/v2\/posts\/58139\/revisions\/58142"}],"wp:attachment":[{"href":"https:\/\/www.sudoestehoje.com.br\/novoportal\/wp-json\/wp\/v2\/media?parent=58139"}],"wp:term":[{"taxonomy":"category","embeddable":true,"href":"https:\/\/www.sudoestehoje.com.br\/novoportal\/wp-json\/wp\/v2\/categories?post=58139"},{"taxonomy":"post_tag","embeddable":true,"href":"https:\/\/www.sudoestehoje.com.br\/novoportal\/wp-json\/wp\/v2\/tags?post=58139"}],"curies":[{"name":"wp","href":"https:\/\/api.w.org\/{rel}","templated":true}]}}