
{"id":58132,"date":"2016-06-14T21:02:59","date_gmt":"2016-06-15T00:02:59","guid":{"rendered":"http:\/\/www.sudoestehoje.com.br\/novoportal\/?p=58132"},"modified":"2016-06-14T21:02:59","modified_gmt":"2016-06-15T00:02:59","slug":"urgente-sindilimp-decreta-paralisacao-na-coleta-de-lixo-a-partir-de-hoje","status":"publish","type":"post","link":"https:\/\/www.sudoestehoje.com.br\/novoportal\/2016\/06\/14\/urgente-sindilimp-decreta-paralisacao-na-coleta-de-lixo-a-partir-de-hoje\/","title":{"rendered":"URGENTE! SINDILIMP DECRETA PARALISA\u00c7\u00c3O NA COLETA DE LIXO A PARTIR DE HOJE"},"content":{"rendered":"<p><a href=\"http:\/\/www.sudoestehoje.com.br\/novoportal\/wp-content\/uploads\/2016\/06\/VITA-1.jpg\" rel=\"attachment wp-att-58133\"><img loading=\"lazy\" decoding=\"async\" class=\"aligncenter size-medium wp-image-58133\" src=\"http:\/\/www.sudoestehoje.com.br\/novoportal\/wp-content\/uploads\/2016\/06\/VITA-1-500x281.jpg\" alt=\"VITA 1\" width=\"500\" height=\"281\" srcset=\"https:\/\/www.sudoestehoje.com.br\/novoportal\/wp-content\/uploads\/2016\/06\/VITA-1-500x281.jpg 500w, https:\/\/www.sudoestehoje.com.br\/novoportal\/wp-content\/uploads\/2016\/06\/VITA-1-768x432.jpg 768w, https:\/\/www.sudoestehoje.com.br\/novoportal\/wp-content\/uploads\/2016\/06\/VITA-1-700x394.jpg 700w, https:\/\/www.sudoestehoje.com.br\/novoportal\/wp-content\/uploads\/2016\/06\/VITA-1.jpg 960w\" sizes=\"auto, (max-width: 500px) 100vw, 500px\" \/><\/a><\/p>\n<p>ITAPETINGA &#8211; O Sindicato dos Trabalhadores da Limpeza da Bahia, SINDILIMP, determinou, no in\u00edcio da noite desta ter\u00e7a, a paralisa\u00e7\u00e3o dos empregados da empresa Vita Ambiental, que faz a coleta de lixo em Itapetinga.<\/p>\n<p>Os empregados da Vita estavam se preparando para iniciar a coleta, quando os representantes do sindicato ligado \u00e0 CUT chegaram \u00e0 garagem da empresa e realizaram uma assembl\u00e9ia geral, que aprovou a imediata paralisa\u00e7\u00e3o.<\/p>\n<p><a href=\"http:\/\/www.sudoestehoje.com.br\/novoportal\/wp-content\/uploads\/2016\/06\/VITA-2.jpg\" rel=\"attachment wp-att-58134\"><img loading=\"lazy\" decoding=\"async\" class=\"aligncenter size-medium wp-image-58134\" src=\"http:\/\/www.sudoestehoje.com.br\/novoportal\/wp-content\/uploads\/2016\/06\/VITA-2-500x281.jpg\" alt=\"VITA 2\" width=\"500\" height=\"281\" srcset=\"https:\/\/www.sudoestehoje.com.br\/novoportal\/wp-content\/uploads\/2016\/06\/VITA-2-500x281.jpg 500w, https:\/\/www.sudoestehoje.com.br\/novoportal\/wp-content\/uploads\/2016\/06\/VITA-2-768x432.jpg 768w, https:\/\/www.sudoestehoje.com.br\/novoportal\/wp-content\/uploads\/2016\/06\/VITA-2-700x394.jpg 700w, https:\/\/www.sudoestehoje.com.br\/novoportal\/wp-content\/uploads\/2016\/06\/VITA-2.jpg 960w\" sizes=\"auto, (max-width: 500px) 100vw, 500px\" \/><\/a><\/p>\n<p>O que motivou a decis\u00e3o foi o n\u00e3o pagamento dos sal\u00e1rios de maio dos funcion\u00e1rios da empresa, que est\u00e1 em dificuldade devido ao atraso de 5 parcelas do contrato de terceiriza\u00e7\u00e3o, por parte da prefeitura.<\/p>\n<p>O gerente da empresa em Itapetinga, Anderson, vai tentar um acordo com a dire\u00e7\u00e3o do Sindilimp em Itabuna, nesta quarta-feira, para reverter a decis\u00e3o dos trabalhadores e normalizar a coleta.<\/p>\n<p>Enquanto isto, a sujeira vai tomar conta da cidade, por absoluta culpa do prefeito e sua atrapalhada equipe.<\/p>\n<p><strong><em>Por Davi Ferraz<\/em><\/strong><\/p>\n","protected":false},"excerpt":{"rendered":"<p>ITAPETINGA &#8211; O Sindicato dos Trabalhadores da Limpeza da Bahia, SINDILIMP, determinou, no in\u00edcio da noite desta ter\u00e7a, a paralisa\u00e7\u00e3o dos empregados da empresa Vita Ambiental, que faz a coleta de lixo em Itapetinga. Os empregados da Vita estavam se preparando para iniciar a coleta, quando os representantes do sindicato ligado \u00e0 CUT chegaram \u00e0 [&hellip;]<\/p>\n","protected":false},"author":2,"featured_media":0,"comment_status":"open","ping_status":"open","sticky":false,"template":"","format":"standard","meta":{"footnotes":"","_links_to":"","_links_to_target":""},"categories":[1],"tags":[],"class_list":["post-58132","post","type-post","status-publish","format-standard","hentry","category-geral"],"views":2016,"_links":{"self":[{"href":"https:\/\/www.sudoestehoje.com.br\/novoportal\/wp-json\/wp\/v2\/posts\/58132","targetHints":{"allow":["GET"]}}],"collection":[{"href":"https:\/\/www.sudoestehoje.com.br\/novoportal\/wp-json\/wp\/v2\/posts"}],"about":[{"href":"https:\/\/www.sudoestehoje.com.br\/novoportal\/wp-json\/wp\/v2\/types\/post"}],"author":[{"embeddable":true,"href":"https:\/\/www.sudoestehoje.com.br\/novoportal\/wp-json\/wp\/v2\/users\/2"}],"replies":[{"embeddable":true,"href":"https:\/\/www.sudoestehoje.com.br\/novoportal\/wp-json\/wp\/v2\/comments?post=58132"}],"version-history":[{"count":1,"href":"https:\/\/www.sudoestehoje.com.br\/novoportal\/wp-json\/wp\/v2\/posts\/58132\/revisions"}],"predecessor-version":[{"id":58135,"href":"https:\/\/www.sudoestehoje.com.br\/novoportal\/wp-json\/wp\/v2\/posts\/58132\/revisions\/58135"}],"wp:attachment":[{"href":"https:\/\/www.sudoestehoje.com.br\/novoportal\/wp-json\/wp\/v2\/media?parent=58132"}],"wp:term":[{"taxonomy":"category","embeddable":true,"href":"https:\/\/www.sudoestehoje.com.br\/novoportal\/wp-json\/wp\/v2\/categories?post=58132"},{"taxonomy":"post_tag","embeddable":true,"href":"https:\/\/www.sudoestehoje.com.br\/novoportal\/wp-json\/wp\/v2\/tags?post=58132"}],"curies":[{"name":"wp","href":"https:\/\/api.w.org\/{rel}","templated":true}]}}