
{"id":58128,"date":"2016-06-14T20:15:26","date_gmt":"2016-06-14T23:15:26","guid":{"rendered":"http:\/\/www.sudoestehoje.com.br\/novoportal\/?p=58128"},"modified":"2016-06-14T20:15:26","modified_gmt":"2016-06-14T23:15:26","slug":"itapetinga-paula-fernandes-pode-ser-a-grande-atracao-do-sao-joao-da-lagoa","status":"publish","type":"post","link":"https:\/\/www.sudoestehoje.com.br\/novoportal\/2016\/06\/14\/itapetinga-paula-fernandes-pode-ser-a-grande-atracao-do-sao-joao-da-lagoa\/","title":{"rendered":"ITAPETINGA: PAULA FERNANDES PODE SER A GRANDE ATRA\u00c7\u00c3O DO S\u00c3O JO\u00c3O DA LAGOA"},"content":{"rendered":"<p><a href=\"http:\/\/www.sudoestehoje.com.br\/novoportal\/wp-content\/uploads\/2016\/06\/paula-fernandes.jpg\" rel=\"attachment wp-att-58129\"><img loading=\"lazy\" decoding=\"async\" class=\"aligncenter size-medium wp-image-58129\" src=\"http:\/\/www.sudoestehoje.com.br\/novoportal\/wp-content\/uploads\/2016\/06\/paula-fernandes-500x333.jpg\" alt=\"paula fernandes\" width=\"500\" height=\"333\" srcset=\"https:\/\/www.sudoestehoje.com.br\/novoportal\/wp-content\/uploads\/2016\/06\/paula-fernandes-500x333.jpg 500w, https:\/\/www.sudoestehoje.com.br\/novoportal\/wp-content\/uploads\/2016\/06\/paula-fernandes.jpg 768w, https:\/\/www.sudoestehoje.com.br\/novoportal\/wp-content\/uploads\/2016\/06\/paula-fernandes-700x467.jpg 700w\" sizes=\"auto, (max-width: 500px) 100vw, 500px\" \/><\/a><\/p>\n<p>Com a prefeitura quebrada e endividada, a CDL de Itapetinga se mobilizou e pode realizar uma grande festa de S\u00e3o Jo\u00e3o, com atra\u00e7\u00f5es de peso.<\/p>\n<p>Segundo informa\u00e7\u00f5es que circulam nos blogs e redes sociais, a consagrada cantora Paula Fernandes j\u00e1 estaria confirmada, al\u00e9m de outras atra\u00e7\u00f5es de bom n\u00edvel, como Targino Gondim e forrozeiros da regi\u00e3o.<\/p>\n<p>Um conhecido l\u00edder pol\u00edtico\u00b4de Itapetinga entrou em campo e dever\u00e1 conseguir o patroc\u00ednio da Itaipava para bancar a festa. Viajou hoje para S\u00e3o Paulo e pode viabilizar R$ 300 mil para contratar a cantora.<\/p>\n<p>A prefeitura deve entrar com o apoio log\u00edstico e os &#8216;enfeites&#8217; do espa\u00e7o no Parque da Lagoa.\u00a0O an\u00fancio oficial acontece nesta quarta-feira (15).<\/p>\n<p><strong><em>Por Davi Ferraz<\/em><\/strong><\/p>\n","protected":false},"excerpt":{"rendered":"<p>Com a prefeitura quebrada e endividada, a CDL de Itapetinga se mobilizou e pode realizar uma grande festa de S\u00e3o Jo\u00e3o, com atra\u00e7\u00f5es de peso. Segundo informa\u00e7\u00f5es que circulam nos blogs e redes sociais, a consagrada cantora Paula Fernandes j\u00e1 estaria confirmada, al\u00e9m de outras atra\u00e7\u00f5es de bom n\u00edvel, como Targino Gondim e forrozeiros da [&hellip;]<\/p>\n","protected":false},"author":2,"featured_media":0,"comment_status":"open","ping_status":"open","sticky":false,"template":"","format":"standard","meta":{"footnotes":"","_links_to":"","_links_to_target":""},"categories":[1],"tags":[],"class_list":["post-58128","post","type-post","status-publish","format-standard","hentry","category-geral"],"views":5222,"_links":{"self":[{"href":"https:\/\/www.sudoestehoje.com.br\/novoportal\/wp-json\/wp\/v2\/posts\/58128","targetHints":{"allow":["GET"]}}],"collection":[{"href":"https:\/\/www.sudoestehoje.com.br\/novoportal\/wp-json\/wp\/v2\/posts"}],"about":[{"href":"https:\/\/www.sudoestehoje.com.br\/novoportal\/wp-json\/wp\/v2\/types\/post"}],"author":[{"embeddable":true,"href":"https:\/\/www.sudoestehoje.com.br\/novoportal\/wp-json\/wp\/v2\/users\/2"}],"replies":[{"embeddable":true,"href":"https:\/\/www.sudoestehoje.com.br\/novoportal\/wp-json\/wp\/v2\/comments?post=58128"}],"version-history":[{"count":2,"href":"https:\/\/www.sudoestehoje.com.br\/novoportal\/wp-json\/wp\/v2\/posts\/58128\/revisions"}],"predecessor-version":[{"id":58131,"href":"https:\/\/www.sudoestehoje.com.br\/novoportal\/wp-json\/wp\/v2\/posts\/58128\/revisions\/58131"}],"wp:attachment":[{"href":"https:\/\/www.sudoestehoje.com.br\/novoportal\/wp-json\/wp\/v2\/media?parent=58128"}],"wp:term":[{"taxonomy":"category","embeddable":true,"href":"https:\/\/www.sudoestehoje.com.br\/novoportal\/wp-json\/wp\/v2\/categories?post=58128"},{"taxonomy":"post_tag","embeddable":true,"href":"https:\/\/www.sudoestehoje.com.br\/novoportal\/wp-json\/wp\/v2\/tags?post=58128"}],"curies":[{"name":"wp","href":"https:\/\/api.w.org\/{rel}","templated":true}]}}